{"id":3565,"date":"2022-05-28T16:50:12","date_gmt":"2022-05-28T21:50:12","guid":{"rendered":"http:\/\/contextoanalisisperiodistico.com.mx\/2022\/05\/28\/desperto-rio-jalapilla-el-voto-para-salomon-jarapri-nos-mantuvo-olvidados-y-cada-vez-mas-pobres\/"},"modified":"2022-05-28T16:50:12","modified_gmt":"2022-05-28T21:50:12","slug":"desperto-rio-jalapilla-el-voto-para-salomon-jarapri-nos-mantuvo-olvidados-y-cada-vez-mas-pobres","status":"publish","type":"post","link":"https:\/\/contextoanalisisperiodistico.com\/index.php\/2022\/05\/28\/desperto-rio-jalapilla-el-voto-para-salomon-jarapri-nos-mantuvo-olvidados-y-cada-vez-mas-pobres\/","title":{"rendered":"Despert\u00f3 R\u00edo Jalapilla: \u201cel voto, para Salom\u00f3n Jara;PRI nos mantuvo olvidados y cada vez m\u00e1s pobres\u201d"},"content":{"rendered":"<div id=\"fb-root\"><\/div>\n\n<p>(<em>) De fiesta electoral y color guinda se visti\u00f3 la comunidad m\u00e1s poblada perteneciente a Cuatro Venados <\/em><\/p>\n\n\n\n<p><em>(<\/em>) Categ\u00f3ricos, sin titubear, anunciaron: \u201ceste 5 de junio vamos con Salom\u00f3n Jara para gobernador\u201d<\/p>\n\n\n\n<p><br \/>(<em>) La Primavera Oaxaque\u00f1a ha llegado con nuestro Candidato al gobierno de Oaxaca, destac\u00f3 la autoridad municipal, representada por Tom\u00e1s L\u00f3pez L\u00f3pez<\/em><\/p>\n\n\n\n<p><em> (<\/em>) Con organizaci\u00f3n y calidez humana, esta humilde y trabajadora poblaci\u00f3n recibi\u00f3, con brazos abiertos, a la diputada Nancy Ben\u00edtez<\/p>\n\n\n\n<p><br \/>Esteban M\u00c9NDEZ<\/p>\n\n\n\n<p><br>Habitantes de Rio Jalapilla, la comunidad de mayor poblaci\u00f3n de la cabecera municipal, San Pablo Cuatro Venados, enclavada entre un macizo monta\u00f1oso, ya decidi\u00f3 su presente en las urnas y, en consecuencia, su futuro pol\u00edtico con Salom\u00f3n Jara, como gobernador de Oaxaca.<br>Comunidad de mujeres y hombres trabajadores, agradecidos y leales con los pol\u00edticos y legisladores que cumplen con la obligaci\u00f3n de tender la mano a quienes m\u00e1s lo necesitan para alcanzar mejores condiciones de existencia, encabezados por la autoridad del lugar, el ciudadano Tom\u00e1s L\u00f3pez L\u00f3pez, no solo se declararon a favor de Salom\u00f3n Jara:<br>Con m\u00fasica, dianas, porras y flores, en plan de amistad y hermandad, recibieron con brazos abiertos, como lo merece a Nancy Ben\u00edtez, una legisladora siempre al pendiente de los que menos tienen desde la tribuna del Congreso local. La representante popular reforz\u00f3 su presencia acompa\u00f1ada de personajes comprometidos con el bienestar de la regi\u00f3n: Argeo Aquino Santiago y Roberto P\u00e9rez, quienes de manera positiva respondieron a la tambi\u00e9n invitaci\u00f3n de trabajo del docente, de la escuela de la comunidad, Abraham Morales.<br>En esta ocasi\u00f3n, por tratarse de una ceremonia de trabajo de suma importancia, anfitriones y visitantes se reunieron en la cancha principal, desde donde la autoridad municipal, Tom\u00e1s L\u00f3pez L\u00f3pez anunci\u00f3: \u201cnuestros votos se sumar\u00e1n a los de la toda la entidad para llevar al ingeniero Salom\u00f3n Jara a encabezar el mejor gobierno de todos los tiempos en Oaxaca\u201d.<br>El anunci\u00f3 electoral desat\u00f3 lo que ya se esperaba, m\u00fasica, porras y dianas para el Candidato de Morena al gobierno de Oaxaca.<br>Emocionado por la respuesta de los suyos y la presencia de visitantes estimados por la comunidad, L\u00f3pez L\u00f3pez explic\u00f3:<br>\u201cNuestro pueblo decidi\u00f3 cambiar lo viejo por lo nuevo; siempre hab\u00edamos votado por el anquilosado PRI; sin embargo, no vali\u00f3 la pena sufragar por esos bandidos que nos mantienen en el olvido y cada d\u00eda m\u00e1s pobres. Ya despertamos los habitantes de R\u00edo Jalapilla, por lo que anunciamos, este 5 de junio, el voto para ser\u00e1 para nuestro candidato Salom\u00f3n Jara\u201d, asegur\u00f3.<br>Despu\u00e9s de la ovaci\u00f3n de los asistentes e invitados y las dianas musicales, L\u00f3pez L\u00f3pez, con signo de tristeza, record\u00f3 los casos de familias desintegradas por la emigraci\u00f3n. Ante la falta de oportunidades de empleo en nuestro pueblo, a\u00f1adi\u00f3, adultos y j\u00f3venes se han marchado en pos del sue\u00f1o americano; algunos han logrado algo a trav\u00e9s del sacrificio, otros m\u00e1s se quedaron en la orilla de la ilusi\u00f3n, despertando en una pesadilla que jam\u00e1s podr\u00e1n olvidar, subray\u00f3.<br>Por lo anterior, L\u00f3pez L\u00f3pez resumi\u00f3:<br>\u201cOfreciendo nuestro voto vamos por un mejor gobierno que ahora s\u00ed, ayude al pobre. Como lo viene haciendo el presidente de M\u00e9xico Andr\u00e9s Manuel L\u00f3pez Obrador. Esta vez no podemos equivocarnos, por tal raz\u00f3n vamos seguros con el ingeniero Salom\u00f3n Jara, lo queremos como gobernador porque es ind\u00edgena como nosotros y conocedor de la problem\u00e1tica pol\u00edtica, social y econ\u00f3mica de los oaxaque\u00f1os\u201d.<br>Por lo que convoc\u00f3:<br>\u201cEste 5 de junio haremos ganar en las urnas a nuestro hermano Salom\u00f3n Jara para empezar a barrer Oaxaca de tanta basura, de tanta desgracia y dolor, desempleo e inseguridad. Limpiemos la casa hasta hoy sucia de los aut\u00e9nticos oaxaque\u00f1os\u201d, concluy\u00f3.<\/p>\n\n\n\n<figure class=\"wp-block-image size-large\"><img decoding=\"async\" src=\"https:\/\/contextoinformacionyanalisisperiodistico.files.wordpress.com\/2022\/05\/img-20220528-wa0072.jpg?w=1024\" alt=\"\" class=\"wp-image-3563\" \/><\/figure>\n\n\n\n<figure class=\"wp-block-image\"><img decoding=\"async\" src=\"https:\/\/contextoinformacionyanalisisperiodistico.files.wordpress.com\/2022\/05\/img-20220528-wa0074.jpg\" alt=\"\" class=\"wp-image-3564\" \/><\/figure>\n","protected":false},"excerpt":{"rendered":"<p>() De fiesta electoral y color guinda se visti\u00f3 la comunidad m\u00e1s poblada perteneciente a&#8230;<\/p>\n","protected":false},"author":2,"featured_media":0,"comment_status":"open","ping_status":"open","sticky":false,"template":"","format":"standard","meta":{"footnotes":""},"categories":[9],"tags":[],"jetpack_sharing_enabled":true,"featured_image_urls":{"full":"","thumbnail":"","medium":"","medium_large":"","large":"","1536x1536":"","2048x2048":"","covernews-slider-full":"","covernews-slider-center":"","covernews-featured":"","covernews-medium":"","covernews-medium-square":""},"author_info":{"display_name":"Miguel","author_link":"https:\/\/contextoanalisisperiodistico.com\/index.php\/author\/editor\/"},"category_info":"<a href=\"https:\/\/contextoanalisisperiodistico.com\/index.php\/category\/politica\/\" rel=\"category tag\">Pol\u00edtica<\/a>","tag_info":"Pol\u00edtica","comment_count":"0","jetpack_featured_media_url":"","_links":{"self":[{"href":"https:\/\/contextoanalisisperiodistico.com\/index.php\/wp-json\/wp\/v2\/posts\/3565"}],"collection":[{"href":"https:\/\/contextoanalisisperiodistico.com\/index.php\/wp-json\/wp\/v2\/posts"}],"about":[{"href":"https:\/\/contextoanalisisperiodistico.com\/index.php\/wp-json\/wp\/v2\/types\/post"}],"author":[{"embeddable":true,"href":"https:\/\/contextoanalisisperiodistico.com\/index.php\/wp-json\/wp\/v2\/users\/2"}],"replies":[{"embeddable":true,"href":"https:\/\/contextoanalisisperiodistico.com\/index.php\/wp-json\/wp\/v2\/comments?post=3565"}],"version-history":[{"count":0,"href":"https:\/\/contextoanalisisperiodistico.com\/index.php\/wp-json\/wp\/v2\/posts\/3565\/revisions"}],"wp:attachment":[{"href":"https:\/\/contextoanalisisperiodistico.com\/index.php\/wp-json\/wp\/v2\/media?parent=3565"}],"wp:term":[{"taxonomy":"category","embeddable":true,"href":"https:\/\/contextoanalisisperiodistico.com\/index.php\/wp-json\/wp\/v2\/categories?post=3565"},{"taxonomy":"post_tag","embeddable":true,"href":"https:\/\/contextoanalisisperiodistico.com\/index.php\/wp-json\/wp\/v2\/tags?post=3565"}],"curies":[{"name":"wp","href":"https:\/\/api.w.org\/{rel}","templated":true}]}}