{"id":35426,"date":"2025-01-02T13:42:17","date_gmt":"2025-01-02T19:42:17","guid":{"rendered":"https:\/\/contextoanalisisperiodistico.com\/index.php\/2025\/01\/02\/diputada-propone-integrar-a-la-carta-magna-de-oaxaca-programas-sociales-vigentes-del-gobierno-del-estado\/"},"modified":"2025-01-02T13:42:17","modified_gmt":"2025-01-02T19:42:17","slug":"diputada-propone-integrar-a-la-carta-magna-de-oaxaca-programas-sociales-vigentes-del-gobierno-del-estado","status":"publish","type":"post","link":"https:\/\/contextoanalisisperiodistico.com\/index.php\/2025\/01\/02\/diputada-propone-integrar-a-la-carta-magna-de-oaxaca-programas-sociales-vigentes-del-gobierno-del-estado\/","title":{"rendered":"Diputada propone integrar a la Carta Magna de Oaxaca programas sociales vigentes del Gobierno del Estado"},"content":{"rendered":"<div id=\"fb-root\"><\/div>\n\n<h1 class=\"wp-block-heading entry-title\"><\/h1>\n\n\n\n<figure class=\"wp-block-image\"><img decoding=\"async\" src=\"https:\/\/congresooaxacacomunicacionsocial.info\/wp-content\/uploads\/2025\/01\/WhatsApp-Image-2025-01-02-at-11.02.24-1024x682.jpeg\" alt=\"\"\/><\/figure>\n\n\n\n<ul class=\"wp-block-list\">\n<li>El objetivo es combatir las desigualdades en sectores sociales hist\u00f3ricamente marginados<\/li>\n<\/ul>\n\n\n\n<p><em>San Raymundo Jalpan, Oax., a 02 de enero de 2025.-<\/em>&nbsp;Con el prop\u00f3sito de garantizar los derechos fundamentales en los grupos de atenci\u00f3n prioritaria, el diputado Juan Marcelino S\u00e1nchez Valdivieso, present\u00f3 a la LXVI Legislatura local una iniciativa de ley, mediante la cual, propone que los Programas Sociales vigentes del Gobierno Estatal enfocados a las juventudes y mujeres jefas de familia sean integrados a la Carta Magna de Oaxaca.<\/p>\n\n\n\n<p>Por ello, este proyecto dar\u00e1 continuidad a una pol\u00edtica de Estado basada en el bienestar, equidad, en la inclusi\u00f3n social, la reducci\u00f3n de las desigualdades, el acceso equitativo a las oportunidades de desarrollo de los sectores m\u00e1s desprotegidos y transitar hacia una sociedad con plena vigencia de derechos para todas y todos.<\/p>\n\n\n\n<p>Lo anterior cobra mayor relevancia, pues se tiene como antecedente, que el Congreso de la Uni\u00f3n aprob\u00f3 en a\u00f1os anteriores la reforma al art\u00edculo 4 de la Constituci\u00f3n Pol\u00edtica de los Estados Unidos Mexicanos, lo que propici\u00f3 que los Programas Sociales son elevados al rango Constitucional.<\/p>\n\n\n\n<p>\u201cEl Estado se suma al compromiso de fortalecer los derechos sociales de la poblaci\u00f3n y garantizar el acceso a las juventudes al mercado laboral en condiciones dignas y justas; a las mujeres jefas de familia, dotarlas de herramientas necesarias para superar las barreras econ\u00f3micas, educativas y sociales\u201d, refiere el documento que contiene la propuesta.<\/p>\n\n\n\n<p>En este sentido, la proposici\u00f3n est\u00e1 alineada a la Agenda 2030 suscrita por el Estado mexicano en el 2015, as\u00ed como, a los Objetivos del Desarrollo Sostenible en materia de Reducci\u00f3n de la Pobreza; Igualdad de G\u00e9nero; Trabajo Decente y Crecimiento Econ\u00f3mico; y Reducci\u00f3n de las Desigualdades.<\/p>\n\n\n\n<p>Asimismo, con el Eje 1 correspondiente al Estado de Bienestar para todas las oaxaque\u00f1as y oaxaque\u00f1os, establecido en el Plan Estatal de Desarrollo (PED) 2022-2028.<\/p>\n\n\n\n<p>De aprobarse, los derechos sociales quedar\u00edan consagrados como inalienables en la Carta Magna local y el impacto de esta iniciativa coadyuvar\u00e1 en gran medida a ofrecer mayores oportunidades de desarrollo para los sectores hist\u00f3ricamente marginados, refiri\u00f3 el congresista del partido pol\u00edtico Morena.<\/p>\n\n\n\n<p>El proyecto de reforma ser\u00e1 discutido y dictaminado por la Comisi\u00f3n Permanente de Estudios Constitucionales, por el que se adicionan tres p\u00e1rrafos al art\u00edculo 12 de la Constituci\u00f3n Pol\u00edtica de Oaxaca.<br \/>-0-<\/p>\n","protected":false},"excerpt":{"rendered":"<p>San Raymundo Jalpan, Oax., a 02 de enero de 2025.-&nbsp;Con el prop\u00f3sito de garantizar los&#8230;<\/p>\n","protected":false},"author":4,"featured_media":35425,"comment_status":"","ping_status":"open","sticky":false,"template":"","format":"standard","meta":{"footnotes":""},"categories":[6],"tags":[207,210,213,231,19,27,208,224,199],"jetpack_sharing_enabled":true,"featured_image_urls":{"full":["https:\/\/contextoanalisisperiodistico.com\/wp-content\/uploads\/2025\/01\/IMG_20250102_133731.jpg",696,449,false],"thumbnail":["https:\/\/contextoanalisisperiodistico.com\/wp-content\/uploads\/2025\/01\/IMG_20250102_133731-150x150.jpg",150,150,true],"medium":["https:\/\/contextoanalisisperiodistico.com\/wp-content\/uploads\/2025\/01\/IMG_20250102_133731-300x194.jpg",300,194,true],"medium_large":["https:\/\/contextoanalisisperiodistico.com\/wp-content\/uploads\/2025\/01\/IMG_20250102_133731.jpg",640,413,false],"large":["https:\/\/contextoanalisisperiodistico.com\/wp-content\/uploads\/2025\/01\/IMG_20250102_133731.jpg",640,413,false],"1536x1536":["https:\/\/contextoanalisisperiodistico.com\/wp-content\/uploads\/2025\/01\/IMG_20250102_133731.jpg",696,449,false],"2048x2048":["https:\/\/contextoanalisisperiodistico.com\/wp-content\/uploads\/2025\/01\/IMG_20250102_133731.jpg",696,449,false],"covernews-slider-full":["https:\/\/contextoanalisisperiodistico.com\/wp-content\/uploads\/2025\/01\/IMG_20250102_133731.jpg",696,449,false],"covernews-slider-center":["https:\/\/contextoanalisisperiodistico.com\/wp-content\/uploads\/2025\/01\/IMG_20250102_133731.jpg",696,449,false],"covernews-featured":["https:\/\/contextoanalisisperiodistico.com\/wp-content\/uploads\/2025\/01\/IMG_20250102_133731.jpg",696,449,false],"covernews-medium":["https:\/\/contextoanalisisperiodistico.com\/wp-content\/uploads\/2025\/01\/IMG_20250102_133731-540x340.jpg",540,340,true],"covernews-medium-square":["https:\/\/contextoanalisisperiodistico.com\/wp-content\/uploads\/2025\/01\/IMG_20250102_133731-400x250.jpg",400,250,true]},"author_info":{"display_name":"Mario Gir\u00f3n","author_link":"https:\/\/contextoanalisisperiodistico.com\/index.php\/author\/director\/"},"category_info":"<a href=\"https:\/\/contextoanalisisperiodistico.com\/index.php\/category\/legislatura\/\" rel=\"category tag\">Legislatura<\/a>","tag_info":"Legislatura","comment_count":"0","jetpack_featured_media_url":"https:\/\/contextoanalisisperiodistico.com\/wp-content\/uploads\/2025\/01\/IMG_20250102_133731.jpg","_links":{"self":[{"href":"https:\/\/contextoanalisisperiodistico.com\/index.php\/wp-json\/wp\/v2\/posts\/35426"}],"collection":[{"href":"https:\/\/contextoanalisisperiodistico.com\/index.php\/wp-json\/wp\/v2\/posts"}],"about":[{"href":"https:\/\/contextoanalisisperiodistico.com\/index.php\/wp-json\/wp\/v2\/types\/post"}],"author":[{"embeddable":true,"href":"https:\/\/contextoanalisisperiodistico.com\/index.php\/wp-json\/wp\/v2\/users\/4"}],"replies":[{"embeddable":true,"href":"https:\/\/contextoanalisisperiodistico.com\/index.php\/wp-json\/wp\/v2\/comments?post=35426"}],"version-history":[{"count":0,"href":"https:\/\/contextoanalisisperiodistico.com\/index.php\/wp-json\/wp\/v2\/posts\/35426\/revisions"}],"wp:featuredmedia":[{"embeddable":true,"href":"https:\/\/contextoanalisisperiodistico.com\/index.php\/wp-json\/wp\/v2\/media\/35425"}],"wp:attachment":[{"href":"https:\/\/contextoanalisisperiodistico.com\/index.php\/wp-json\/wp\/v2\/media?parent=35426"}],"wp:term":[{"taxonomy":"category","embeddable":true,"href":"https:\/\/contextoanalisisperiodistico.com\/index.php\/wp-json\/wp\/v2\/categories?post=35426"},{"taxonomy":"post_tag","embeddable":true,"href":"https:\/\/contextoanalisisperiodistico.com\/index.php\/wp-json\/wp\/v2\/tags?post=35426"}],"curies":[{"name":"wp","href":"https:\/\/api.w.org\/{rel}","templated":true}]}}