{"id":3540,"date":"2022-05-27T21:21:00","date_gmt":"2022-05-28T02:21:00","guid":{"rendered":"http:\/\/contextoanalisisperiodistico.com.mx\/2022\/05\/27\/detienen-a-persona-en-posesion-de-un-arma-de-fuego-en-la-operacion-conjunta-oaxaca-de-juarez\/"},"modified":"2022-05-27T21:21:00","modified_gmt":"2022-05-28T02:21:00","slug":"detienen-a-persona-en-posesion-de-un-arma-de-fuego-en-la-operacion-conjunta-oaxaca-de-juarez","status":"publish","type":"post","link":"https:\/\/contextoanalisisperiodistico.com\/index.php\/2022\/05\/27\/detienen-a-persona-en-posesion-de-un-arma-de-fuego-en-la-operacion-conjunta-oaxaca-de-juarez\/","title":{"rendered":"Detienen a persona en posesi\u00f3n de un arma de fuego en la \u201cOperaci\u00f3n Conjunta Oaxaca de Ju\u00e1rez\u201d"},"content":{"rendered":"<div id=\"fb-root\"><\/div>\n\n<p>Personal que participa en la \u201cOperaci\u00f3n Conjunta Oaxaca de Ju\u00e1rez\u201d realiz\u00f3 la detenci\u00f3n de una persona al ser sorprendida en posesi\u00f3n de un arma de fuego, por lo cual fue consignada a la autoridad ministerial como presunta responsable del delito de portaci\u00f3n de arma de fuego sin licencia.<\/p>\n\n\n\n<p><br>El Secretario de Seguridad Ciudadana, Movilidad y Protecci\u00f3n Civil, maestro Ra\u00fal \u00c1vila Ibarra, dio a conocer que elementos de la Sedena, Guardia Nacional, Polic\u00eda Estatal y Polic\u00eda Municipal instalaron el jueves a las 11:00 horas un filtro de control preventivo provisional en la calle Joaqu\u00edn Amaro, de la colonia Figueroa.<\/p>\n\n\n\n<p>En ese lugar llevaron a cabo la inspecci\u00f3n precautoria a veh\u00edculos y personas a fin de detectar objetos prohibidos o veh\u00edculo con reporte de robo.<\/p>\n\n\n\n<p>Minutos despu\u00e9s, arrib\u00f3 una persona a bordo de una motocicleta, quien asumi\u00f3 una actitud evasiva y nerviosa al pedirle que mostrar lo que portaba una bolsa tipo mariconera.<\/p>\n\n\n\n<p>Fue as\u00ed como descubrieron que ocultaba un arma de fuego tipo escuadra al parecer calibre 380, por lo cual procedieron a la detenci\u00f3n de quien dijo llamarse Luis M. A., de 37 a\u00f1os de edad, quien fue consignado a la Fiscal\u00eda General de la Rep\u00fablica como presunto responsable del delito de portaci\u00f3n de arma de fuego sin licencia.<\/p>\n\n\n\n<p>Al respecto, el secretario \u00c1vila Ibarra dijo que el operativo conjunto con los tres \u00f3rganos de gobierno ha sido bien aceptado por la ciudadan\u00eda al realizar patrullajes de prevenci\u00f3n en nuestra jurisdicci\u00f3n.<\/p>\n\n\n\n<figure class=\"wp-block-image size-large\"><img decoding=\"async\" src=\"https:\/\/contextoinformacionyanalisisperiodistico.files.wordpress.com\/2022\/05\/img-20220527-wa0103.jpg?w=1024\" alt=\"\" class=\"wp-image-3538\" \/><\/figure>\n\n\n\n<figure class=\"wp-block-image\"><img decoding=\"async\" src=\"https:\/\/contextoinformacionyanalisisperiodistico.files.wordpress.com\/2022\/05\/img-20220527-wa0101.jpg\" alt=\"\" class=\"wp-image-3536\" \/><\/figure>\n\n\n\n<figure class=\"wp-block-image\"><img decoding=\"async\" src=\"https:\/\/contextoinformacionyanalisisperiodistico.files.wordpress.com\/2022\/05\/img-20220527-wa0100.jpg\" alt=\"\" class=\"wp-image-3539\" \/><\/figure>\n\n\n\n<figure class=\"wp-block-image\"><img decoding=\"async\" src=\"https:\/\/contextoinformacionyanalisisperiodistico.files.wordpress.com\/2022\/05\/img-20220527-wa0099.jpg\" alt=\"\" class=\"wp-image-3537\" \/><\/figure>\n","protected":false},"excerpt":{"rendered":"<p>Personal que participa en la \u201cOperaci\u00f3n Conjunta Oaxaca de Ju\u00e1rez\u201d realiz\u00f3 la detenci\u00f3n de una&#8230;<\/p>\n","protected":false},"author":2,"featured_media":0,"comment_status":"open","ping_status":"open","sticky":false,"template":"","format":"standard","meta":{"footnotes":""},"categories":[10],"tags":[],"jetpack_sharing_enabled":true,"featured_image_urls":{"full":"","thumbnail":"","medium":"","medium_large":"","large":"","1536x1536":"","2048x2048":"","covernews-slider-full":"","covernews-slider-center":"","covernews-featured":"","covernews-medium":"","covernews-medium-square":""},"author_info":{"display_name":"Miguel","author_link":"https:\/\/contextoanalisisperiodistico.com\/index.php\/author\/editor\/"},"category_info":"<a href=\"https:\/\/contextoanalisisperiodistico.com\/index.php\/category\/seguridad\/\" rel=\"category tag\">Seguridad<\/a>","tag_info":"Seguridad","comment_count":"0","jetpack_featured_media_url":"","_links":{"self":[{"href":"https:\/\/contextoanalisisperiodistico.com\/index.php\/wp-json\/wp\/v2\/posts\/3540"}],"collection":[{"href":"https:\/\/contextoanalisisperiodistico.com\/index.php\/wp-json\/wp\/v2\/posts"}],"about":[{"href":"https:\/\/contextoanalisisperiodistico.com\/index.php\/wp-json\/wp\/v2\/types\/post"}],"author":[{"embeddable":true,"href":"https:\/\/contextoanalisisperiodistico.com\/index.php\/wp-json\/wp\/v2\/users\/2"}],"replies":[{"embeddable":true,"href":"https:\/\/contextoanalisisperiodistico.com\/index.php\/wp-json\/wp\/v2\/comments?post=3540"}],"version-history":[{"count":0,"href":"https:\/\/contextoanalisisperiodistico.com\/index.php\/wp-json\/wp\/v2\/posts\/3540\/revisions"}],"wp:attachment":[{"href":"https:\/\/contextoanalisisperiodistico.com\/index.php\/wp-json\/wp\/v2\/media?parent=3540"}],"wp:term":[{"taxonomy":"category","embeddable":true,"href":"https:\/\/contextoanalisisperiodistico.com\/index.php\/wp-json\/wp\/v2\/categories?post=3540"},{"taxonomy":"post_tag","embeddable":true,"href":"https:\/\/contextoanalisisperiodistico.com\/index.php\/wp-json\/wp\/v2\/tags?post=3540"}],"curies":[{"name":"wp","href":"https:\/\/api.w.org\/{rel}","templated":true}]}}