{"id":34784,"date":"2024-12-06T14:11:06","date_gmt":"2024-12-06T20:11:06","guid":{"rendered":"https:\/\/contextoanalisisperiodistico.com\/index.php\/2024\/12\/06\/certifica-sso-a-facultad-de-cultura-fisica-y-deporte-como-promotora-de-la-salud-y-entorno-laboral-saludable\/"},"modified":"2024-12-06T14:11:06","modified_gmt":"2024-12-06T20:11:06","slug":"certifica-sso-a-facultad-de-cultura-fisica-y-deporte-como-promotora-de-la-salud-y-entorno-laboral-saludable","status":"publish","type":"post","link":"https:\/\/contextoanalisisperiodistico.com\/index.php\/2024\/12\/06\/certifica-sso-a-facultad-de-cultura-fisica-y-deporte-como-promotora-de-la-salud-y-entorno-laboral-saludable\/","title":{"rendered":"Certifica SSO a Facultad de Cultura F\u00edsica y Deporte como Promotora de la Salud y Entorno Laboral Saludable"},"content":{"rendered":"<div id=\"fb-root\"><\/div>\n\n<p>\u00b7 Al dar cumplimiento a los criterios dirigidos al alumnado como: valoraciones del estado nutricional, peso, talla, agudeza visual y auditiva, salud bucal, defectos posturales, planificaci\u00f3n familiar, entre otras<\/p>\n\n\n\n<p>Oaxaca de Ju\u00e1rez, Oax. 6 de diciembre de 2024.- Servicios de Salud de Oaxaca (SSO) a trav\u00e9s de la Jurisdicci\u00f3n Sanitaria 1 Valles Centrales, realizaron la certificaci\u00f3n de la Facultad de Cultura F\u00edsica y Deporte (FCFD) de la Universidad Aut\u00f3noma Benito Ju\u00e1rez de Oaxaca (UABJO) como Escuela Promotora de la Salud y Entorno Laboral Saludable.<\/p>\n\n\n\n<p>La jefa jurisdiccional, Aurelia Guerra Mart\u00ednez, explic\u00f3 que esta estrategia tiene como objetivo promover el cuidado integral de la salud de toda la comunidad escolar, logrando un mejor desarrollo f\u00edsico, mental y social, as\u00ed como la prevenci\u00f3n de diversas enfermedades.<\/p>\n\n\n\n<p>Puntualiz\u00f3 que la indicaci\u00f3n del Encargado de Despacho de los SSO, Efr\u00e9n Emmanuel Jarqu\u00edn Gonz\u00e1lez, es implementar acciones que permitan ofrecer oportunidades de crecimiento y progreso para las personas j\u00f3venes, ayudando a mejorar sus competencias y habilidades.<\/p>\n\n\n\n<p>En este sentido, Guerra Mart\u00ednez a\u00f1adi\u00f3 que es importante generar acciones que fomenten y apoyen el aprendizaje, utilizando los medios y recursos disponibles, que permitan involucrar al personal del sector salud y educativo para llevar a cabo las actividades escolares planificadas para el bienestar.<\/p>\n\n\n\n<p>Para lograr la certificaci\u00f3n como Escuela Promotora de la Salud, se cumplieron con los criterios dirigidos al alumnado como: valoraciones del estado nutricional, peso, talla, agudeza visual y auditiva, salud bucal, defectos posturales, planificaci\u00f3n familiar, entre otras.<\/p>\n\n\n\n<p>Asimismo, se realizaron actividades como Expo Salud, pl\u00e1ticas sobre: alimentaci\u00f3n correcta, t\u00e9cnica de lavado de manos, enfermedades transmitidas por vector, acoso escolar, prevenci\u00f3n de la violencia, accidentes y adicciones.<\/p>\n\n\n\n<p>La FCFD se certific\u00f3 como Entorno Laboral Saludable, mediante acciones de promoci\u00f3n de la salud dentro del plantel para generar cambios y mejoras a favor de la base trabajadora para adoptar estilos de vida saludables.<\/p>\n\n\n\n<p>Para ello se cont\u00f3 con la participaci\u00f3n del personal de la Jurisdicci\u00f3n Sanitaria Valles Centrales, as\u00ed como del Centro de Salud Urbano 1 y de la Direcci\u00f3n de Prevenci\u00f3n y Promoci\u00f3n a la Salud, adem\u00e1s de las y los directivos de la dicha Facultad, los cuales se sumaron con el fin de promover la salud en esta instituci\u00f3n.<\/p>\n\n\n\n<ul class=\"wp-block-list\">\n<li>0 &#8211;<\/li>\n<\/ul>\n\n\n\n<figure class=\"wp-block-image size-large\"><img fetchpriority=\"high\" decoding=\"async\" width=\"945\" height=\"1024\" src=\"https:\/\/contextoanalisisperiodistico.com\/wp-content\/uploads\/2024\/12\/img-20241206-wa01978535185959846619734-945x1024.jpg\" alt=\"\" class=\"wp-image-34781\" srcset=\"https:\/\/contextoanalisisperiodistico.com\/wp-content\/uploads\/2024\/12\/img-20241206-wa01978535185959846619734-945x1024.jpg 945w, https:\/\/contextoanalisisperiodistico.com\/wp-content\/uploads\/2024\/12\/img-20241206-wa01978535185959846619734-277x300.jpg 277w, https:\/\/contextoanalisisperiodistico.com\/wp-content\/uploads\/2024\/12\/img-20241206-wa01978535185959846619734-768x832.jpg 768w, https:\/\/contextoanalisisperiodistico.com\/wp-content\/uploads\/2024\/12\/img-20241206-wa01978535185959846619734-1024x1109.jpg 1024w, https:\/\/contextoanalisisperiodistico.com\/wp-content\/uploads\/2024\/12\/img-20241206-wa01978535185959846619734.jpg 1114w\" sizes=\"(max-width: 945px) 100vw, 945px\" \/><\/figure>\n\n\n\n<figure class=\"wp-block-image\"><img decoding=\"async\" width=\"1024\" height=\"707\" src=\"https:\/\/contextoanalisisperiodistico.com\/wp-content\/uploads\/2024\/12\/img-20241206-wa01967274407952026222268-1024x707.jpg\" alt=\"\" class=\"wp-image-34782\" srcset=\"https:\/\/contextoanalisisperiodistico.com\/wp-content\/uploads\/2024\/12\/img-20241206-wa01967274407952026222268-1024x707.jpg 1024w, https:\/\/contextoanalisisperiodistico.com\/wp-content\/uploads\/2024\/12\/img-20241206-wa01967274407952026222268-300x207.jpg 300w, https:\/\/contextoanalisisperiodistico.com\/wp-content\/uploads\/2024\/12\/img-20241206-wa01967274407952026222268-768x530.jpg 768w, https:\/\/contextoanalisisperiodistico.com\/wp-content\/uploads\/2024\/12\/img-20241206-wa01967274407952026222268-1536x1060.jpg 1536w, https:\/\/contextoanalisisperiodistico.com\/wp-content\/uploads\/2024\/12\/img-20241206-wa01967274407952026222268.jpg 1600w\" sizes=\"(max-width: 1024px) 100vw, 1024px\" \/><\/figure>\n\n\n\n<figure class=\"wp-block-image\"><img decoding=\"async\" width=\"1024\" height=\"576\" src=\"https:\/\/contextoanalisisperiodistico.com\/wp-content\/uploads\/2024\/12\/img-20241206-wa02003605317015090693049-1024x576.jpg\" alt=\"\" class=\"wp-image-34783\" srcset=\"https:\/\/contextoanalisisperiodistico.com\/wp-content\/uploads\/2024\/12\/img-20241206-wa02003605317015090693049-1024x576.jpg 1024w, https:\/\/contextoanalisisperiodistico.com\/wp-content\/uploads\/2024\/12\/img-20241206-wa02003605317015090693049-300x169.jpg 300w, https:\/\/contextoanalisisperiodistico.com\/wp-content\/uploads\/2024\/12\/img-20241206-wa02003605317015090693049-768x432.jpg 768w, https:\/\/contextoanalisisperiodistico.com\/wp-content\/uploads\/2024\/12\/img-20241206-wa02003605317015090693049-1536x864.jpg 1536w, https:\/\/contextoanalisisperiodistico.com\/wp-content\/uploads\/2024\/12\/img-20241206-wa02003605317015090693049.jpg 1600w\" sizes=\"(max-width: 1024px) 100vw, 1024px\" \/><\/figure>\n","protected":false},"excerpt":{"rendered":"<p>\u00b7 Al dar cumplimiento a los criterios dirigidos al alumnado como: valoraciones del estado nutricional,&#8230;<\/p>\n","protected":false},"author":4,"featured_media":34780,"comment_status":"","ping_status":"open","sticky":false,"template":"","format":"standard","meta":{"footnotes":""},"categories":[92],"tags":[],"jetpack_sharing_enabled":true,"featured_image_urls":{"full":["https:\/\/contextoanalisisperiodistico.com\/wp-content\/uploads\/2024\/12\/IMG-20241206-WA0198.jpg",1600,826,false],"thumbnail":["https:\/\/contextoanalisisperiodistico.com\/wp-content\/uploads\/2024\/12\/IMG-20241206-WA0198-150x150.jpg",150,150,true],"medium":["https:\/\/contextoanalisisperiodistico.com\/wp-content\/uploads\/2024\/12\/IMG-20241206-WA0198-300x155.jpg",300,155,true],"medium_large":["https:\/\/contextoanalisisperiodistico.com\/wp-content\/uploads\/2024\/12\/IMG-20241206-WA0198-768x396.jpg",640,330,true],"large":["https:\/\/contextoanalisisperiodistico.com\/wp-content\/uploads\/2024\/12\/IMG-20241206-WA0198-1024x529.jpg",640,331,true],"1536x1536":["https:\/\/contextoanalisisperiodistico.com\/wp-content\/uploads\/2024\/12\/IMG-20241206-WA0198-1536x793.jpg",1536,793,true],"2048x2048":["https:\/\/contextoanalisisperiodistico.com\/wp-content\/uploads\/2024\/12\/IMG-20241206-WA0198.jpg",1600,826,false],"covernews-slider-full":["https:\/\/contextoanalisisperiodistico.com\/wp-content\/uploads\/2024\/12\/IMG-20241206-WA0198-1115x715.jpg",1115,715,true],"covernews-slider-center":["https:\/\/contextoanalisisperiodistico.com\/wp-content\/uploads\/2024\/12\/IMG-20241206-WA0198-800x500.jpg",800,500,true],"covernews-featured":["https:\/\/contextoanalisisperiodistico.com\/wp-content\/uploads\/2024\/12\/IMG-20241206-WA0198-1024x529.jpg",1024,529,true],"covernews-medium":["https:\/\/contextoanalisisperiodistico.com\/wp-content\/uploads\/2024\/12\/IMG-20241206-WA0198-540x340.jpg",540,340,true],"covernews-medium-square":["https:\/\/contextoanalisisperiodistico.com\/wp-content\/uploads\/2024\/12\/IMG-20241206-WA0198-400x250.jpg",400,250,true]},"author_info":{"display_name":"Mario Gir\u00f3n","author_link":"https:\/\/contextoanalisisperiodistico.com\/index.php\/author\/director\/"},"category_info":"<a href=\"https:\/\/contextoanalisisperiodistico.com\/index.php\/category\/salud\/\" rel=\"category tag\">Salud<\/a>","tag_info":"Salud","comment_count":"0","jetpack_featured_media_url":"https:\/\/contextoanalisisperiodistico.com\/wp-content\/uploads\/2024\/12\/IMG-20241206-WA0198.jpg","_links":{"self":[{"href":"https:\/\/contextoanalisisperiodistico.com\/index.php\/wp-json\/wp\/v2\/posts\/34784"}],"collection":[{"href":"https:\/\/contextoanalisisperiodistico.com\/index.php\/wp-json\/wp\/v2\/posts"}],"about":[{"href":"https:\/\/contextoanalisisperiodistico.com\/index.php\/wp-json\/wp\/v2\/types\/post"}],"author":[{"embeddable":true,"href":"https:\/\/contextoanalisisperiodistico.com\/index.php\/wp-json\/wp\/v2\/users\/4"}],"replies":[{"embeddable":true,"href":"https:\/\/contextoanalisisperiodistico.com\/index.php\/wp-json\/wp\/v2\/comments?post=34784"}],"version-history":[{"count":0,"href":"https:\/\/contextoanalisisperiodistico.com\/index.php\/wp-json\/wp\/v2\/posts\/34784\/revisions"}],"wp:featuredmedia":[{"embeddable":true,"href":"https:\/\/contextoanalisisperiodistico.com\/index.php\/wp-json\/wp\/v2\/media\/34780"}],"wp:attachment":[{"href":"https:\/\/contextoanalisisperiodistico.com\/index.php\/wp-json\/wp\/v2\/media?parent=34784"}],"wp:term":[{"taxonomy":"category","embeddable":true,"href":"https:\/\/contextoanalisisperiodistico.com\/index.php\/wp-json\/wp\/v2\/categories?post=34784"},{"taxonomy":"post_tag","embeddable":true,"href":"https:\/\/contextoanalisisperiodistico.com\/index.php\/wp-json\/wp\/v2\/tags?post=34784"}],"curies":[{"name":"wp","href":"https:\/\/api.w.org\/{rel}","templated":true}]}}