{"id":34729,"date":"2024-12-04T19:37:46","date_gmt":"2024-12-05T01:37:46","guid":{"rendered":"https:\/\/contextoanalisisperiodistico.com\/index.php\/2024\/12\/04\/casos-de-dengue-se-mantienen-en-descenso-sso\/"},"modified":"2024-12-04T19:37:46","modified_gmt":"2024-12-05T01:37:46","slug":"casos-de-dengue-se-mantienen-en-descenso-sso","status":"publish","type":"post","link":"https:\/\/contextoanalisisperiodistico.com\/index.php\/2024\/12\/04\/casos-de-dengue-se-mantienen-en-descenso-sso\/","title":{"rendered":"Casos de dengue se mantienen en descenso: SSO"},"content":{"rendered":"<div id=\"fb-root\"><\/div>\n\n<p>\u2022 Se recomienda no relajar las medidas preventivas, toda vez que el mayor n\u00famero de casos se encuentra en los grupos de 30 a 34 y 10 a 14 a\u00f1os<\/p>\n\n\n\n<figure class=\"wp-block-image size-large\"><img fetchpriority=\"high\" decoding=\"async\" width=\"614\" height=\"1024\" src=\"https:\/\/contextoanalisisperiodistico.com\/wp-content\/uploads\/2024\/12\/img-20241204-wa02435148836199574285923-614x1024.jpg\" alt=\"\" class=\"wp-image-34727\" srcset=\"https:\/\/contextoanalisisperiodistico.com\/wp-content\/uploads\/2024\/12\/img-20241204-wa02435148836199574285923-614x1024.jpg 614w, https:\/\/contextoanalisisperiodistico.com\/wp-content\/uploads\/2024\/12\/img-20241204-wa02435148836199574285923-180x300.jpg 180w, https:\/\/contextoanalisisperiodistico.com\/wp-content\/uploads\/2024\/12\/img-20241204-wa02435148836199574285923-768x1280.jpg 768w, https:\/\/contextoanalisisperiodistico.com\/wp-content\/uploads\/2024\/12\/img-20241204-wa02435148836199574285923.jpg 850w\" sizes=\"(max-width: 614px) 100vw, 614px\" \/><\/figure>\n\n\n\n<figure class=\"wp-block-image\"><img decoding=\"async\" width=\"1024\" height=\"576\" src=\"https:\/\/contextoanalisisperiodistico.com\/wp-content\/uploads\/2024\/12\/img-20241204-wa02446746718919183227569-1024x576.jpg\" alt=\"\" class=\"wp-image-34728\" srcset=\"https:\/\/contextoanalisisperiodistico.com\/wp-content\/uploads\/2024\/12\/img-20241204-wa02446746718919183227569-1024x576.jpg 1024w, https:\/\/contextoanalisisperiodistico.com\/wp-content\/uploads\/2024\/12\/img-20241204-wa02446746718919183227569-300x169.jpg 300w, https:\/\/contextoanalisisperiodistico.com\/wp-content\/uploads\/2024\/12\/img-20241204-wa02446746718919183227569-768x432.jpg 768w, https:\/\/contextoanalisisperiodistico.com\/wp-content\/uploads\/2024\/12\/img-20241204-wa02446746718919183227569-1536x864.jpg 1536w, https:\/\/contextoanalisisperiodistico.com\/wp-content\/uploads\/2024\/12\/img-20241204-wa02446746718919183227569.jpg 1600w\" sizes=\"(max-width: 1024px) 100vw, 1024px\" \/><\/figure>\n\n\n\n<p>\u2022 Se contabilizan 30 casos nuevos, suman cuatro mil 21 acumulados en la entidad<br \/>Oaxaca de Ju\u00e1rez, Oax. 4 de diciembre de 2024.- Servicios de Salud de Oaxaca (SSO) informa que en la semana 48 los casos de Dengue No Grave, afectan principalmente al grupo de edad de 30 a 34 a\u00f1os y la incidencia de Dengue Grave y con Signos de Alarma predomina en el grupo de 10 a 14 a\u00f1os.<\/p>\n\n\n\n<p>Aunque los casos se mantienen en descenso, la instituci\u00f3n hace nuevamente el llamado a la poblaci\u00f3n para no bajar la guardia y continuar con las medidas preventivas y acciones fundamentales como lavar, tapar, voltear y tirar.<\/p>\n\n\n\n<p>De acuerdo con el Sistema de Vigilancia Epidemiol\u00f3gica de las Enfermedades Transmitidas por Vector (ETV), a la misma fecha se notificaron 30 personas con diagn\u00f3stico nuevo de dengue, con lo cual suman cuatro mil 21 casos acumulados en la entidad y 10 pacientes hospitalizados en la red m\u00e9dica.<\/p>\n\n\n\n<p>Por su clasificaci\u00f3n, mil 922 corresponden a Dengue No Grave (DNG), mil 815 a Dengue con Signos de Alarma (DCSA) y 284 a Dengue Grave y se mantienen 17 decesos acumulados de la enfermedad.<\/p>\n\n\n\n<p>La Jurisdicci\u00f3n Sanitaria Valles Centrales contabiliza tres mil 96 casos, con 13 decesos; Costa 453, con tres defunciones; Istmo 263; Tuxtepec 76, con un deceso; Mixteca 66 y Sierra 67 casos.<\/p>\n\n\n\n<p>La instituci\u00f3n refiere que los municipios que registran casos nuevos durante esta semana son: Zimatl\u00e1n de \u00c1lvarez con tres reportes, seguido de Oaxaca de Ju\u00e1rez, San Juan Bautista Tuxtepec, Santa Luc\u00eda del Camino y Santo Domingo Tehuantepec con dos casos cada uno, el resto se encuentra distribuido en 19 ayuntamientos.<\/p>\n\n\n\n<p>SSO exhorta a las autoridades municipales y poblaci\u00f3n en general reforzar las medidas en los hogares mediante la limpieza de patios y jardines, eliminar latas, botellas u objetos en desuso, desyerbar la maleza, colocar tela mosquitera en puertas y ventanas o usar pabell\u00f3n en los dormitorios.<\/p>\n\n\n\n<p>-0-<\/p>\n","protected":false},"excerpt":{"rendered":"<p>\u2022 Se recomienda no relajar las medidas preventivas, toda vez que el mayor n\u00famero de&#8230;<\/p>\n","protected":false},"author":4,"featured_media":34726,"comment_status":"","ping_status":"open","sticky":false,"template":"","format":"standard","meta":{"footnotes":""},"categories":[92],"tags":[],"jetpack_sharing_enabled":true,"featured_image_urls":{"full":["https:\/\/contextoanalisisperiodistico.com\/wp-content\/uploads\/2024\/12\/IMG-20241204-WA0242.jpg",1600,900,false],"thumbnail":["https:\/\/contextoanalisisperiodistico.com\/wp-content\/uploads\/2024\/12\/IMG-20241204-WA0242-150x150.jpg",150,150,true],"medium":["https:\/\/contextoanalisisperiodistico.com\/wp-content\/uploads\/2024\/12\/IMG-20241204-WA0242-300x169.jpg",300,169,true],"medium_large":["https:\/\/contextoanalisisperiodistico.com\/wp-content\/uploads\/2024\/12\/IMG-20241204-WA0242-768x432.jpg",640,360,true],"large":["https:\/\/contextoanalisisperiodistico.com\/wp-content\/uploads\/2024\/12\/IMG-20241204-WA0242-1024x576.jpg",640,360,true],"1536x1536":["https:\/\/contextoanalisisperiodistico.com\/wp-content\/uploads\/2024\/12\/IMG-20241204-WA0242-1536x864.jpg",1536,864,true],"2048x2048":["https:\/\/contextoanalisisperiodistico.com\/wp-content\/uploads\/2024\/12\/IMG-20241204-WA0242.jpg",1600,900,false],"covernews-slider-full":["https:\/\/contextoanalisisperiodistico.com\/wp-content\/uploads\/2024\/12\/IMG-20241204-WA0242-1115x715.jpg",1115,715,true],"covernews-slider-center":["https:\/\/contextoanalisisperiodistico.com\/wp-content\/uploads\/2024\/12\/IMG-20241204-WA0242-800x500.jpg",800,500,true],"covernews-featured":["https:\/\/contextoanalisisperiodistico.com\/wp-content\/uploads\/2024\/12\/IMG-20241204-WA0242-1024x576.jpg",1024,576,true],"covernews-medium":["https:\/\/contextoanalisisperiodistico.com\/wp-content\/uploads\/2024\/12\/IMG-20241204-WA0242-540x340.jpg",540,340,true],"covernews-medium-square":["https:\/\/contextoanalisisperiodistico.com\/wp-content\/uploads\/2024\/12\/IMG-20241204-WA0242-400x250.jpg",400,250,true]},"author_info":{"display_name":"Mario Gir\u00f3n","author_link":"https:\/\/contextoanalisisperiodistico.com\/index.php\/author\/director\/"},"category_info":"<a href=\"https:\/\/contextoanalisisperiodistico.com\/index.php\/category\/salud\/\" rel=\"category tag\">Salud<\/a>","tag_info":"Salud","comment_count":"0","jetpack_featured_media_url":"https:\/\/contextoanalisisperiodistico.com\/wp-content\/uploads\/2024\/12\/IMG-20241204-WA0242.jpg","_links":{"self":[{"href":"https:\/\/contextoanalisisperiodistico.com\/index.php\/wp-json\/wp\/v2\/posts\/34729"}],"collection":[{"href":"https:\/\/contextoanalisisperiodistico.com\/index.php\/wp-json\/wp\/v2\/posts"}],"about":[{"href":"https:\/\/contextoanalisisperiodistico.com\/index.php\/wp-json\/wp\/v2\/types\/post"}],"author":[{"embeddable":true,"href":"https:\/\/contextoanalisisperiodistico.com\/index.php\/wp-json\/wp\/v2\/users\/4"}],"replies":[{"embeddable":true,"href":"https:\/\/contextoanalisisperiodistico.com\/index.php\/wp-json\/wp\/v2\/comments?post=34729"}],"version-history":[{"count":0,"href":"https:\/\/contextoanalisisperiodistico.com\/index.php\/wp-json\/wp\/v2\/posts\/34729\/revisions"}],"wp:featuredmedia":[{"embeddable":true,"href":"https:\/\/contextoanalisisperiodistico.com\/index.php\/wp-json\/wp\/v2\/media\/34726"}],"wp:attachment":[{"href":"https:\/\/contextoanalisisperiodistico.com\/index.php\/wp-json\/wp\/v2\/media?parent=34729"}],"wp:term":[{"taxonomy":"category","embeddable":true,"href":"https:\/\/contextoanalisisperiodistico.com\/index.php\/wp-json\/wp\/v2\/categories?post=34729"},{"taxonomy":"post_tag","embeddable":true,"href":"https:\/\/contextoanalisisperiodistico.com\/index.php\/wp-json\/wp\/v2\/tags?post=34729"}],"curies":[{"name":"wp","href":"https:\/\/api.w.org\/{rel}","templated":true}]}}