{"id":34686,"date":"2024-12-03T19:10:22","date_gmt":"2024-12-04T01:10:22","guid":{"rendered":"https:\/\/contextoanalisisperiodistico.com\/index.php\/2024\/12\/03\/anuncia-salomon-jara-a-vilma-martinez-como-nueva-titular-de-la-sebienti\/"},"modified":"2024-12-03T19:10:22","modified_gmt":"2024-12-04T01:10:22","slug":"anuncia-salomon-jara-a-vilma-martinez-como-nueva-titular-de-la-sebienti","status":"publish","type":"post","link":"https:\/\/contextoanalisisperiodistico.com\/index.php\/2024\/12\/03\/anuncia-salomon-jara-a-vilma-martinez-como-nueva-titular-de-la-sebienti\/","title":{"rendered":"Anuncia Salom\u00f3n Jara a Vilma Mart\u00ednez como nueva titular de la Sebienti"},"content":{"rendered":"<div id=\"fb-root\"><\/div>\n\n<p>Oaxaca de Ju\u00e1rez, Oax. 3 de diciembre de 2024.- El Gobernador de Oaxaca Salom\u00f3n Jara Cruz anunci\u00f3 que Vilma Mart\u00ednez Cort\u00e9s formar\u00e1 parte de su gabinete legal como nueva titular de la Secretar\u00eda de Bienestar, Tequio e Inclusi\u00f3n (Sebienti).<\/p>\n\n\n\n<p>En el marco de la conferencia de prensa, el Mandatario estatal inform\u00f3 que la vasta experiencia de la funcionaria servir\u00e1 para generar mejores condiciones de vida para la poblaci\u00f3n y continuar con la transformaci\u00f3n del estado, mediante los programas sociales que impulsa la Primavera Oaxaque\u00f1a.<\/p>\n\n\n\n<p>Mart\u00ednez Cort\u00e9s es originaria de Santo Domingo Tehuantepec, licenciada en Derecho por la Universidad Aut\u00f3noma Benito Ju\u00e1rez de Oaxaca (UABJO). De 2013 a 2016 se desempe\u00f1\u00f3 como Diputada de Representaci\u00f3n Proporcional en la Sexag\u00e9sima Segunda Legislatura del Honorable Congreso del Estado de Oaxaca.<\/p>\n\n\n\n<p>Asimismo, fue Presidenta Municipal de Santo Domingo Tehuantepec en el periodo de 2019 a 2021 y de 2022 a 2024, entre otros cargos.<\/p>\n\n\n\n<p>-0-<\/p>\n","protected":false},"excerpt":{"rendered":"<p>Oaxaca de Ju\u00e1rez, Oax. 3 de diciembre de 2024.- El Gobernador de Oaxaca Salom\u00f3n Jara&#8230;<\/p>\n","protected":false},"author":4,"featured_media":34685,"comment_status":"","ping_status":"open","sticky":false,"template":"","format":"standard","meta":{"footnotes":""},"categories":[9],"tags":[],"jetpack_sharing_enabled":true,"featured_image_urls":{"full":["https:\/\/contextoanalisisperiodistico.com\/wp-content\/uploads\/2024\/12\/IMG-20241203-WA0231.jpg",710,524,false],"thumbnail":["https:\/\/contextoanalisisperiodistico.com\/wp-content\/uploads\/2024\/12\/IMG-20241203-WA0231-150x150.jpg",150,150,true],"medium":["https:\/\/contextoanalisisperiodistico.com\/wp-content\/uploads\/2024\/12\/IMG-20241203-WA0231-300x221.jpg",300,221,true],"medium_large":["https:\/\/contextoanalisisperiodistico.com\/wp-content\/uploads\/2024\/12\/IMG-20241203-WA0231.jpg",640,472,false],"large":["https:\/\/contextoanalisisperiodistico.com\/wp-content\/uploads\/2024\/12\/IMG-20241203-WA0231.jpg",640,472,false],"1536x1536":["https:\/\/contextoanalisisperiodistico.com\/wp-content\/uploads\/2024\/12\/IMG-20241203-WA0231.jpg",710,524,false],"2048x2048":["https:\/\/contextoanalisisperiodistico.com\/wp-content\/uploads\/2024\/12\/IMG-20241203-WA0231.jpg",710,524,false],"covernews-slider-full":["https:\/\/contextoanalisisperiodistico.com\/wp-content\/uploads\/2024\/12\/IMG-20241203-WA0231.jpg",710,524,false],"covernews-slider-center":["https:\/\/contextoanalisisperiodistico.com\/wp-content\/uploads\/2024\/12\/IMG-20241203-WA0231-710x500.jpg",710,500,true],"covernews-featured":["https:\/\/contextoanalisisperiodistico.com\/wp-content\/uploads\/2024\/12\/IMG-20241203-WA0231.jpg",710,524,false],"covernews-medium":["https:\/\/contextoanalisisperiodistico.com\/wp-content\/uploads\/2024\/12\/IMG-20241203-WA0231-540x340.jpg",540,340,true],"covernews-medium-square":["https:\/\/contextoanalisisperiodistico.com\/wp-content\/uploads\/2024\/12\/IMG-20241203-WA0231-400x250.jpg",400,250,true]},"author_info":{"display_name":"Mario Gir\u00f3n","author_link":"https:\/\/contextoanalisisperiodistico.com\/index.php\/author\/director\/"},"category_info":"<a href=\"https:\/\/contextoanalisisperiodistico.com\/index.php\/category\/politica\/\" rel=\"category tag\">Pol\u00edtica<\/a>","tag_info":"Pol\u00edtica","comment_count":"0","jetpack_featured_media_url":"https:\/\/contextoanalisisperiodistico.com\/wp-content\/uploads\/2024\/12\/IMG-20241203-WA0231.jpg","_links":{"self":[{"href":"https:\/\/contextoanalisisperiodistico.com\/index.php\/wp-json\/wp\/v2\/posts\/34686"}],"collection":[{"href":"https:\/\/contextoanalisisperiodistico.com\/index.php\/wp-json\/wp\/v2\/posts"}],"about":[{"href":"https:\/\/contextoanalisisperiodistico.com\/index.php\/wp-json\/wp\/v2\/types\/post"}],"author":[{"embeddable":true,"href":"https:\/\/contextoanalisisperiodistico.com\/index.php\/wp-json\/wp\/v2\/users\/4"}],"replies":[{"embeddable":true,"href":"https:\/\/contextoanalisisperiodistico.com\/index.php\/wp-json\/wp\/v2\/comments?post=34686"}],"version-history":[{"count":0,"href":"https:\/\/contextoanalisisperiodistico.com\/index.php\/wp-json\/wp\/v2\/posts\/34686\/revisions"}],"wp:featuredmedia":[{"embeddable":true,"href":"https:\/\/contextoanalisisperiodistico.com\/index.php\/wp-json\/wp\/v2\/media\/34685"}],"wp:attachment":[{"href":"https:\/\/contextoanalisisperiodistico.com\/index.php\/wp-json\/wp\/v2\/media?parent=34686"}],"wp:term":[{"taxonomy":"category","embeddable":true,"href":"https:\/\/contextoanalisisperiodistico.com\/index.php\/wp-json\/wp\/v2\/categories?post=34686"},{"taxonomy":"post_tag","embeddable":true,"href":"https:\/\/contextoanalisisperiodistico.com\/index.php\/wp-json\/wp\/v2\/tags?post=34686"}],"curies":[{"name":"wp","href":"https:\/\/api.w.org\/{rel}","templated":true}]}}