{"id":34675,"date":"2024-12-03T15:03:11","date_gmt":"2024-12-03T21:03:11","guid":{"rendered":"https:\/\/contextoanalisisperiodistico.com\/index.php\/2024\/12\/03\/paquete-economico-2025-tiene-enfoque-social-y-humanista-salomon-jara\/"},"modified":"2024-12-03T15:03:11","modified_gmt":"2024-12-03T21:03:11","slug":"paquete-economico-2025-tiene-enfoque-social-y-humanista-salomon-jara","status":"publish","type":"post","link":"https:\/\/contextoanalisisperiodistico.com\/index.php\/2024\/12\/03\/paquete-economico-2025-tiene-enfoque-social-y-humanista-salomon-jara\/","title":{"rendered":"Paquete Econ\u00f3mico 2025 tiene enfoque social y humanista: Salom\u00f3n Jara"},"content":{"rendered":"<div id=\"fb-root\"><\/div>\n\n<p>\u2022 La propuesta dar\u00e1 prioridad a programas sociales en beneficio de los sectores que m\u00e1s lo necesitan<\/p>\n\n\n\n<p>Oaxaca de Ju\u00e1rez, Oax. 3 de diciembre de 2024.- El Gobernador Salom\u00f3n Jara Cruz, dio a conocer al pueblo de Oaxaca el contenido del Paquete Econ\u00f3mico para el Ejercicio Fiscal 2025, el cual fue entregado al Congreso del Estado para su an\u00e1lisis y posterior aprobaci\u00f3n.<\/p>\n\n\n\n<p>En conferencia de prensa matutina, el Mandatario Estatal afirm\u00f3 que con dicha propuesta el siguiente a\u00f1o se pretende evitar la deuda, nuevos impuestos, adem\u00e1s de que posee un enfoque social y humanista, atendiendo a los sectores m\u00e1s vulnerables, ya que se aumentar\u00e1 la inversi\u00f3n para programas sociales.<\/p>\n\n\n\n<p>En este sentido, detall\u00f3 que el Paquete Econ\u00f3mico fue explicado en un acto de transparencia a las y los diputados de la LXVI Legislatura la estrategia de recaudaci\u00f3n y los conceptos de gastos e inversi\u00f3n, en el que se les proporcion\u00f3 informaci\u00f3n total.<\/p>\n\n\n\n<p>El Mandatario estatal mencion\u00f3 que, se implementar\u00e1 el Cr\u00e9dito a la Palabra para las Mujeres Primavera, al cual se destinar\u00e1n 50 millones de pesos, con el objetivo de erradicar pr\u00e9stamos con intereses altos y que promueven conductas violentas al momento de cobrarlos.<\/p>\n\n\n\n<p>Asimismo, se aumentar\u00e1n los recursos para los rubros de salud, seguridad y educaci\u00f3n, se mantendr\u00e1n los apoyos al campo y juventudes, la construcci\u00f3n de caminos artesanales y se pondr\u00e1 en marcha el Programa de Vivienda Social que promueve la Presidenta Claudia Sheinbaum Pardo.<\/p>\n\n\n\n<p>Aunado a ello se consolidar\u00e1n proyectos estrat\u00e9gicos como el Centro Integral de Revalorizaci\u00f3n de Residuos S\u00f3lidos Urbanos (CIRRSU), C5 y saneamiento de los r\u00edos Atoyac y Salado.<\/p>\n\n\n\n<p>\u201cNuestro proyecto de transformaci\u00f3n nos compromete a trabajar con todas y todos, especialmente con las personas que menos tienen. Por el bien de todos, primero los pobres\u201d, enfatiz\u00f3 Jara Cruz.<\/p>\n\n\n\n<p>Algunos programas sociales que tendr\u00e1n un incremento presupuestal en 2025 son Tarjeta Margarita Maza, Mi Primera Chamba, Tarjeta Joven, Farmacias Bienestar y acciones de asistencia social.<\/p>\n\n\n\n<p>-0-<\/p>\n","protected":false},"excerpt":{"rendered":"<p>\u2022 La propuesta dar\u00e1 prioridad a programas sociales en beneficio de los sectores que m\u00e1s&#8230;<\/p>\n","protected":false},"author":4,"featured_media":34674,"comment_status":"","ping_status":"open","sticky":false,"template":"","format":"standard","meta":{"footnotes":""},"categories":[9],"tags":[],"jetpack_sharing_enabled":true,"featured_image_urls":{"full":["https:\/\/contextoanalisisperiodistico.com\/wp-content\/uploads\/2024\/12\/IMG-20241203-WA0124.jpg",1600,1066,false],"thumbnail":["https:\/\/contextoanalisisperiodistico.com\/wp-content\/uploads\/2024\/12\/IMG-20241203-WA0124-150x150.jpg",150,150,true],"medium":["https:\/\/contextoanalisisperiodistico.com\/wp-content\/uploads\/2024\/12\/IMG-20241203-WA0124-300x200.jpg",300,200,true],"medium_large":["https:\/\/contextoanalisisperiodistico.com\/wp-content\/uploads\/2024\/12\/IMG-20241203-WA0124-768x512.jpg",640,427,true],"large":["https:\/\/contextoanalisisperiodistico.com\/wp-content\/uploads\/2024\/12\/IMG-20241203-WA0124-1024x682.jpg",640,426,true],"1536x1536":["https:\/\/contextoanalisisperiodistico.com\/wp-content\/uploads\/2024\/12\/IMG-20241203-WA0124-1536x1023.jpg",1536,1023,true],"2048x2048":["https:\/\/contextoanalisisperiodistico.com\/wp-content\/uploads\/2024\/12\/IMG-20241203-WA0124.jpg",1600,1066,false],"covernews-slider-full":["https:\/\/contextoanalisisperiodistico.com\/wp-content\/uploads\/2024\/12\/IMG-20241203-WA0124-1115x715.jpg",1115,715,true],"covernews-slider-center":["https:\/\/contextoanalisisperiodistico.com\/wp-content\/uploads\/2024\/12\/IMG-20241203-WA0124-800x500.jpg",800,500,true],"covernews-featured":["https:\/\/contextoanalisisperiodistico.com\/wp-content\/uploads\/2024\/12\/IMG-20241203-WA0124-1024x682.jpg",1024,682,true],"covernews-medium":["https:\/\/contextoanalisisperiodistico.com\/wp-content\/uploads\/2024\/12\/IMG-20241203-WA0124-540x340.jpg",540,340,true],"covernews-medium-square":["https:\/\/contextoanalisisperiodistico.com\/wp-content\/uploads\/2024\/12\/IMG-20241203-WA0124-400x250.jpg",400,250,true]},"author_info":{"display_name":"Mario Gir\u00f3n","author_link":"https:\/\/contextoanalisisperiodistico.com\/index.php\/author\/director\/"},"category_info":"<a href=\"https:\/\/contextoanalisisperiodistico.com\/index.php\/category\/politica\/\" rel=\"category tag\">Pol\u00edtica<\/a>","tag_info":"Pol\u00edtica","comment_count":"0","jetpack_featured_media_url":"https:\/\/contextoanalisisperiodistico.com\/wp-content\/uploads\/2024\/12\/IMG-20241203-WA0124.jpg","_links":{"self":[{"href":"https:\/\/contextoanalisisperiodistico.com\/index.php\/wp-json\/wp\/v2\/posts\/34675"}],"collection":[{"href":"https:\/\/contextoanalisisperiodistico.com\/index.php\/wp-json\/wp\/v2\/posts"}],"about":[{"href":"https:\/\/contextoanalisisperiodistico.com\/index.php\/wp-json\/wp\/v2\/types\/post"}],"author":[{"embeddable":true,"href":"https:\/\/contextoanalisisperiodistico.com\/index.php\/wp-json\/wp\/v2\/users\/4"}],"replies":[{"embeddable":true,"href":"https:\/\/contextoanalisisperiodistico.com\/index.php\/wp-json\/wp\/v2\/comments?post=34675"}],"version-history":[{"count":0,"href":"https:\/\/contextoanalisisperiodistico.com\/index.php\/wp-json\/wp\/v2\/posts\/34675\/revisions"}],"wp:featuredmedia":[{"embeddable":true,"href":"https:\/\/contextoanalisisperiodistico.com\/index.php\/wp-json\/wp\/v2\/media\/34674"}],"wp:attachment":[{"href":"https:\/\/contextoanalisisperiodistico.com\/index.php\/wp-json\/wp\/v2\/media?parent=34675"}],"wp:term":[{"taxonomy":"category","embeddable":true,"href":"https:\/\/contextoanalisisperiodistico.com\/index.php\/wp-json\/wp\/v2\/categories?post=34675"},{"taxonomy":"post_tag","embeddable":true,"href":"https:\/\/contextoanalisisperiodistico.com\/index.php\/wp-json\/wp\/v2\/tags?post=34675"}],"curies":[{"name":"wp","href":"https:\/\/api.w.org\/{rel}","templated":true}]}}