{"id":34673,"date":"2024-12-03T11:29:39","date_gmt":"2024-12-03T17:29:39","guid":{"rendered":"https:\/\/contextoanalisisperiodistico.com\/index.php\/2024\/12\/03\/semovi-en-territorio-acerca-servicios-a-las-regiones-del-estado\/"},"modified":"2024-12-03T11:29:39","modified_gmt":"2024-12-03T17:29:39","slug":"semovi-en-territorio-acerca-servicios-a-las-regiones-del-estado","status":"publish","type":"post","link":"https:\/\/contextoanalisisperiodistico.com\/index.php\/2024\/12\/03\/semovi-en-territorio-acerca-servicios-a-las-regiones-del-estado\/","title":{"rendered":"Semovi en Territorio acerca servicios a las regiones del estado"},"content":{"rendered":"<div id=\"fb-root\"><\/div>\n\n<p>\u2022 En su octava edici\u00f3n, se atendi\u00f3 a cerca de mil personas concesionarias en Santa Cruz Huatulco<\/p>\n\n\n\n<figure class=\"wp-block-image size-large\"><img fetchpriority=\"high\" decoding=\"async\" width=\"768\" height=\"1024\" src=\"https:\/\/contextoanalisisperiodistico.com\/wp-content\/uploads\/2024\/12\/img-20241203-wa00975016832924451104422-768x1024.jpg\" alt=\"\" class=\"wp-image-34670\" srcset=\"https:\/\/contextoanalisisperiodistico.com\/wp-content\/uploads\/2024\/12\/img-20241203-wa00975016832924451104422-768x1024.jpg 768w, https:\/\/contextoanalisisperiodistico.com\/wp-content\/uploads\/2024\/12\/img-20241203-wa00975016832924451104422-225x300.jpg 225w, https:\/\/contextoanalisisperiodistico.com\/wp-content\/uploads\/2024\/12\/img-20241203-wa00975016832924451104422-1152x1536.jpg 1152w, https:\/\/contextoanalisisperiodistico.com\/wp-content\/uploads\/2024\/12\/img-20241203-wa00975016832924451104422-1024x1365.jpg 1024w, https:\/\/contextoanalisisperiodistico.com\/wp-content\/uploads\/2024\/12\/img-20241203-wa00975016832924451104422.jpg 1200w\" sizes=\"(max-width: 768px) 100vw, 768px\" \/><\/figure>\n\n\n\n<figure class=\"wp-block-image\"><img decoding=\"async\" width=\"768\" height=\"1024\" src=\"https:\/\/contextoanalisisperiodistico.com\/wp-content\/uploads\/2024\/12\/img-20241203-wa00983470498562046716518-768x1024.jpg\" alt=\"\" class=\"wp-image-34672\" srcset=\"https:\/\/contextoanalisisperiodistico.com\/wp-content\/uploads\/2024\/12\/img-20241203-wa00983470498562046716518-768x1024.jpg 768w, https:\/\/contextoanalisisperiodistico.com\/wp-content\/uploads\/2024\/12\/img-20241203-wa00983470498562046716518-225x300.jpg 225w, https:\/\/contextoanalisisperiodistico.com\/wp-content\/uploads\/2024\/12\/img-20241203-wa00983470498562046716518.jpg 960w\" sizes=\"(max-width: 768px) 100vw, 768px\" \/><\/figure>\n\n\n\n<figure class=\"wp-block-image\"><img decoding=\"async\" width=\"1024\" height=\"576\" src=\"https:\/\/contextoanalisisperiodistico.com\/wp-content\/uploads\/2024\/12\/img-20241203-wa01005454312511742345719-1024x576.jpg\" alt=\"\" class=\"wp-image-34669\" srcset=\"https:\/\/contextoanalisisperiodistico.com\/wp-content\/uploads\/2024\/12\/img-20241203-wa01005454312511742345719-1024x576.jpg 1024w, https:\/\/contextoanalisisperiodistico.com\/wp-content\/uploads\/2024\/12\/img-20241203-wa01005454312511742345719-300x169.jpg 300w, https:\/\/contextoanalisisperiodistico.com\/wp-content\/uploads\/2024\/12\/img-20241203-wa01005454312511742345719-768x432.jpg 768w, https:\/\/contextoanalisisperiodistico.com\/wp-content\/uploads\/2024\/12\/img-20241203-wa01005454312511742345719-1536x864.jpg 1536w, https:\/\/contextoanalisisperiodistico.com\/wp-content\/uploads\/2024\/12\/img-20241203-wa01005454312511742345719.jpg 1600w\" sizes=\"(max-width: 1024px) 100vw, 1024px\" \/><\/figure>\n\n\n\n<figure class=\"wp-block-image\"><img loading=\"lazy\" decoding=\"async\" width=\"1024\" height=\"768\" src=\"https:\/\/contextoanalisisperiodistico.com\/wp-content\/uploads\/2024\/12\/img-20241203-wa00961633949646817827616-1024x768.jpg\" alt=\"\" class=\"wp-image-34671\" srcset=\"https:\/\/contextoanalisisperiodistico.com\/wp-content\/uploads\/2024\/12\/img-20241203-wa00961633949646817827616-1024x768.jpg 1024w, https:\/\/contextoanalisisperiodistico.com\/wp-content\/uploads\/2024\/12\/img-20241203-wa00961633949646817827616-300x225.jpg 300w, https:\/\/contextoanalisisperiodistico.com\/wp-content\/uploads\/2024\/12\/img-20241203-wa00961633949646817827616-768x576.jpg 768w, https:\/\/contextoanalisisperiodistico.com\/wp-content\/uploads\/2024\/12\/img-20241203-wa00961633949646817827616.jpg 1280w\" sizes=\"(max-width: 1024px) 100vw, 1024px\" \/><\/figure>\n\n\n\n<p>San Antonio de la Cal, Oax. 3 de diciembre de 2024.-La Secretar\u00eda de Movilidad (Semovi) llev\u00f3 a cabo la octava edici\u00f3n del programa Semovi en Territorio en la agencia municipal de Santa Cruz Huatulco, en la que se atendi\u00f3 a cerca de mil personas concesionarias durante dos jornadas de trabajo.<\/p>\n\n\n\n<p>Este esfuerzo forma parte de la estrategia implementada por el Gobernador Salom\u00f3n Jara Cruz para acercar los servicios y tr\u00e1mites a las distintas regiones de Oaxaca, con el objetivo de facilitar la regularizaci\u00f3n de concesiones y evitar costos adicionales que se puedan enfrentar al contratar gestores.<\/p>\n\n\n\n<p>A lo largo de dos d\u00edas, se recibieron 210 solicitudes, se brind\u00f3 informaci\u00f3n a 700 personas y se atendieron un total de 910 personas concesionarias. Con ello, tambi\u00e9n, se garantiza un transporte p\u00fablico seguro, eficiente y de calidad para la poblaci\u00f3n oaxaque\u00f1a.<\/p>\n\n\n\n<p>David Alvarado, concesionario de Santa Cruz Huatulco, reconoci\u00f3 el apoyo que se brind\u00f3. \u00abMuchas gracias al Gobernador y a la Secretar\u00eda de Movilidad por permitirnos realizar estos tr\u00e1mites de manera directa, sin tener que recurrir a gestores ni ir hasta la ciudad de Oaxaca, lo cual me ahorr\u00f3 tiempo y dinero. Fue un proceso r\u00e1pido y sencillo\u00bb.<\/p>\n\n\n\n<p>Semovi en Territorio ha brindado atenci\u00f3n en municipios como Juchit\u00e1n de Zaragoza, Acatl\u00e1n de P\u00e9rez Figueroa, San Juan Bautista Tuxtepec, Huajuapan de Le\u00f3n, San Pedro Pochutla, adem\u00e1s de la agencia de Puerto Escondido, entre otros; con el compromiso continuo de trabajar en la descentralizaci\u00f3n de servicios y la atenci\u00f3n directa a las necesidades de las personas concesionarias en todo el estado.<\/p>\n\n\n\n<p>-0-<\/p>\n","protected":false},"excerpt":{"rendered":"<p>\u2022 En su octava edici\u00f3n, se atendi\u00f3 a cerca de mil personas concesionarias en Santa&#8230;<\/p>\n","protected":false},"author":4,"featured_media":34668,"comment_status":"","ping_status":"open","sticky":false,"template":"","format":"standard","meta":{"footnotes":""},"categories":[9],"tags":[],"jetpack_sharing_enabled":true,"featured_image_urls":{"full":["https:\/\/contextoanalisisperiodistico.com\/wp-content\/uploads\/2024\/12\/IMG-20241203-WA0099.jpg",1280,960,false],"thumbnail":["https:\/\/contextoanalisisperiodistico.com\/wp-content\/uploads\/2024\/12\/IMG-20241203-WA0099-150x150.jpg",150,150,true],"medium":["https:\/\/contextoanalisisperiodistico.com\/wp-content\/uploads\/2024\/12\/IMG-20241203-WA0099-300x225.jpg",300,225,true],"medium_large":["https:\/\/contextoanalisisperiodistico.com\/wp-content\/uploads\/2024\/12\/IMG-20241203-WA0099-768x576.jpg",640,480,true],"large":["https:\/\/contextoanalisisperiodistico.com\/wp-content\/uploads\/2024\/12\/IMG-20241203-WA0099-1024x768.jpg",640,480,true],"1536x1536":["https:\/\/contextoanalisisperiodistico.com\/wp-content\/uploads\/2024\/12\/IMG-20241203-WA0099.jpg",1280,960,false],"2048x2048":["https:\/\/contextoanalisisperiodistico.com\/wp-content\/uploads\/2024\/12\/IMG-20241203-WA0099.jpg",1280,960,false],"covernews-slider-full":["https:\/\/contextoanalisisperiodistico.com\/wp-content\/uploads\/2024\/12\/IMG-20241203-WA0099-1115x715.jpg",1115,715,true],"covernews-slider-center":["https:\/\/contextoanalisisperiodistico.com\/wp-content\/uploads\/2024\/12\/IMG-20241203-WA0099-800x500.jpg",800,500,true],"covernews-featured":["https:\/\/contextoanalisisperiodistico.com\/wp-content\/uploads\/2024\/12\/IMG-20241203-WA0099-1024x768.jpg",1024,768,true],"covernews-medium":["https:\/\/contextoanalisisperiodistico.com\/wp-content\/uploads\/2024\/12\/IMG-20241203-WA0099-540x340.jpg",540,340,true],"covernews-medium-square":["https:\/\/contextoanalisisperiodistico.com\/wp-content\/uploads\/2024\/12\/IMG-20241203-WA0099-400x250.jpg",400,250,true]},"author_info":{"display_name":"Mario Gir\u00f3n","author_link":"https:\/\/contextoanalisisperiodistico.com\/index.php\/author\/director\/"},"category_info":"<a href=\"https:\/\/contextoanalisisperiodistico.com\/index.php\/category\/politica\/\" rel=\"category tag\">Pol\u00edtica<\/a>","tag_info":"Pol\u00edtica","comment_count":"0","jetpack_featured_media_url":"https:\/\/contextoanalisisperiodistico.com\/wp-content\/uploads\/2024\/12\/IMG-20241203-WA0099.jpg","_links":{"self":[{"href":"https:\/\/contextoanalisisperiodistico.com\/index.php\/wp-json\/wp\/v2\/posts\/34673"}],"collection":[{"href":"https:\/\/contextoanalisisperiodistico.com\/index.php\/wp-json\/wp\/v2\/posts"}],"about":[{"href":"https:\/\/contextoanalisisperiodistico.com\/index.php\/wp-json\/wp\/v2\/types\/post"}],"author":[{"embeddable":true,"href":"https:\/\/contextoanalisisperiodistico.com\/index.php\/wp-json\/wp\/v2\/users\/4"}],"replies":[{"embeddable":true,"href":"https:\/\/contextoanalisisperiodistico.com\/index.php\/wp-json\/wp\/v2\/comments?post=34673"}],"version-history":[{"count":0,"href":"https:\/\/contextoanalisisperiodistico.com\/index.php\/wp-json\/wp\/v2\/posts\/34673\/revisions"}],"wp:featuredmedia":[{"embeddable":true,"href":"https:\/\/contextoanalisisperiodistico.com\/index.php\/wp-json\/wp\/v2\/media\/34668"}],"wp:attachment":[{"href":"https:\/\/contextoanalisisperiodistico.com\/index.php\/wp-json\/wp\/v2\/media?parent=34673"}],"wp:term":[{"taxonomy":"category","embeddable":true,"href":"https:\/\/contextoanalisisperiodistico.com\/index.php\/wp-json\/wp\/v2\/categories?post=34673"},{"taxonomy":"post_tag","embeddable":true,"href":"https:\/\/contextoanalisisperiodistico.com\/index.php\/wp-json\/wp\/v2\/tags?post=34673"}],"curies":[{"name":"wp","href":"https:\/\/api.w.org\/{rel}","templated":true}]}}