{"id":34662,"date":"2024-12-02T17:21:36","date_gmt":"2024-12-02T23:21:36","guid":{"rendered":"https:\/\/contextoanalisisperiodistico.com\/index.php\/2024\/12\/02\/arranca-dif-oaxaca-la-campana-la-inclusion-te-incluye\/"},"modified":"2024-12-02T17:22:09","modified_gmt":"2024-12-02T23:22:09","slug":"arranca-dif-oaxaca-la-campana-la-inclusion-te-incluye","status":"publish","type":"post","link":"https:\/\/contextoanalisisperiodistico.com\/index.php\/2024\/12\/02\/arranca-dif-oaxaca-la-campana-la-inclusion-te-incluye\/","title":{"rendered":"Arranca DIF Oaxaca&nbsp; campa\u00f1a La inclusi\u00f3n te incluye"},"content":{"rendered":"<div id=\"fb-root\"><\/div>\n\n<p>\u2022 El Gobernador del Estado, Salom\u00f3n Jara Cruz y la Presidenta Honoraria, Irma Bola\u00f1os encabezan el evento de arranque de esta iniciativa a cargo de la Propcd<\/p>\n\n\n\n<figure class=\"wp-block-image size-large\"><img fetchpriority=\"high\" decoding=\"async\" width=\"1024\" height=\"682\" src=\"https:\/\/contextoanalisisperiodistico.com\/wp-content\/uploads\/2024\/12\/img-20241202-wa01828141234601456943117-1024x682.jpg\" alt=\"\" class=\"wp-image-34657\" srcset=\"https:\/\/contextoanalisisperiodistico.com\/wp-content\/uploads\/2024\/12\/img-20241202-wa01828141234601456943117-1024x682.jpg 1024w, https:\/\/contextoanalisisperiodistico.com\/wp-content\/uploads\/2024\/12\/img-20241202-wa01828141234601456943117-300x200.jpg 300w, https:\/\/contextoanalisisperiodistico.com\/wp-content\/uploads\/2024\/12\/img-20241202-wa01828141234601456943117-768x512.jpg 768w, https:\/\/contextoanalisisperiodistico.com\/wp-content\/uploads\/2024\/12\/img-20241202-wa01828141234601456943117-1536x1023.jpg 1536w, https:\/\/contextoanalisisperiodistico.com\/wp-content\/uploads\/2024\/12\/img-20241202-wa01828141234601456943117.jpg 1600w\" sizes=\"(max-width: 1024px) 100vw, 1024px\" \/><\/figure>\n\n\n\n<figure class=\"wp-block-image\"><img decoding=\"async\" width=\"1024\" height=\"682\" src=\"https:\/\/contextoanalisisperiodistico.com\/wp-content\/uploads\/2024\/12\/img-20241202-wa01837084687717069668446-1024x682.jpg\" alt=\"\" class=\"wp-image-34658\" srcset=\"https:\/\/contextoanalisisperiodistico.com\/wp-content\/uploads\/2024\/12\/img-20241202-wa01837084687717069668446-1024x682.jpg 1024w, https:\/\/contextoanalisisperiodistico.com\/wp-content\/uploads\/2024\/12\/img-20241202-wa01837084687717069668446-300x200.jpg 300w, https:\/\/contextoanalisisperiodistico.com\/wp-content\/uploads\/2024\/12\/img-20241202-wa01837084687717069668446-768x512.jpg 768w, https:\/\/contextoanalisisperiodistico.com\/wp-content\/uploads\/2024\/12\/img-20241202-wa01837084687717069668446-1536x1023.jpg 1536w, https:\/\/contextoanalisisperiodistico.com\/wp-content\/uploads\/2024\/12\/img-20241202-wa01837084687717069668446.jpg 1600w\" sizes=\"(max-width: 1024px) 100vw, 1024px\" \/><\/figure>\n\n\n\n<figure class=\"wp-block-image\"><img decoding=\"async\" width=\"1024\" height=\"682\" src=\"https:\/\/contextoanalisisperiodistico.com\/wp-content\/uploads\/2024\/12\/img-20241202-wa01806463066525344078398-1024x682.jpg\" alt=\"\" class=\"wp-image-34659\" srcset=\"https:\/\/contextoanalisisperiodistico.com\/wp-content\/uploads\/2024\/12\/img-20241202-wa01806463066525344078398-1024x682.jpg 1024w, https:\/\/contextoanalisisperiodistico.com\/wp-content\/uploads\/2024\/12\/img-20241202-wa01806463066525344078398-300x200.jpg 300w, https:\/\/contextoanalisisperiodistico.com\/wp-content\/uploads\/2024\/12\/img-20241202-wa01806463066525344078398-768x512.jpg 768w, https:\/\/contextoanalisisperiodistico.com\/wp-content\/uploads\/2024\/12\/img-20241202-wa01806463066525344078398-1536x1023.jpg 1536w, https:\/\/contextoanalisisperiodistico.com\/wp-content\/uploads\/2024\/12\/img-20241202-wa01806463066525344078398.jpg 1600w\" sizes=\"(max-width: 1024px) 100vw, 1024px\" \/><\/figure>\n\n\n\n<figure class=\"wp-block-image\"><img loading=\"lazy\" decoding=\"async\" width=\"1024\" height=\"682\" src=\"https:\/\/contextoanalisisperiodistico.com\/wp-content\/uploads\/2024\/12\/img-20241202-wa01857732211329711351895-1024x682.jpg\" alt=\"\" class=\"wp-image-34660\" srcset=\"https:\/\/contextoanalisisperiodistico.com\/wp-content\/uploads\/2024\/12\/img-20241202-wa01857732211329711351895-1024x682.jpg 1024w, https:\/\/contextoanalisisperiodistico.com\/wp-content\/uploads\/2024\/12\/img-20241202-wa01857732211329711351895-300x200.jpg 300w, https:\/\/contextoanalisisperiodistico.com\/wp-content\/uploads\/2024\/12\/img-20241202-wa01857732211329711351895-768x512.jpg 768w, https:\/\/contextoanalisisperiodistico.com\/wp-content\/uploads\/2024\/12\/img-20241202-wa01857732211329711351895-1536x1023.jpg 1536w, https:\/\/contextoanalisisperiodistico.com\/wp-content\/uploads\/2024\/12\/img-20241202-wa01857732211329711351895.jpg 1600w\" sizes=\"(max-width: 1024px) 100vw, 1024px\" \/><\/figure>\n\n\n\n<figure class=\"wp-block-image\"><img loading=\"lazy\" decoding=\"async\" width=\"1024\" height=\"682\" src=\"https:\/\/contextoanalisisperiodistico.com\/wp-content\/uploads\/2024\/12\/img-20241202-wa01866412986704016214742-1024x682.jpg\" alt=\"\" class=\"wp-image-34661\" srcset=\"https:\/\/contextoanalisisperiodistico.com\/wp-content\/uploads\/2024\/12\/img-20241202-wa01866412986704016214742-1024x682.jpg 1024w, https:\/\/contextoanalisisperiodistico.com\/wp-content\/uploads\/2024\/12\/img-20241202-wa01866412986704016214742-300x200.jpg 300w, https:\/\/contextoanalisisperiodistico.com\/wp-content\/uploads\/2024\/12\/img-20241202-wa01866412986704016214742-768x512.jpg 768w, https:\/\/contextoanalisisperiodistico.com\/wp-content\/uploads\/2024\/12\/img-20241202-wa01866412986704016214742-1536x1023.jpg 1536w, https:\/\/contextoanalisisperiodistico.com\/wp-content\/uploads\/2024\/12\/img-20241202-wa01866412986704016214742.jpg 1600w\" sizes=\"(max-width: 1024px) 100vw, 1024px\" \/><\/figure>\n\n\n\n<p>\u2022 Se busca garantizar el ejercicio pleno de los derechos de las personas con discapacidad<\/p>\n\n\n\n<p>San Raymundo Jalpan, Oax., 2 de diciembre de 2024.- Con la finalidad de impulsar una cruzada por la dignidad de las personas con discapacidad, el Sistema para el Desarrollo Integral de la Familia (DIF) Oaxaca arranc\u00f3 la campa\u00f1a La inclusi\u00f3n te incluye, con la cual se busca consolidar alianzas estrat\u00e9gicas con el sector p\u00fablico y empresas del sector privado para fortalecer las pol\u00edticas inclusivas que garanticen el ejercicio pleno de sus derechos en todos los \u00e1mbitos.<\/p>\n\n\n\n<p>El evento estuvo encabezado por el Gobernador del Estado, Salom\u00f3n Jara Cruz y la Presidenta honoraria del organismo estatal, Irma Bola\u00f1os Quijano, as\u00ed como representantes de la sociedad civil con diferentes enfoques de discapacidad e integrantes del Centro de Investigaciones Jur\u00eddicas de la Universidad Aut\u00f3noma Benito Ju\u00e1rez de Oaxaca (UABJO).<\/p>\n\n\n\n<p>Tuvo como sede el Centro de Rehabilitaci\u00f3n Infantil Telet\u00f3n (CRIT) Oaxaca dirigido por Mar\u00eda Elena Marrufo Tenorio, donde el titular del Poder Ejecutivo refrend\u00f3 el compromiso de la Primavera Oaxaque\u00f1a de contribuir a la reparaci\u00f3n hist\u00f3rica del pueblo en un nuevo pacto social de paz con justicia, donde nadie debe quedarse atr\u00e1s y nadie debe quedarse afuera.<\/p>\n\n\n\n<p>\u201cA dos a\u00f1os de trabajar como nunca, nos anima el amor por Oaxaca, donde damos marcha a una amplia pol\u00edtica de inclusi\u00f3n social que nos est\u00e1 permitiendo generar el desarrollo integral de la ciudadan\u00eda en las ocho regiones del estado\u201d, destac\u00f3 en compa\u00f1\u00eda tambi\u00e9n de la procuradora de la Defensa de las Personas con Discapacidad (Propcd), Violeta Alc\u00e1ntara Ram\u00edrez y la diputada local, Kelly Cabrera Gonz\u00e1lez.<\/p>\n\n\n\n<p>Por medio de esta campa\u00f1a, continu\u00f3 Jara Cruz, se impulsa una gran cruzada por la dignidad y la inclusi\u00f3n, en la que se hace patente la voluntad de su gobierno para que ninguna oaxaque\u00f1a u oaxaque\u00f1o quede al margen de los beneficios de las pol\u00edticas de asistencia social.<\/p>\n\n\n\n<p>En su oportunidad, la directora general del Sistema DIF Oaxaca, Maribel Salinas Velasco destac\u00f3 en la necesidad de insistir en la cultura de la inclusi\u00f3n, la cual obliga a todas y todos a participar activamente, porque a\u00fan en la actualidad existen actitudes y pr\u00e1cticas que limitan la inclusi\u00f3n efectiva de las personas con discapacidad en los \u00e1mbitos educativos, en el empleo, el acceso a servicios y la participaci\u00f3n social; es decir, al ejercicio pleno de derechos b\u00e1sicos.<\/p>\n\n\n\n<p>Se entregaron constancias por la conclusi\u00f3n del curso de lectura y escritura del sistema Braille a personas con discapacidad visual, as\u00ed como actas de nacimiento de manera gratuita e impresa en sistema Braille, aunado a la entrega de reconocimientos como parte de la estrategia Abriendo Espacios a los grupos Modelos y comercial Chedraui.<\/p>\n\n\n\n<p>Al evento asistieron representantes de la fundaci\u00f3n Coraz\u00f3n Down, las asociaciones de Sordos del Estado de Oaxaca y de Deportes sobre Silla de Ruedas y Amputados y Talla Baja del Estado.<\/p>\n\n\n\n<p>Adem\u00e1s del Centro de Atenci\u00f3n Integral para Ciegos y D\u00e9biles Visuales, as\u00ed como los titulares de la Direcci\u00f3n del Registro Civil, Alfredo Santiago Ch\u00e1vez y del Instituto Estatal de Educaci\u00f3n para Adultos (IEEA), Reynaldo Maga\u00f1a Garc\u00eda.<\/p>\n\n\n\n<p>-0-<\/p>\n\n\n\n<p><\/p>\n\n\n\n<p><\/p>\n","protected":false},"excerpt":{"rendered":"<p>\u2022 El Gobernador del Estado, Salom\u00f3n Jara Cruz y la Presidenta Honoraria, Irma Bola\u00f1os encabezan&#8230;<\/p>\n","protected":false},"author":4,"featured_media":34656,"comment_status":"closed","ping_status":"open","sticky":false,"template":"","format":"standard","meta":{"footnotes":""},"categories":[9],"tags":[],"jetpack_sharing_enabled":true,"featured_image_urls":{"full":["https:\/\/contextoanalisisperiodistico.com\/wp-content\/uploads\/2024\/12\/IMG-20241202-WA0181.jpg",1600,1066,false],"thumbnail":["https:\/\/contextoanalisisperiodistico.com\/wp-content\/uploads\/2024\/12\/IMG-20241202-WA0181-150x150.jpg",150,150,true],"medium":["https:\/\/contextoanalisisperiodistico.com\/wp-content\/uploads\/2024\/12\/IMG-20241202-WA0181-300x200.jpg",300,200,true],"medium_large":["https:\/\/contextoanalisisperiodistico.com\/wp-content\/uploads\/2024\/12\/IMG-20241202-WA0181-768x512.jpg",640,427,true],"large":["https:\/\/contextoanalisisperiodistico.com\/wp-content\/uploads\/2024\/12\/IMG-20241202-WA0181-1024x682.jpg",640,426,true],"1536x1536":["https:\/\/contextoanalisisperiodistico.com\/wp-content\/uploads\/2024\/12\/IMG-20241202-WA0181-1536x1023.jpg",1536,1023,true],"2048x2048":["https:\/\/contextoanalisisperiodistico.com\/wp-content\/uploads\/2024\/12\/IMG-20241202-WA0181.jpg",1600,1066,false],"covernews-slider-full":["https:\/\/contextoanalisisperiodistico.com\/wp-content\/uploads\/2024\/12\/IMG-20241202-WA0181-1115x715.jpg",1115,715,true],"covernews-slider-center":["https:\/\/contextoanalisisperiodistico.com\/wp-content\/uploads\/2024\/12\/IMG-20241202-WA0181-800x500.jpg",800,500,true],"covernews-featured":["https:\/\/contextoanalisisperiodistico.com\/wp-content\/uploads\/2024\/12\/IMG-20241202-WA0181-1024x682.jpg",1024,682,true],"covernews-medium":["https:\/\/contextoanalisisperiodistico.com\/wp-content\/uploads\/2024\/12\/IMG-20241202-WA0181-540x340.jpg",540,340,true],"covernews-medium-square":["https:\/\/contextoanalisisperiodistico.com\/wp-content\/uploads\/2024\/12\/IMG-20241202-WA0181-400x250.jpg",400,250,true]},"author_info":{"display_name":"Mario Gir\u00f3n","author_link":"https:\/\/contextoanalisisperiodistico.com\/index.php\/author\/director\/"},"category_info":"<a href=\"https:\/\/contextoanalisisperiodistico.com\/index.php\/category\/politica\/\" rel=\"category tag\">Pol\u00edtica<\/a>","tag_info":"Pol\u00edtica","comment_count":"0","jetpack_featured_media_url":"https:\/\/contextoanalisisperiodistico.com\/wp-content\/uploads\/2024\/12\/IMG-20241202-WA0181.jpg","_links":{"self":[{"href":"https:\/\/contextoanalisisperiodistico.com\/index.php\/wp-json\/wp\/v2\/posts\/34662"}],"collection":[{"href":"https:\/\/contextoanalisisperiodistico.com\/index.php\/wp-json\/wp\/v2\/posts"}],"about":[{"href":"https:\/\/contextoanalisisperiodistico.com\/index.php\/wp-json\/wp\/v2\/types\/post"}],"author":[{"embeddable":true,"href":"https:\/\/contextoanalisisperiodistico.com\/index.php\/wp-json\/wp\/v2\/users\/4"}],"replies":[{"embeddable":true,"href":"https:\/\/contextoanalisisperiodistico.com\/index.php\/wp-json\/wp\/v2\/comments?post=34662"}],"version-history":[{"count":1,"href":"https:\/\/contextoanalisisperiodistico.com\/index.php\/wp-json\/wp\/v2\/posts\/34662\/revisions"}],"predecessor-version":[{"id":34663,"href":"https:\/\/contextoanalisisperiodistico.com\/index.php\/wp-json\/wp\/v2\/posts\/34662\/revisions\/34663"}],"wp:featuredmedia":[{"embeddable":true,"href":"https:\/\/contextoanalisisperiodistico.com\/index.php\/wp-json\/wp\/v2\/media\/34656"}],"wp:attachment":[{"href":"https:\/\/contextoanalisisperiodistico.com\/index.php\/wp-json\/wp\/v2\/media?parent=34662"}],"wp:term":[{"taxonomy":"category","embeddable":true,"href":"https:\/\/contextoanalisisperiodistico.com\/index.php\/wp-json\/wp\/v2\/categories?post=34662"},{"taxonomy":"post_tag","embeddable":true,"href":"https:\/\/contextoanalisisperiodistico.com\/index.php\/wp-json\/wp\/v2\/tags?post=34662"}],"curies":[{"name":"wp","href":"https:\/\/api.w.org\/{rel}","templated":true}]}}