{"id":34639,"date":"2024-12-02T11:14:18","date_gmt":"2024-12-02T17:14:18","guid":{"rendered":"https:\/\/contextoanalisisperiodistico.com\/index.php\/2024\/12\/02\/reafirma-la-primavera-oaxaquena-compromiso-para-continuar-con-la-transformacion-del-estado\/"},"modified":"2024-12-02T11:15:24","modified_gmt":"2024-12-02T17:15:24","slug":"reafirma-la-primavera-oaxaquena-compromiso-para-continuar-con-la-transformacion-del-estado","status":"publish","type":"post","link":"https:\/\/contextoanalisisperiodistico.com\/index.php\/2024\/12\/02\/reafirma-la-primavera-oaxaquena-compromiso-para-continuar-con-la-transformacion-del-estado\/","title":{"rendered":"Reafirma la Primavera Oaxaque\u00f1a compromiso de continuar con la transformaci\u00f3n de Oaxaca"},"content":{"rendered":"<div id=\"fb-root\"><\/div>\n\n<p>\u2022 A 24 meses, la administraci\u00f3n del Gobernador Salom\u00f3n Jara se ha caracterizado por ser cercano al pueblo y a sus autoridades<\/p>\n\n\n\n<figure class=\"wp-block-image size-large\"><img fetchpriority=\"high\" decoding=\"async\" width=\"900\" height=\"600\" src=\"https:\/\/contextoanalisisperiodistico.com\/wp-content\/uploads\/2024\/12\/img-20241202-wa00703555551245968135620.jpg\" alt=\"\" class=\"wp-image-34638\" srcset=\"https:\/\/contextoanalisisperiodistico.com\/wp-content\/uploads\/2024\/12\/img-20241202-wa00703555551245968135620.jpg 900w, https:\/\/contextoanalisisperiodistico.com\/wp-content\/uploads\/2024\/12\/img-20241202-wa00703555551245968135620-300x200.jpg 300w, https:\/\/contextoanalisisperiodistico.com\/wp-content\/uploads\/2024\/12\/img-20241202-wa00703555551245968135620-768x512.jpg 768w\" sizes=\"(max-width: 900px) 100vw, 900px\" \/><\/figure>\n\n\n\n<figure class=\"wp-block-image\"><img decoding=\"async\" width=\"300\" height=\"200\" src=\"https:\/\/contextoanalisisperiodistico.com\/wp-content\/uploads\/2024\/12\/img-20241202-wa00686809610509870916593-300x200.jpg\" alt=\"\" class=\"wp-image-34637\" srcset=\"https:\/\/contextoanalisisperiodistico.com\/wp-content\/uploads\/2024\/12\/img-20241202-wa00686809610509870916593-300x200.jpg 300w, https:\/\/contextoanalisisperiodistico.com\/wp-content\/uploads\/2024\/12\/img-20241202-wa00686809610509870916593-768x512.jpg 768w, https:\/\/contextoanalisisperiodistico.com\/wp-content\/uploads\/2024\/12\/img-20241202-wa00686809610509870916593.jpg 900w\" sizes=\"(max-width: 300px) 100vw, 300px\" \/><\/figure>\n\n\n\n<p>Oaxaca de Ju\u00e1rez, Oax. 2 de diciembre de 2024.- El Gobernador Salom\u00f3n Jara Cruz reafirm\u00f3 su compromiso por continuar con el trabajo de combatir el rezago social y abandono que ha enfrentado la poblaci\u00f3n oaxaque\u00f1a, por lo que las acciones que encabeza se dan en un contexto de gobierno de territorio, cercano a las comunidades y autoridades para atenderlos de manera directa.<\/p>\n\n\n\n<p>A 24 meses del inicio de la Primavera Oaxaque\u00f1a, dijo que su administraci\u00f3n trabaja para servir al pueblo, enmarcado en el proyecto de la Cuarta Transformaci\u00f3n que inici\u00f3 con el expresidente Andr\u00e9s Manuel L\u00f3pez Obrador.<\/p>\n\n\n\n<p>\u201cAl pueblo de Oaxaca no le podemos fallar. Seguiremos trabajando con motivaci\u00f3n para sacar al estado adelante\u201d, resalt\u00f3.<\/p>\n\n\n\n<p>Apoyos federales se ver\u00e1n reflejados en Oaxaca<\/p>\n\n\n\n<p>Durante la conferencia de prensa que encabeza semanalmente, el Mandatario estatal inform\u00f3 que, en d\u00edas anteriores se reuni\u00f3 con la subsecretaria de Prevenci\u00f3n del Delito de la Secretar\u00eda de Seguridad y Protecci\u00f3n Ciudadana, Estela Dami\u00e1n y el subsecretario de Gobernaci\u00f3n del Gobierno de M\u00e9xico, C\u00e9sar Y\u00e1\u00f1ez para continuar y reinstalar la Mesa de Inteligencia Agraria que permita resolver conflictos de este tipo de manera satisfactoria.<\/p>\n\n\n\n<p>Tambi\u00e9n, sostuvo una reuni\u00f3n con el titular del Instituto del Fondo Nacional de la Vivienda para los Trabajadores (Infonavit) Octavio Romero Oropeza, quien present\u00f3 el Programa de Vivienda Social (PVS) anunciado por la Presidenta Claudia Sheinbaum Pardo, mediante el cual se construir\u00e1n en Oaxaca m\u00e1s de 60 mil viviendas en dos modalidades: 24 mil para derechohabientes y 40 mil para no derechohabientes, con lo que se coadyuvar\u00e1 a combatir el d\u00e9ficit de poco m\u00e1s de 350 mil casas en la entidad, que beneficiar\u00e1n especialmente a las juventudes.<\/p>\n\n\n\n<p>Jara Cruz detall\u00f3 que se entregaron 57 hect\u00e1reas de terreno -propiedad del Estado- que se clasificar\u00e1n para que se determine cu\u00e1les se asignar\u00e1 a cada modalidad. De esta manera, en enero de 2025 se dar\u00e1 inicio a la construcci\u00f3n de 16 mil viviendas ubicadas en municipios conurbados a la capital oaxaque\u00f1a. Derivado de ello, se generar\u00e1n 300 mil empleos directos.<\/p>\n\n\n\n<p>Reforma a los organismos aut\u00f3nomos, acci\u00f3n de combate a la corrupci\u00f3n<\/p>\n\n\n\n<p>El Gobernante oaxaque\u00f1o expres\u00f3 su respaldo a la aprobaci\u00f3n de la Reforma Constitucional relativa a la desaparici\u00f3n de algunos organismos aut\u00f3nomos federales que eran onerosos y opacados por m\u00faltiples esc\u00e1ndalos de corrupci\u00f3n.<\/p>\n\n\n\n<p>CADERR impulsar\u00e1 la econom\u00eda mexicana<\/p>\n\n\n\n<p>Asimismo, destac\u00f3 el acierto de la Presidenta Claudia Sheinbaum al presentar el Consejo Asesor de Desarrollo Econ\u00f3mico Regional y Relocalizaci\u00f3n (CADERR), en cuya instancia surgir\u00e1n planes y propuestas para diversificar el comercio con la regi\u00f3n de Norteam\u00e9rica y con otros polos mundiales emergentes.<\/p>\n\n\n\n<p>Este organismo impulsar\u00e1 la relocalizaci\u00f3n de empresas, as\u00ed como el desarrollo econ\u00f3mico e industrial en los Polos de Desarrollo para el Bienestar (Podebis) que incluyen al Corredor Interoce\u00e1nico del Istmo de Tehuantepec (CIIT). Con ello, se estima que se lograr\u00e1 el crecimiento de 2.5 por ciento, con la potencializaci\u00f3n de las cadenas productivas, que permitir\u00e1 sustituir importaciones y promover las fabricaciones hechas en M\u00e9xico.<\/p>\n\n\n\n<p>-0-<\/p>\n","protected":false},"excerpt":{"rendered":"<p>\u2022 A 24 meses, la administraci\u00f3n del Gobernador Salom\u00f3n Jara se ha caracterizado por ser&#8230;<\/p>\n","protected":false},"author":4,"featured_media":34636,"comment_status":"closed","ping_status":"open","sticky":false,"template":"","format":"standard","meta":{"footnotes":""},"categories":[9],"tags":[],"jetpack_sharing_enabled":true,"featured_image_urls":{"full":["https:\/\/contextoanalisisperiodistico.com\/wp-content\/uploads\/2024\/12\/IMG-20241202-WA0069.jpg",900,600,false],"thumbnail":["https:\/\/contextoanalisisperiodistico.com\/wp-content\/uploads\/2024\/12\/IMG-20241202-WA0069-150x150.jpg",150,150,true],"medium":["https:\/\/contextoanalisisperiodistico.com\/wp-content\/uploads\/2024\/12\/IMG-20241202-WA0069-300x200.jpg",300,200,true],"medium_large":["https:\/\/contextoanalisisperiodistico.com\/wp-content\/uploads\/2024\/12\/IMG-20241202-WA0069-768x512.jpg",640,427,true],"large":["https:\/\/contextoanalisisperiodistico.com\/wp-content\/uploads\/2024\/12\/IMG-20241202-WA0069.jpg",640,427,false],"1536x1536":["https:\/\/contextoanalisisperiodistico.com\/wp-content\/uploads\/2024\/12\/IMG-20241202-WA0069.jpg",900,600,false],"2048x2048":["https:\/\/contextoanalisisperiodistico.com\/wp-content\/uploads\/2024\/12\/IMG-20241202-WA0069.jpg",900,600,false],"covernews-slider-full":["https:\/\/contextoanalisisperiodistico.com\/wp-content\/uploads\/2024\/12\/IMG-20241202-WA0069.jpg",900,600,false],"covernews-slider-center":["https:\/\/contextoanalisisperiodistico.com\/wp-content\/uploads\/2024\/12\/IMG-20241202-WA0069-800x500.jpg",800,500,true],"covernews-featured":["https:\/\/contextoanalisisperiodistico.com\/wp-content\/uploads\/2024\/12\/IMG-20241202-WA0069.jpg",900,600,false],"covernews-medium":["https:\/\/contextoanalisisperiodistico.com\/wp-content\/uploads\/2024\/12\/IMG-20241202-WA0069-540x340.jpg",540,340,true],"covernews-medium-square":["https:\/\/contextoanalisisperiodistico.com\/wp-content\/uploads\/2024\/12\/IMG-20241202-WA0069-400x250.jpg",400,250,true]},"author_info":{"display_name":"Mario Gir\u00f3n","author_link":"https:\/\/contextoanalisisperiodistico.com\/index.php\/author\/director\/"},"category_info":"<a href=\"https:\/\/contextoanalisisperiodistico.com\/index.php\/category\/politica\/\" rel=\"category tag\">Pol\u00edtica<\/a>","tag_info":"Pol\u00edtica","comment_count":"0","jetpack_featured_media_url":"https:\/\/contextoanalisisperiodistico.com\/wp-content\/uploads\/2024\/12\/IMG-20241202-WA0069.jpg","_links":{"self":[{"href":"https:\/\/contextoanalisisperiodistico.com\/index.php\/wp-json\/wp\/v2\/posts\/34639"}],"collection":[{"href":"https:\/\/contextoanalisisperiodistico.com\/index.php\/wp-json\/wp\/v2\/posts"}],"about":[{"href":"https:\/\/contextoanalisisperiodistico.com\/index.php\/wp-json\/wp\/v2\/types\/post"}],"author":[{"embeddable":true,"href":"https:\/\/contextoanalisisperiodistico.com\/index.php\/wp-json\/wp\/v2\/users\/4"}],"replies":[{"embeddable":true,"href":"https:\/\/contextoanalisisperiodistico.com\/index.php\/wp-json\/wp\/v2\/comments?post=34639"}],"version-history":[{"count":1,"href":"https:\/\/contextoanalisisperiodistico.com\/index.php\/wp-json\/wp\/v2\/posts\/34639\/revisions"}],"predecessor-version":[{"id":34640,"href":"https:\/\/contextoanalisisperiodistico.com\/index.php\/wp-json\/wp\/v2\/posts\/34639\/revisions\/34640"}],"wp:featuredmedia":[{"embeddable":true,"href":"https:\/\/contextoanalisisperiodistico.com\/index.php\/wp-json\/wp\/v2\/media\/34636"}],"wp:attachment":[{"href":"https:\/\/contextoanalisisperiodistico.com\/index.php\/wp-json\/wp\/v2\/media?parent=34639"}],"wp:term":[{"taxonomy":"category","embeddable":true,"href":"https:\/\/contextoanalisisperiodistico.com\/index.php\/wp-json\/wp\/v2\/categories?post=34639"},{"taxonomy":"post_tag","embeddable":true,"href":"https:\/\/contextoanalisisperiodistico.com\/index.php\/wp-json\/wp\/v2\/tags?post=34639"}],"curies":[{"name":"wp","href":"https:\/\/api.w.org\/{rel}","templated":true}]}}