{"id":34351,"date":"2024-11-26T09:24:48","date_gmt":"2024-11-26T15:24:48","guid":{"rendered":"https:\/\/contextoanalisisperiodistico.com\/index.php\/2024\/11\/26\/refuerza-sso-estrategias-para-disminuir-la-muerte-materna\/"},"modified":"2024-11-26T09:26:32","modified_gmt":"2024-11-26T15:26:32","slug":"refuerza-sso-estrategias-para-disminuir-la-muerte-materna","status":"publish","type":"post","link":"https:\/\/contextoanalisisperiodistico.com\/index.php\/2024\/11\/26\/refuerza-sso-estrategias-para-disminuir-la-muerte-materna\/","title":{"rendered":"Refuerza SSO estrategias para disminuir la muerte materna"},"content":{"rendered":"<div id=\"fb-root\"><\/div>\n\n<p>\u2022 Capacita a personal m\u00e9dico y de enfermer\u00eda sobre Emergencias Obst\u00e9tricas<\/p>\n\n\n\n<figure class=\"wp-block-image size-large\"><img fetchpriority=\"high\" decoding=\"async\" width=\"900\" height=\"506\" src=\"https:\/\/contextoanalisisperiodistico.com\/wp-content\/uploads\/2024\/11\/img-20241126-wa00477578668086450571676.jpg\" alt=\"\" class=\"wp-image-34349\" srcset=\"https:\/\/contextoanalisisperiodistico.com\/wp-content\/uploads\/2024\/11\/img-20241126-wa00477578668086450571676.jpg 900w, https:\/\/contextoanalisisperiodistico.com\/wp-content\/uploads\/2024\/11\/img-20241126-wa00477578668086450571676-300x169.jpg 300w, https:\/\/contextoanalisisperiodistico.com\/wp-content\/uploads\/2024\/11\/img-20241126-wa00477578668086450571676-768x432.jpg 768w\" sizes=\"(max-width: 900px) 100vw, 900px\" \/><\/figure>\n\n\n\n<figure class=\"wp-block-image\"><img decoding=\"async\" width=\"300\" height=\"169\" src=\"https:\/\/contextoanalisisperiodistico.com\/wp-content\/uploads\/2024\/11\/img-20241126-wa00452875449027454127650-300x169.jpg\" alt=\"\" class=\"wp-image-34348\" srcset=\"https:\/\/contextoanalisisperiodistico.com\/wp-content\/uploads\/2024\/11\/img-20241126-wa00452875449027454127650-300x169.jpg 300w, https:\/\/contextoanalisisperiodistico.com\/wp-content\/uploads\/2024\/11\/img-20241126-wa00452875449027454127650-768x432.jpg 768w, https:\/\/contextoanalisisperiodistico.com\/wp-content\/uploads\/2024\/11\/img-20241126-wa00452875449027454127650.jpg 900w\" sizes=\"(max-width: 300px) 100vw, 300px\" \/><\/figure>\n\n\n\n<figure class=\"wp-block-image\"><img decoding=\"async\" width=\"300\" height=\"169\" src=\"https:\/\/contextoanalisisperiodistico.com\/wp-content\/uploads\/2024\/11\/img-20241126-wa00442312781325637984069-300x169.jpg\" alt=\"\" class=\"wp-image-34350\" srcset=\"https:\/\/contextoanalisisperiodistico.com\/wp-content\/uploads\/2024\/11\/img-20241126-wa00442312781325637984069-300x169.jpg 300w, https:\/\/contextoanalisisperiodistico.com\/wp-content\/uploads\/2024\/11\/img-20241126-wa00442312781325637984069-768x432.jpg 768w, https:\/\/contextoanalisisperiodistico.com\/wp-content\/uploads\/2024\/11\/img-20241126-wa00442312781325637984069.jpg 900w\" sizes=\"(max-width: 300px) 100vw, 300px\" \/><\/figure>\n\n\n\n<p>Oaxaca de Ju\u00e1rez, Oax. 26 de noviembre de 2024.- A fin de reforzar acciones tendientes a disminuir la muerte materna, Servicios de Salud de Oaxaca (SSO) a trav\u00e9s de la Jurisdicci\u00f3n Sanitaria 1 Valles Centrales, llev\u00f3 a cabo un curso taller sobre Emergencias Obst\u00e9tricas.<\/p>\n\n\n\n<p>Durante el acto inaugural, la jefa jurisdiccional Aurelia Guerra Mart\u00ednez detall\u00f3 que este tema de salud p\u00fablica es una prioridad para el Gobierno de Oaxaca, por lo que esta jornada acad\u00e9mica est\u00e1 dirigida a las y los m\u00e9dicos generales y enfermeras de las unidades de salud de los municipios con mayor morbilidad y mortalidad materna, as\u00ed como de centros m\u00e9dicos privados que han presentado casos.<\/p>\n\n\n\n<p>Con ello, se busca crear conciencia de la importancia que tiene el cuidado de la salud materna y la prevenci\u00f3n de enfermedades durante el embarazo, parto y puerperio y de la persona reci\u00e9n nacida, as\u00ed como estandarizar los procesos de atenci\u00f3n y lineamientos de las emergencias obst\u00e9tricas.<\/p>\n\n\n\n<p>A\u00f1adi\u00f3 que el Encargado de Despacho de los SSO, Efr\u00e9n Emmanuel Jarqu\u00edn Gonz\u00e1lez, ha girado instrucciones precisas de dotar y actualizar al personal de los conocimientos necesarios e insumos para evitar la p\u00e9rdida de una mujer m\u00e1s.<\/p>\n\n\n\n<p>Agreg\u00f3 que el taller cont\u00f3 con ponencias te\u00f3rico-pr\u00e1cticas donde se abordaron los temas de Trastornos hipertensivos e infecci\u00f3n de v\u00edas urinarias y diabetes durante el embarazo, Prevenci\u00f3n, diagn\u00f3stico y tratamiento de la hemorragia obst\u00e9trica, y Bienestar de la Persona Reci\u00e9n Nacida.<\/p>\n\n\n\n<p>Asimismo, se dio a conocer el panorama epidemiol\u00f3gico de la mortalidad materna en el Estado y de la Jurisdicci\u00f3n Sanitaria de Valles Centrales, se abord\u00f3 la Norma Oficial Mexicana 004-SSA3-2012 que abarca las caracter\u00edsticas que debe integrar el Expediente Cl\u00ednico, entre otros temas prioritarios.<\/p>\n\n\n\n<p>Finalmente, Guerra Mart\u00ednez hizo un llamado a las mujeres embarazadas para que acudan al m\u00e9dico, por lo menos una vez al mes durante toda la gestaci\u00f3n y estar alerta a los signos y s\u00edntomas de alarma como: dolor de cabeza, zumbidos, mareos, ver lucecitas, calentura y escalofr\u00edos, hinchaz\u00f3n en la cara y los pies. Una atenci\u00f3n oportuna es esencial para un embarazo saludable.<\/p>\n\n\n\n<p>-0-<\/p>\n","protected":false},"excerpt":{"rendered":"<p>\u2022 Capacita a personal m\u00e9dico y de enfermer\u00eda sobre Emergencias Obst\u00e9tricas Oaxaca de Ju\u00e1rez, Oax&#8230;.<\/p>\n","protected":false},"author":4,"featured_media":34347,"comment_status":"closed","ping_status":"open","sticky":false,"template":"","format":"standard","meta":{"footnotes":""},"categories":[92],"tags":[],"jetpack_sharing_enabled":true,"featured_image_urls":{"full":["https:\/\/contextoanalisisperiodistico.com\/wp-content\/uploads\/2024\/11\/IMG-20241126-WA0046.jpg",900,506,false],"thumbnail":["https:\/\/contextoanalisisperiodistico.com\/wp-content\/uploads\/2024\/11\/IMG-20241126-WA0046-150x150.jpg",150,150,true],"medium":["https:\/\/contextoanalisisperiodistico.com\/wp-content\/uploads\/2024\/11\/IMG-20241126-WA0046-300x169.jpg",300,169,true],"medium_large":["https:\/\/contextoanalisisperiodistico.com\/wp-content\/uploads\/2024\/11\/IMG-20241126-WA0046-768x432.jpg",640,360,true],"large":["https:\/\/contextoanalisisperiodistico.com\/wp-content\/uploads\/2024\/11\/IMG-20241126-WA0046.jpg",640,360,false],"1536x1536":["https:\/\/contextoanalisisperiodistico.com\/wp-content\/uploads\/2024\/11\/IMG-20241126-WA0046.jpg",900,506,false],"2048x2048":["https:\/\/contextoanalisisperiodistico.com\/wp-content\/uploads\/2024\/11\/IMG-20241126-WA0046.jpg",900,506,false],"covernews-slider-full":["https:\/\/contextoanalisisperiodistico.com\/wp-content\/uploads\/2024\/11\/IMG-20241126-WA0046.jpg",900,506,false],"covernews-slider-center":["https:\/\/contextoanalisisperiodistico.com\/wp-content\/uploads\/2024\/11\/IMG-20241126-WA0046-800x500.jpg",800,500,true],"covernews-featured":["https:\/\/contextoanalisisperiodistico.com\/wp-content\/uploads\/2024\/11\/IMG-20241126-WA0046.jpg",900,506,false],"covernews-medium":["https:\/\/contextoanalisisperiodistico.com\/wp-content\/uploads\/2024\/11\/IMG-20241126-WA0046-540x340.jpg",540,340,true],"covernews-medium-square":["https:\/\/contextoanalisisperiodistico.com\/wp-content\/uploads\/2024\/11\/IMG-20241126-WA0046-400x250.jpg",400,250,true]},"author_info":{"display_name":"Mario Gir\u00f3n","author_link":"https:\/\/contextoanalisisperiodistico.com\/index.php\/author\/director\/"},"category_info":"<a href=\"https:\/\/contextoanalisisperiodistico.com\/index.php\/category\/salud\/\" rel=\"category tag\">Salud<\/a>","tag_info":"Salud","comment_count":"0","jetpack_featured_media_url":"https:\/\/contextoanalisisperiodistico.com\/wp-content\/uploads\/2024\/11\/IMG-20241126-WA0046.jpg","_links":{"self":[{"href":"https:\/\/contextoanalisisperiodistico.com\/index.php\/wp-json\/wp\/v2\/posts\/34351"}],"collection":[{"href":"https:\/\/contextoanalisisperiodistico.com\/index.php\/wp-json\/wp\/v2\/posts"}],"about":[{"href":"https:\/\/contextoanalisisperiodistico.com\/index.php\/wp-json\/wp\/v2\/types\/post"}],"author":[{"embeddable":true,"href":"https:\/\/contextoanalisisperiodistico.com\/index.php\/wp-json\/wp\/v2\/users\/4"}],"replies":[{"embeddable":true,"href":"https:\/\/contextoanalisisperiodistico.com\/index.php\/wp-json\/wp\/v2\/comments?post=34351"}],"version-history":[{"count":1,"href":"https:\/\/contextoanalisisperiodistico.com\/index.php\/wp-json\/wp\/v2\/posts\/34351\/revisions"}],"predecessor-version":[{"id":34352,"href":"https:\/\/contextoanalisisperiodistico.com\/index.php\/wp-json\/wp\/v2\/posts\/34351\/revisions\/34352"}],"wp:featuredmedia":[{"embeddable":true,"href":"https:\/\/contextoanalisisperiodistico.com\/index.php\/wp-json\/wp\/v2\/media\/34347"}],"wp:attachment":[{"href":"https:\/\/contextoanalisisperiodistico.com\/index.php\/wp-json\/wp\/v2\/media?parent=34351"}],"wp:term":[{"taxonomy":"category","embeddable":true,"href":"https:\/\/contextoanalisisperiodistico.com\/index.php\/wp-json\/wp\/v2\/categories?post=34351"},{"taxonomy":"post_tag","embeddable":true,"href":"https:\/\/contextoanalisisperiodistico.com\/index.php\/wp-json\/wp\/v2\/tags?post=34351"}],"curies":[{"name":"wp","href":"https:\/\/api.w.org\/{rel}","templated":true}]}}