{"id":34333,"date":"2024-11-25T16:14:44","date_gmt":"2024-11-25T22:14:44","guid":{"rendered":"https:\/\/contextoanalisisperiodistico.com\/index.php\/2024\/11\/25\/convoca-sso-a-vacunarse-contra-influenza-y-covid-19-en-el-istmo\/"},"modified":"2024-11-25T16:14:44","modified_gmt":"2024-11-25T22:14:44","slug":"convoca-sso-a-vacunarse-contra-influenza-y-covid-19-en-el-istmo","status":"publish","type":"post","link":"https:\/\/contextoanalisisperiodistico.com\/index.php\/2024\/11\/25\/convoca-sso-a-vacunarse-contra-influenza-y-covid-19-en-el-istmo\/","title":{"rendered":"Convoca SSO a vacunarse contra influenza y COVID-19 en el Istmo"},"content":{"rendered":"<div id=\"fb-root\"><\/div>\n\n<p>\u2022 En esta demarcaci\u00f3n se tiene la meta de aplicar 96 mil 75 dosis contra la influenza y 23 mil 290 contra el COVID-19 de manera gratuita<\/p>\n\n\n\n<p>Juchit\u00e1n de Zaragoza, Oax. 25 de noviembre de 2024.- La Jurisdicci\u00f3n Sanitaria 2 Istmo dependiente de Servicios de Salud de Oaxaca (SSO), exhortan a la poblaci\u00f3n, principalmente a los grupos de riesgo, a proteger su bienestar y sumarse a la campa\u00f1a de vacunaci\u00f3n por Temporada Invernal 2024-2025.<\/p>\n\n\n\n<p>El jefe del sector en la zona, Herbert Vidal S\u00e1nchez, detall\u00f3 que el periodo de vacunaci\u00f3n contra la influenza y COVID-19, est\u00e1 activa desde el 15 de octubre, y finalizar\u00e1 el 28 de marzo de 2025.<\/p>\n\n\n\n<p>Con el lema \u00abRenueva tu fuerza: \u00a1Vac\u00fanate!\u201d, invit\u00f3 a padres y madres de familia, a acudir a la Unidad M\u00e9dica correspondiente o al centro de salud m\u00e1s cercano para recibir las dosis correspondientes para prevenci\u00f3n de enfermedades respiratorias graves.<\/p>\n\n\n\n<p>El funcionario destac\u00f3 que cada a\u00f1o, el objetivo es fortalecer las coberturas de vacunaci\u00f3n universal. Ante ello, inform\u00f3 que este a\u00f1o la meta a aplicar del biol\u00f3gico en esta demarcaci\u00f3n contra la influenza son 96 mil 75 dosis, y contra el COVID-19, 23 mil 290 vacunas.<\/p>\n\n\n\n<p>El inmunol\u00f3gico antiinfluenza est\u00e1 dirigido a la poblaci\u00f3n pedi\u00e1trica de 6 a 59 meses de edad, personas de 60 a\u00f1os y m\u00e1s, embarazadas, personal de salud y poblaci\u00f3n de 5 a 59 a\u00f1os de edad con comorbilidades como diabetes, hipertensi\u00f3n arterial, obesidad m\u00f3rbida, Enfermedad Pulmonar Obstructiva Cr\u00f3nica (EPOC), asma, insuficiencia renal cr\u00f3nica, del coraz\u00f3n, pacientes con Virus de Inmunodeficiencia Humana (VIH) y c\u00e1ncer.<\/p>\n\n\n\n<p>Para el caso de COVID-19, deber\u00e1n recibir una dosis, independientemente de ser esquema primario o de refuerzo, las personas de 5 a 59 a\u00f1os, la poblaci\u00f3n que tengan alguna comorbilidad: diabetes mellitus en descontrol, obesidad m\u00f3rbida, enfermedad pulmonar cr\u00f3nica, incluyendo EPOC y asma; enfermedad cardiovascular, incluida hipertensi\u00f3n arterial esencial, insuficiencia renal cr\u00f3nica, inmunosupresi\u00f3n por enfermedad o por tratamiento, c\u00e1ncer o VIH.<\/p>\n\n\n\n<p>Adem\u00e1s, personas embarazadas (con al menos seis meses de su \u00faltima dosis y en cualquier trimestre de gestaci\u00f3n) y mujeres en periodo de puerperio, as\u00ed como personas a partir de 60 a\u00f1os y personal de salud.<\/p>\n\n\n\n<p>El jefe del sector en la zona, recomend\u00f3 a la poblaci\u00f3n reforzar las medidas preventivas en esta \u00e9poca del a\u00f1o, como la higiene del lavado de manos con agua y jab\u00f3n, y en caso de presentar cuadros respiratorios, cubrirse la boca y nariz al toser o estornudar con el \u00e1ngulo interno del codo o utilizar un pa\u00f1uelo, evitar los cambios bruscos de temperatura y abrigar a menores de edad, as\u00ed como a personas mayores.<\/p>\n\n\n\n<p>Finalmente, el funcionario asever\u00f3 que tanto la influenza estacional como el SARS-CoV-2, son padecimientos que se propagan de forma r\u00e1pida y de no atenderse oportunamente pueden ser causantes de graves complicaciones a la salud, de ah\u00ed la importancia de completar los esquemas de vacunaci\u00f3n.<\/p>\n\n\n\n<p>-0-<\/p>\n\n\n\n<figure class=\"wp-block-image size-large\"><img fetchpriority=\"high\" decoding=\"async\" width=\"820\" height=\"1024\" src=\"https:\/\/contextoanalisisperiodistico.com\/wp-content\/uploads\/2024\/11\/img-20241125-wa01051733852991346147781-820x1024.jpg\" alt=\"\" class=\"wp-image-34331\" srcset=\"https:\/\/contextoanalisisperiodistico.com\/wp-content\/uploads\/2024\/11\/img-20241125-wa01051733852991346147781-820x1024.jpg 820w, https:\/\/contextoanalisisperiodistico.com\/wp-content\/uploads\/2024\/11\/img-20241125-wa01051733852991346147781-240x300.jpg 240w, https:\/\/contextoanalisisperiodistico.com\/wp-content\/uploads\/2024\/11\/img-20241125-wa01051733852991346147781-768x959.jpg 768w, https:\/\/contextoanalisisperiodistico.com\/wp-content\/uploads\/2024\/11\/img-20241125-wa01051733852991346147781.jpg 1012w\" sizes=\"(max-width: 820px) 100vw, 820px\" \/><\/figure>\n\n\n\n<figure class=\"wp-block-image\"><img decoding=\"async\" width=\"1024\" height=\"1024\" src=\"https:\/\/contextoanalisisperiodistico.com\/wp-content\/uploads\/2024\/11\/img-20241125-wa01073806007153466203345-1024x1024.jpg\" alt=\"\" class=\"wp-image-34332\" srcset=\"https:\/\/contextoanalisisperiodistico.com\/wp-content\/uploads\/2024\/11\/img-20241125-wa01073806007153466203345-1024x1024.jpg 1024w, https:\/\/contextoanalisisperiodistico.com\/wp-content\/uploads\/2024\/11\/img-20241125-wa01073806007153466203345-300x300.jpg 300w, https:\/\/contextoanalisisperiodistico.com\/wp-content\/uploads\/2024\/11\/img-20241125-wa01073806007153466203345-150x150.jpg 150w, https:\/\/contextoanalisisperiodistico.com\/wp-content\/uploads\/2024\/11\/img-20241125-wa01073806007153466203345-768x768.jpg 768w, https:\/\/contextoanalisisperiodistico.com\/wp-content\/uploads\/2024\/11\/img-20241125-wa01073806007153466203345-1536x1536.jpg 1536w, https:\/\/contextoanalisisperiodistico.com\/wp-content\/uploads\/2024\/11\/img-20241125-wa01073806007153466203345.jpg 1600w\" sizes=\"(max-width: 1024px) 100vw, 1024px\" \/><\/figure>\n","protected":false},"excerpt":{"rendered":"<p>\u2022 En esta demarcaci\u00f3n se tiene la meta de aplicar 96 mil 75 dosis contra&#8230;<\/p>\n","protected":false},"author":4,"featured_media":34330,"comment_status":"","ping_status":"open","sticky":false,"template":"","format":"standard","meta":{"footnotes":""},"categories":[92],"tags":[],"jetpack_sharing_enabled":true,"featured_image_urls":{"full":["https:\/\/contextoanalisisperiodistico.com\/wp-content\/uploads\/2024\/11\/IMG-20241125-WA0106.jpg",1600,900,false],"thumbnail":["https:\/\/contextoanalisisperiodistico.com\/wp-content\/uploads\/2024\/11\/IMG-20241125-WA0106-150x150.jpg",150,150,true],"medium":["https:\/\/contextoanalisisperiodistico.com\/wp-content\/uploads\/2024\/11\/IMG-20241125-WA0106-300x169.jpg",300,169,true],"medium_large":["https:\/\/contextoanalisisperiodistico.com\/wp-content\/uploads\/2024\/11\/IMG-20241125-WA0106-768x432.jpg",640,360,true],"large":["https:\/\/contextoanalisisperiodistico.com\/wp-content\/uploads\/2024\/11\/IMG-20241125-WA0106-1024x576.jpg",640,360,true],"1536x1536":["https:\/\/contextoanalisisperiodistico.com\/wp-content\/uploads\/2024\/11\/IMG-20241125-WA0106-1536x864.jpg",1536,864,true],"2048x2048":["https:\/\/contextoanalisisperiodistico.com\/wp-content\/uploads\/2024\/11\/IMG-20241125-WA0106.jpg",1600,900,false],"covernews-slider-full":["https:\/\/contextoanalisisperiodistico.com\/wp-content\/uploads\/2024\/11\/IMG-20241125-WA0106-1115x715.jpg",1115,715,true],"covernews-slider-center":["https:\/\/contextoanalisisperiodistico.com\/wp-content\/uploads\/2024\/11\/IMG-20241125-WA0106-800x500.jpg",800,500,true],"covernews-featured":["https:\/\/contextoanalisisperiodistico.com\/wp-content\/uploads\/2024\/11\/IMG-20241125-WA0106-1024x576.jpg",1024,576,true],"covernews-medium":["https:\/\/contextoanalisisperiodistico.com\/wp-content\/uploads\/2024\/11\/IMG-20241125-WA0106-540x340.jpg",540,340,true],"covernews-medium-square":["https:\/\/contextoanalisisperiodistico.com\/wp-content\/uploads\/2024\/11\/IMG-20241125-WA0106-400x250.jpg",400,250,true]},"author_info":{"display_name":"Mario Gir\u00f3n","author_link":"https:\/\/contextoanalisisperiodistico.com\/index.php\/author\/director\/"},"category_info":"<a href=\"https:\/\/contextoanalisisperiodistico.com\/index.php\/category\/salud\/\" rel=\"category tag\">Salud<\/a>","tag_info":"Salud","comment_count":"0","jetpack_featured_media_url":"https:\/\/contextoanalisisperiodistico.com\/wp-content\/uploads\/2024\/11\/IMG-20241125-WA0106.jpg","_links":{"self":[{"href":"https:\/\/contextoanalisisperiodistico.com\/index.php\/wp-json\/wp\/v2\/posts\/34333"}],"collection":[{"href":"https:\/\/contextoanalisisperiodistico.com\/index.php\/wp-json\/wp\/v2\/posts"}],"about":[{"href":"https:\/\/contextoanalisisperiodistico.com\/index.php\/wp-json\/wp\/v2\/types\/post"}],"author":[{"embeddable":true,"href":"https:\/\/contextoanalisisperiodistico.com\/index.php\/wp-json\/wp\/v2\/users\/4"}],"replies":[{"embeddable":true,"href":"https:\/\/contextoanalisisperiodistico.com\/index.php\/wp-json\/wp\/v2\/comments?post=34333"}],"version-history":[{"count":0,"href":"https:\/\/contextoanalisisperiodistico.com\/index.php\/wp-json\/wp\/v2\/posts\/34333\/revisions"}],"wp:featuredmedia":[{"embeddable":true,"href":"https:\/\/contextoanalisisperiodistico.com\/index.php\/wp-json\/wp\/v2\/media\/34330"}],"wp:attachment":[{"href":"https:\/\/contextoanalisisperiodistico.com\/index.php\/wp-json\/wp\/v2\/media?parent=34333"}],"wp:term":[{"taxonomy":"category","embeddable":true,"href":"https:\/\/contextoanalisisperiodistico.com\/index.php\/wp-json\/wp\/v2\/categories?post=34333"},{"taxonomy":"post_tag","embeddable":true,"href":"https:\/\/contextoanalisisperiodistico.com\/index.php\/wp-json\/wp\/v2\/tags?post=34333"}],"curies":[{"name":"wp","href":"https:\/\/api.w.org\/{rel}","templated":true}]}}