{"id":34322,"date":"2024-11-25T14:07:50","date_gmt":"2024-11-25T20:07:50","guid":{"rendered":"https:\/\/contextoanalisisperiodistico.com\/index.php\/2024\/11\/25\/son-capacitadas-por-semovi-mas-de-150-autoridades-municipales-electas\/"},"modified":"2024-11-25T14:07:50","modified_gmt":"2024-11-25T20:07:50","slug":"son-capacitadas-por-semovi-mas-de-150-autoridades-municipales-electas","status":"publish","type":"post","link":"https:\/\/contextoanalisisperiodistico.com\/index.php\/2024\/11\/25\/son-capacitadas-por-semovi-mas-de-150-autoridades-municipales-electas\/","title":{"rendered":"Son capacitadas por Semovi m\u00e1s de 150 autoridades municipales electas"},"content":{"rendered":"<div id=\"fb-root\"><\/div>\n\n<p>\u2022 Se trabaja para mejorar la movilidad de manera eficiente, segura, c\u00f3moda e inclusiva en todo el estado<\/p>\n\n\n\n<p>Santa Luc\u00eda del Camino, Oax. 25 de noviembre de 2024.- La Secretar\u00eda de Movilidad (Semovi) capacit\u00f3 durante dos d\u00edas a m\u00e1s de 150 autoridades electas municipales para crear lazos de coordinaci\u00f3n que permitan optimizar y mejorar la movilidad de manera eficiente, segura, c\u00f3moda e inclusiva en todo el estado.<\/p>\n\n\n\n<p>La titular de la dependencia Claudina De Gyves Mendoza destac\u00f3 que esta actividad es fundamental para compartir informaci\u00f3n relevante sobre las pol\u00edticas p\u00fablicas que se implementan para regular y mejorar el transporte en todas sus modalidades en la entidad.<\/p>\n\n\n\n<p>Expres\u00f3 que el servicio de transporte es un factor esencial para activar la econom\u00eda y procurar el bienestar de las personas y los pueblos de Oaxaca.<\/p>\n\n\n\n<p>Entre las principales acciones que impulsa el Gobierno de la Primavera Oaxaque\u00f1a destacan la regulaci\u00f3n, control y reorganizaci\u00f3n del transporte p\u00fablico, as\u00ed como medidas que garantizan la seguridad para las mujeres y el fomento a una movilidad sostenible con el medio ambiente.<\/p>\n\n\n\n<p>Durante este encuentro las autoridades municipales electas recibieron informaci\u00f3n sobre programas como Tu M\u00f3dulo M\u00f3vil, En Regla el Transporte se Arregla, Transporte Seguro en Oaxaca. Tambi\u00e9n se brind\u00f3 capacitaci\u00f3n a personas concesionarias y operadoras sobre la Normatividad para una Movilidad Segura e Incluyente.<\/p>\n\n\n\n<p>-0-<\/p>\n\n\n\n<figure class=\"wp-block-image size-large\"><img fetchpriority=\"high\" decoding=\"async\" width=\"1024\" height=\"681\" src=\"https:\/\/contextoanalisisperiodistico.com\/wp-content\/uploads\/2024\/11\/img-20241125-wa0072199489023491803228-1024x681.jpg\" alt=\"\" class=\"wp-image-34319\" srcset=\"https:\/\/contextoanalisisperiodistico.com\/wp-content\/uploads\/2024\/11\/img-20241125-wa0072199489023491803228-1024x681.jpg 1024w, https:\/\/contextoanalisisperiodistico.com\/wp-content\/uploads\/2024\/11\/img-20241125-wa0072199489023491803228-300x200.jpg 300w, https:\/\/contextoanalisisperiodistico.com\/wp-content\/uploads\/2024\/11\/img-20241125-wa0072199489023491803228-768x511.jpg 768w, https:\/\/contextoanalisisperiodistico.com\/wp-content\/uploads\/2024\/11\/img-20241125-wa0072199489023491803228-1536x1021.jpg 1536w, https:\/\/contextoanalisisperiodistico.com\/wp-content\/uploads\/2024\/11\/img-20241125-wa0072199489023491803228.jpg 1600w\" sizes=\"(max-width: 1024px) 100vw, 1024px\" \/><\/figure>\n\n\n\n<figure class=\"wp-block-image\"><img decoding=\"async\" width=\"1024\" height=\"681\" src=\"https:\/\/contextoanalisisperiodistico.com\/wp-content\/uploads\/2024\/11\/img-20241125-wa00715380787591892436803-1024x681.jpg\" alt=\"\" class=\"wp-image-34321\" srcset=\"https:\/\/contextoanalisisperiodistico.com\/wp-content\/uploads\/2024\/11\/img-20241125-wa00715380787591892436803-1024x681.jpg 1024w, https:\/\/contextoanalisisperiodistico.com\/wp-content\/uploads\/2024\/11\/img-20241125-wa00715380787591892436803-300x200.jpg 300w, https:\/\/contextoanalisisperiodistico.com\/wp-content\/uploads\/2024\/11\/img-20241125-wa00715380787591892436803-768x511.jpg 768w, https:\/\/contextoanalisisperiodistico.com\/wp-content\/uploads\/2024\/11\/img-20241125-wa00715380787591892436803-1536x1021.jpg 1536w, https:\/\/contextoanalisisperiodistico.com\/wp-content\/uploads\/2024\/11\/img-20241125-wa00715380787591892436803.jpg 1600w\" sizes=\"(max-width: 1024px) 100vw, 1024px\" \/><\/figure>\n\n\n\n<figure class=\"wp-block-image\"><img decoding=\"async\" width=\"1024\" height=\"681\" src=\"https:\/\/contextoanalisisperiodistico.com\/wp-content\/uploads\/2024\/11\/img-20241125-wa00702731387278277741224-1024x681.jpg\" alt=\"\" class=\"wp-image-34320\" srcset=\"https:\/\/contextoanalisisperiodistico.com\/wp-content\/uploads\/2024\/11\/img-20241125-wa00702731387278277741224-1024x681.jpg 1024w, https:\/\/contextoanalisisperiodistico.com\/wp-content\/uploads\/2024\/11\/img-20241125-wa00702731387278277741224-300x200.jpg 300w, https:\/\/contextoanalisisperiodistico.com\/wp-content\/uploads\/2024\/11\/img-20241125-wa00702731387278277741224-768x511.jpg 768w, https:\/\/contextoanalisisperiodistico.com\/wp-content\/uploads\/2024\/11\/img-20241125-wa00702731387278277741224-1536x1021.jpg 1536w, https:\/\/contextoanalisisperiodistico.com\/wp-content\/uploads\/2024\/11\/img-20241125-wa00702731387278277741224.jpg 1600w\" sizes=\"(max-width: 1024px) 100vw, 1024px\" \/><\/figure>\n","protected":false},"excerpt":{"rendered":"<p>\u2022 Se trabaja para mejorar la movilidad de manera eficiente, segura, c\u00f3moda e inclusiva en&#8230;<\/p>\n","protected":false},"author":4,"featured_media":34318,"comment_status":"","ping_status":"open","sticky":false,"template":"","format":"standard","meta":{"footnotes":""},"categories":[9],"tags":[],"jetpack_sharing_enabled":true,"featured_image_urls":{"full":["https:\/\/contextoanalisisperiodistico.com\/wp-content\/uploads\/2024\/11\/IMG-20241125-WA0068.jpg",1600,1064,false],"thumbnail":["https:\/\/contextoanalisisperiodistico.com\/wp-content\/uploads\/2024\/11\/IMG-20241125-WA0068-150x150.jpg",150,150,true],"medium":["https:\/\/contextoanalisisperiodistico.com\/wp-content\/uploads\/2024\/11\/IMG-20241125-WA0068-300x200.jpg",300,200,true],"medium_large":["https:\/\/contextoanalisisperiodistico.com\/wp-content\/uploads\/2024\/11\/IMG-20241125-WA0068-768x511.jpg",640,426,true],"large":["https:\/\/contextoanalisisperiodistico.com\/wp-content\/uploads\/2024\/11\/IMG-20241125-WA0068-1024x681.jpg",640,426,true],"1536x1536":["https:\/\/contextoanalisisperiodistico.com\/wp-content\/uploads\/2024\/11\/IMG-20241125-WA0068-1536x1021.jpg",1536,1021,true],"2048x2048":["https:\/\/contextoanalisisperiodistico.com\/wp-content\/uploads\/2024\/11\/IMG-20241125-WA0068.jpg",1600,1064,false],"covernews-slider-full":["https:\/\/contextoanalisisperiodistico.com\/wp-content\/uploads\/2024\/11\/IMG-20241125-WA0068-1115x715.jpg",1115,715,true],"covernews-slider-center":["https:\/\/contextoanalisisperiodistico.com\/wp-content\/uploads\/2024\/11\/IMG-20241125-WA0068-800x500.jpg",800,500,true],"covernews-featured":["https:\/\/contextoanalisisperiodistico.com\/wp-content\/uploads\/2024\/11\/IMG-20241125-WA0068-1024x681.jpg",1024,681,true],"covernews-medium":["https:\/\/contextoanalisisperiodistico.com\/wp-content\/uploads\/2024\/11\/IMG-20241125-WA0068-540x340.jpg",540,340,true],"covernews-medium-square":["https:\/\/contextoanalisisperiodistico.com\/wp-content\/uploads\/2024\/11\/IMG-20241125-WA0068-400x250.jpg",400,250,true]},"author_info":{"display_name":"Mario Gir\u00f3n","author_link":"https:\/\/contextoanalisisperiodistico.com\/index.php\/author\/director\/"},"category_info":"<a href=\"https:\/\/contextoanalisisperiodistico.com\/index.php\/category\/politica\/\" rel=\"category tag\">Pol\u00edtica<\/a>","tag_info":"Pol\u00edtica","comment_count":"0","jetpack_featured_media_url":"https:\/\/contextoanalisisperiodistico.com\/wp-content\/uploads\/2024\/11\/IMG-20241125-WA0068.jpg","_links":{"self":[{"href":"https:\/\/contextoanalisisperiodistico.com\/index.php\/wp-json\/wp\/v2\/posts\/34322"}],"collection":[{"href":"https:\/\/contextoanalisisperiodistico.com\/index.php\/wp-json\/wp\/v2\/posts"}],"about":[{"href":"https:\/\/contextoanalisisperiodistico.com\/index.php\/wp-json\/wp\/v2\/types\/post"}],"author":[{"embeddable":true,"href":"https:\/\/contextoanalisisperiodistico.com\/index.php\/wp-json\/wp\/v2\/users\/4"}],"replies":[{"embeddable":true,"href":"https:\/\/contextoanalisisperiodistico.com\/index.php\/wp-json\/wp\/v2\/comments?post=34322"}],"version-history":[{"count":0,"href":"https:\/\/contextoanalisisperiodistico.com\/index.php\/wp-json\/wp\/v2\/posts\/34322\/revisions"}],"wp:featuredmedia":[{"embeddable":true,"href":"https:\/\/contextoanalisisperiodistico.com\/index.php\/wp-json\/wp\/v2\/media\/34318"}],"wp:attachment":[{"href":"https:\/\/contextoanalisisperiodistico.com\/index.php\/wp-json\/wp\/v2\/media?parent=34322"}],"wp:term":[{"taxonomy":"category","embeddable":true,"href":"https:\/\/contextoanalisisperiodistico.com\/index.php\/wp-json\/wp\/v2\/categories?post=34322"},{"taxonomy":"post_tag","embeddable":true,"href":"https:\/\/contextoanalisisperiodistico.com\/index.php\/wp-json\/wp\/v2\/tags?post=34322"}],"curies":[{"name":"wp","href":"https:\/\/api.w.org\/{rel}","templated":true}]}}