{"id":34317,"date":"2024-11-25T13:45:38","date_gmt":"2024-11-25T19:45:38","guid":{"rendered":"https:\/\/contextoanalisisperiodistico.com\/index.php\/2024\/11\/25\/secretaria-de-administracion-fortalece-planeacion-para-mejor-gestion-publica\/"},"modified":"2024-11-25T13:45:38","modified_gmt":"2024-11-25T19:45:38","slug":"secretaria-de-administracion-fortalece-planeacion-para-mejor-gestion-publica","status":"publish","type":"post","link":"https:\/\/contextoanalisisperiodistico.com\/index.php\/2024\/11\/25\/secretaria-de-administracion-fortalece-planeacion-para-mejor-gestion-publica\/","title":{"rendered":"Secretar\u00eda de Administraci\u00f3n fortalece&nbsp; planeaci\u00f3n para mejor gesti\u00f3n p\u00fablica"},"content":{"rendered":"<div id=\"fb-root\"><\/div>\n\n<p>\u2022 Capacitan a personal en Dise\u00f1o de la Matriz de Indicadores de Resultados<\/p>\n\n\n\n<p>\u2022 Esta herramienta permite definir objetivos claros, as\u00ed como indicadores para medir su cumplimiento<\/p>\n\n\n\n<p>Tlalixtac de Cabrera, Oax., 25 de noviembre de 2024.- Para lograr una gesti\u00f3n p\u00fablica m\u00e1s eficiente y orientada a resultados, la Secretar\u00eda de Administraci\u00f3n a trav\u00e9s de la Unidad de Desarrollo Profesional (UDP) realiz\u00f3 la capacitaci\u00f3n Dise\u00f1o de la Matriz de Indicadores de Resultados (MIR), impartida por Vladimir Campos Gallardo.<\/p>\n\n\n\n<p>Este taller con duraci\u00f3n de 18 horas fue dirigido al personal de diversas \u00e1reas de la dependencia, como el Departamento de Mejora para la Gesti\u00f3n P\u00fablica, Direcci\u00f3n de Modernizaci\u00f3n, Pr\u00e9stamos, Validaci\u00f3n Patrimonial, Bienes Muebles, Secretar\u00eda Particular, Recursos Materiales, Direcci\u00f3n Jur\u00eddica y Direcci\u00f3n de Patrimonio.<\/p>\n\n\n\n<p>La formaci\u00f3n efectuada en colaboraci\u00f3n con la Universidad Jos\u00e9 Vasconcelos (Univas), se centr\u00f3 en el uso de la MIR, una herramienta estrat\u00e9gica que permite definir objetivos claros, as\u00ed como indicadores para medir su cumplimiento y establecer resultados en cada acci\u00f3n.<\/p>\n\n\n\n<p>Esta metodolog\u00eda facilita el an\u00e1lisis de problem\u00e1ticas, causas y consecuencias, convirti\u00e9ndolas en objetivos estrat\u00e9gicos medibles que son pilar fundamental para mejorar la gesti\u00f3n p\u00fablica eficiente y de resultados.<\/p>\n\n\n\n<p>En este sentido, la Primavera Oaxaque\u00f1a reafirma su compromiso por fortalecer las competencias t\u00e9cnicas y profesionales del personal de la administraci\u00f3n estatal.<\/p>\n\n\n\n<p>-0-<\/p>\n\n\n\n<figure class=\"wp-block-image size-large\"><img fetchpriority=\"high\" decoding=\"async\" width=\"1024\" height=\"768\" src=\"https:\/\/contextoanalisisperiodistico.com\/wp-content\/uploads\/2024\/11\/img-20241125-wa00668827688625893217547-1024x768.jpg\" alt=\"\" class=\"wp-image-34316\" srcset=\"https:\/\/contextoanalisisperiodistico.com\/wp-content\/uploads\/2024\/11\/img-20241125-wa00668827688625893217547-1024x768.jpg 1024w, https:\/\/contextoanalisisperiodistico.com\/wp-content\/uploads\/2024\/11\/img-20241125-wa00668827688625893217547-300x225.jpg 300w, https:\/\/contextoanalisisperiodistico.com\/wp-content\/uploads\/2024\/11\/img-20241125-wa00668827688625893217547-768x576.jpg 768w, https:\/\/contextoanalisisperiodistico.com\/wp-content\/uploads\/2024\/11\/img-20241125-wa00668827688625893217547-1536x1152.jpg 1536w, https:\/\/contextoanalisisperiodistico.com\/wp-content\/uploads\/2024\/11\/img-20241125-wa00668827688625893217547.jpg 1600w\" sizes=\"(max-width: 1024px) 100vw, 1024px\" \/><\/figure>\n\n\n\n<figure class=\"wp-block-image\"><img decoding=\"async\" width=\"1024\" height=\"768\" src=\"https:\/\/contextoanalisisperiodistico.com\/wp-content\/uploads\/2024\/11\/img-20241125-wa0065286096928062032740-1024x768.jpg\" alt=\"\" class=\"wp-image-34315\" srcset=\"https:\/\/contextoanalisisperiodistico.com\/wp-content\/uploads\/2024\/11\/img-20241125-wa0065286096928062032740-1024x768.jpg 1024w, https:\/\/contextoanalisisperiodistico.com\/wp-content\/uploads\/2024\/11\/img-20241125-wa0065286096928062032740-300x225.jpg 300w, https:\/\/contextoanalisisperiodistico.com\/wp-content\/uploads\/2024\/11\/img-20241125-wa0065286096928062032740-768x576.jpg 768w, https:\/\/contextoanalisisperiodistico.com\/wp-content\/uploads\/2024\/11\/img-20241125-wa0065286096928062032740-1536x1152.jpg 1536w, https:\/\/contextoanalisisperiodistico.com\/wp-content\/uploads\/2024\/11\/img-20241125-wa0065286096928062032740.jpg 1600w\" sizes=\"(max-width: 1024px) 100vw, 1024px\" \/><\/figure>\n","protected":false},"excerpt":{"rendered":"<p>\u2022 Capacitan a personal en Dise\u00f1o de la Matriz de Indicadores de Resultados \u2022 Esta&#8230;<\/p>\n","protected":false},"author":4,"featured_media":34314,"comment_status":"","ping_status":"open","sticky":false,"template":"","format":"standard","meta":{"footnotes":""},"categories":[9],"tags":[],"jetpack_sharing_enabled":true,"featured_image_urls":{"full":["https:\/\/contextoanalisisperiodistico.com\/wp-content\/uploads\/2024\/11\/IMG-20241125-WA0064.jpg",1600,1181,false],"thumbnail":["https:\/\/contextoanalisisperiodistico.com\/wp-content\/uploads\/2024\/11\/IMG-20241125-WA0064-150x150.jpg",150,150,true],"medium":["https:\/\/contextoanalisisperiodistico.com\/wp-content\/uploads\/2024\/11\/IMG-20241125-WA0064-300x221.jpg",300,221,true],"medium_large":["https:\/\/contextoanalisisperiodistico.com\/wp-content\/uploads\/2024\/11\/IMG-20241125-WA0064-768x567.jpg",640,473,true],"large":["https:\/\/contextoanalisisperiodistico.com\/wp-content\/uploads\/2024\/11\/IMG-20241125-WA0064-1024x756.jpg",640,473,true],"1536x1536":["https:\/\/contextoanalisisperiodistico.com\/wp-content\/uploads\/2024\/11\/IMG-20241125-WA0064-1536x1134.jpg",1536,1134,true],"2048x2048":["https:\/\/contextoanalisisperiodistico.com\/wp-content\/uploads\/2024\/11\/IMG-20241125-WA0064.jpg",1600,1181,false],"covernews-slider-full":["https:\/\/contextoanalisisperiodistico.com\/wp-content\/uploads\/2024\/11\/IMG-20241125-WA0064-1115x715.jpg",1115,715,true],"covernews-slider-center":["https:\/\/contextoanalisisperiodistico.com\/wp-content\/uploads\/2024\/11\/IMG-20241125-WA0064-800x500.jpg",800,500,true],"covernews-featured":["https:\/\/contextoanalisisperiodistico.com\/wp-content\/uploads\/2024\/11\/IMG-20241125-WA0064-1024x756.jpg",1024,756,true],"covernews-medium":["https:\/\/contextoanalisisperiodistico.com\/wp-content\/uploads\/2024\/11\/IMG-20241125-WA0064-540x340.jpg",540,340,true],"covernews-medium-square":["https:\/\/contextoanalisisperiodistico.com\/wp-content\/uploads\/2024\/11\/IMG-20241125-WA0064-400x250.jpg",400,250,true]},"author_info":{"display_name":"Mario Gir\u00f3n","author_link":"https:\/\/contextoanalisisperiodistico.com\/index.php\/author\/director\/"},"category_info":"<a href=\"https:\/\/contextoanalisisperiodistico.com\/index.php\/category\/politica\/\" rel=\"category tag\">Pol\u00edtica<\/a>","tag_info":"Pol\u00edtica","comment_count":"0","jetpack_featured_media_url":"https:\/\/contextoanalisisperiodistico.com\/wp-content\/uploads\/2024\/11\/IMG-20241125-WA0064.jpg","_links":{"self":[{"href":"https:\/\/contextoanalisisperiodistico.com\/index.php\/wp-json\/wp\/v2\/posts\/34317"}],"collection":[{"href":"https:\/\/contextoanalisisperiodistico.com\/index.php\/wp-json\/wp\/v2\/posts"}],"about":[{"href":"https:\/\/contextoanalisisperiodistico.com\/index.php\/wp-json\/wp\/v2\/types\/post"}],"author":[{"embeddable":true,"href":"https:\/\/contextoanalisisperiodistico.com\/index.php\/wp-json\/wp\/v2\/users\/4"}],"replies":[{"embeddable":true,"href":"https:\/\/contextoanalisisperiodistico.com\/index.php\/wp-json\/wp\/v2\/comments?post=34317"}],"version-history":[{"count":0,"href":"https:\/\/contextoanalisisperiodistico.com\/index.php\/wp-json\/wp\/v2\/posts\/34317\/revisions"}],"wp:featuredmedia":[{"embeddable":true,"href":"https:\/\/contextoanalisisperiodistico.com\/index.php\/wp-json\/wp\/v2\/media\/34314"}],"wp:attachment":[{"href":"https:\/\/contextoanalisisperiodistico.com\/index.php\/wp-json\/wp\/v2\/media?parent=34317"}],"wp:term":[{"taxonomy":"category","embeddable":true,"href":"https:\/\/contextoanalisisperiodistico.com\/index.php\/wp-json\/wp\/v2\/categories?post=34317"},{"taxonomy":"post_tag","embeddable":true,"href":"https:\/\/contextoanalisisperiodistico.com\/index.php\/wp-json\/wp\/v2\/tags?post=34317"}],"curies":[{"name":"wp","href":"https:\/\/api.w.org\/{rel}","templated":true}]}}