{"id":34298,"date":"2024-11-24T14:32:28","date_gmt":"2024-11-24T20:32:28","guid":{"rendered":"https:\/\/contextoanalisisperiodistico.com\/index.php\/2024\/11\/24\/todo-un-exito-la-segunda-edicion-de-la-guelaguetza-del-mar\/"},"modified":"2024-11-24T14:32:28","modified_gmt":"2024-11-24T20:32:28","slug":"todo-un-exito-la-segunda-edicion-de-la-guelaguetza-del-mar","status":"publish","type":"post","link":"https:\/\/contextoanalisisperiodistico.com\/index.php\/2024\/11\/24\/todo-un-exito-la-segunda-edicion-de-la-guelaguetza-del-mar\/","title":{"rendered":"Todo un \u00e9xito la segunda edici\u00f3n de la Guelaguetza del Mar"},"content":{"rendered":"<div id=\"fb-root\"><\/div>\n\n<p>Participaron 11 delegaciones que compartieron sus danzas y m\u00fasica con personas locales, visitantes nacionales y extranjeras<\/p>\n\n\n\n<figure class=\"wp-block-image size-large\"><img fetchpriority=\"high\" decoding=\"async\" width=\"1024\" height=\"682\" src=\"https:\/\/contextoanalisisperiodistico.com\/wp-content\/uploads\/2024\/11\/img-20241123-wa01833484658348024984363-1024x682.jpg\" alt=\"\" class=\"wp-image-34292\" srcset=\"https:\/\/contextoanalisisperiodistico.com\/wp-content\/uploads\/2024\/11\/img-20241123-wa01833484658348024984363-1024x682.jpg 1024w, https:\/\/contextoanalisisperiodistico.com\/wp-content\/uploads\/2024\/11\/img-20241123-wa01833484658348024984363-300x200.jpg 300w, https:\/\/contextoanalisisperiodistico.com\/wp-content\/uploads\/2024\/11\/img-20241123-wa01833484658348024984363-768x512.jpg 768w, https:\/\/contextoanalisisperiodistico.com\/wp-content\/uploads\/2024\/11\/img-20241123-wa01833484658348024984363-1536x1023.jpg 1536w, https:\/\/contextoanalisisperiodistico.com\/wp-content\/uploads\/2024\/11\/img-20241123-wa01833484658348024984363.jpg 1600w\" sizes=\"(max-width: 1024px) 100vw, 1024px\" \/><\/figure>\n\n\n\n<figure class=\"wp-block-image\"><img decoding=\"async\" width=\"1024\" height=\"682\" src=\"https:\/\/contextoanalisisperiodistico.com\/wp-content\/uploads\/2024\/11\/img-20241123-wa01787368726283399161010-1024x682.jpg\" alt=\"\" class=\"wp-image-34288\" srcset=\"https:\/\/contextoanalisisperiodistico.com\/wp-content\/uploads\/2024\/11\/img-20241123-wa01787368726283399161010-1024x682.jpg 1024w, https:\/\/contextoanalisisperiodistico.com\/wp-content\/uploads\/2024\/11\/img-20241123-wa01787368726283399161010-300x200.jpg 300w, https:\/\/contextoanalisisperiodistico.com\/wp-content\/uploads\/2024\/11\/img-20241123-wa01787368726283399161010-768x512.jpg 768w, https:\/\/contextoanalisisperiodistico.com\/wp-content\/uploads\/2024\/11\/img-20241123-wa01787368726283399161010-1536x1023.jpg 1536w, https:\/\/contextoanalisisperiodistico.com\/wp-content\/uploads\/2024\/11\/img-20241123-wa01787368726283399161010.jpg 1600w\" sizes=\"(max-width: 1024px) 100vw, 1024px\" \/><\/figure>\n\n\n\n<figure class=\"wp-block-image\"><img decoding=\"async\" width=\"1024\" height=\"682\" src=\"https:\/\/contextoanalisisperiodistico.com\/wp-content\/uploads\/2024\/11\/img-20241123-wa0184641329250278529254-1024x682.jpg\" alt=\"\" class=\"wp-image-34291\" srcset=\"https:\/\/contextoanalisisperiodistico.com\/wp-content\/uploads\/2024\/11\/img-20241123-wa0184641329250278529254-1024x682.jpg 1024w, https:\/\/contextoanalisisperiodistico.com\/wp-content\/uploads\/2024\/11\/img-20241123-wa0184641329250278529254-300x200.jpg 300w, https:\/\/contextoanalisisperiodistico.com\/wp-content\/uploads\/2024\/11\/img-20241123-wa0184641329250278529254-768x512.jpg 768w, https:\/\/contextoanalisisperiodistico.com\/wp-content\/uploads\/2024\/11\/img-20241123-wa0184641329250278529254-1536x1023.jpg 1536w, https:\/\/contextoanalisisperiodistico.com\/wp-content\/uploads\/2024\/11\/img-20241123-wa0184641329250278529254.jpg 1600w\" sizes=\"(max-width: 1024px) 100vw, 1024px\" \/><\/figure>\n\n\n\n<figure class=\"wp-block-image\"><img loading=\"lazy\" decoding=\"async\" width=\"1024\" height=\"682\" src=\"https:\/\/contextoanalisisperiodistico.com\/wp-content\/uploads\/2024\/11\/img-20241123-wa01797072712423225908754-1024x682.jpg\" alt=\"\" class=\"wp-image-34289\" srcset=\"https:\/\/contextoanalisisperiodistico.com\/wp-content\/uploads\/2024\/11\/img-20241123-wa01797072712423225908754-1024x682.jpg 1024w, https:\/\/contextoanalisisperiodistico.com\/wp-content\/uploads\/2024\/11\/img-20241123-wa01797072712423225908754-300x200.jpg 300w, https:\/\/contextoanalisisperiodistico.com\/wp-content\/uploads\/2024\/11\/img-20241123-wa01797072712423225908754-768x512.jpg 768w, https:\/\/contextoanalisisperiodistico.com\/wp-content\/uploads\/2024\/11\/img-20241123-wa01797072712423225908754-1536x1023.jpg 1536w, https:\/\/contextoanalisisperiodistico.com\/wp-content\/uploads\/2024\/11\/img-20241123-wa01797072712423225908754.jpg 1600w\" sizes=\"(max-width: 1024px) 100vw, 1024px\" \/><\/figure>\n\n\n\n<figure class=\"wp-block-image\"><img loading=\"lazy\" decoding=\"async\" width=\"1024\" height=\"682\" src=\"https:\/\/contextoanalisisperiodistico.com\/wp-content\/uploads\/2024\/11\/img-20241123-wa01735998402058625998669-1024x682.jpg\" alt=\"\" class=\"wp-image-34290\" srcset=\"https:\/\/contextoanalisisperiodistico.com\/wp-content\/uploads\/2024\/11\/img-20241123-wa01735998402058625998669-1024x682.jpg 1024w, https:\/\/contextoanalisisperiodistico.com\/wp-content\/uploads\/2024\/11\/img-20241123-wa01735998402058625998669-300x200.jpg 300w, https:\/\/contextoanalisisperiodistico.com\/wp-content\/uploads\/2024\/11\/img-20241123-wa01735998402058625998669-768x512.jpg 768w, https:\/\/contextoanalisisperiodistico.com\/wp-content\/uploads\/2024\/11\/img-20241123-wa01735998402058625998669-1536x1023.jpg 1536w, https:\/\/contextoanalisisperiodistico.com\/wp-content\/uploads\/2024\/11\/img-20241123-wa01735998402058625998669.jpg 1600w\" sizes=\"(max-width: 1024px) 100vw, 1024px\" \/><\/figure>\n\n\n\n<figure class=\"wp-block-image\"><img loading=\"lazy\" decoding=\"async\" width=\"1024\" height=\"576\" src=\"https:\/\/contextoanalisisperiodistico.com\/wp-content\/uploads\/2024\/11\/img-20241123-wa01766738642502247032864-1024x576.jpg\" alt=\"\" class=\"wp-image-34294\" srcset=\"https:\/\/contextoanalisisperiodistico.com\/wp-content\/uploads\/2024\/11\/img-20241123-wa01766738642502247032864-1024x576.jpg 1024w, https:\/\/contextoanalisisperiodistico.com\/wp-content\/uploads\/2024\/11\/img-20241123-wa01766738642502247032864-300x169.jpg 300w, https:\/\/contextoanalisisperiodistico.com\/wp-content\/uploads\/2024\/11\/img-20241123-wa01766738642502247032864-768x432.jpg 768w, https:\/\/contextoanalisisperiodistico.com\/wp-content\/uploads\/2024\/11\/img-20241123-wa01766738642502247032864-1536x864.jpg 1536w, https:\/\/contextoanalisisperiodistico.com\/wp-content\/uploads\/2024\/11\/img-20241123-wa01766738642502247032864.jpg 1600w\" sizes=\"(max-width: 1024px) 100vw, 1024px\" \/><\/figure>\n\n\n\n<figure class=\"wp-block-image\"><img loading=\"lazy\" decoding=\"async\" width=\"1024\" height=\"682\" src=\"https:\/\/contextoanalisisperiodistico.com\/wp-content\/uploads\/2024\/11\/img-20241123-wa01755164928386608606320-1024x682.jpg\" alt=\"\" class=\"wp-image-34293\" srcset=\"https:\/\/contextoanalisisperiodistico.com\/wp-content\/uploads\/2024\/11\/img-20241123-wa01755164928386608606320-1024x682.jpg 1024w, https:\/\/contextoanalisisperiodistico.com\/wp-content\/uploads\/2024\/11\/img-20241123-wa01755164928386608606320-300x200.jpg 300w, https:\/\/contextoanalisisperiodistico.com\/wp-content\/uploads\/2024\/11\/img-20241123-wa01755164928386608606320-768x512.jpg 768w, https:\/\/contextoanalisisperiodistico.com\/wp-content\/uploads\/2024\/11\/img-20241123-wa01755164928386608606320-1536x1023.jpg 1536w, https:\/\/contextoanalisisperiodistico.com\/wp-content\/uploads\/2024\/11\/img-20241123-wa01755164928386608606320.jpg 1600w\" sizes=\"(max-width: 1024px) 100vw, 1024px\" \/><\/figure>\n\n\n\n<figure class=\"wp-block-image\"><img loading=\"lazy\" decoding=\"async\" width=\"1024\" height=\"682\" src=\"https:\/\/contextoanalisisperiodistico.com\/wp-content\/uploads\/2024\/11\/img-20241123-wa01827099013915961983656-1024x682.jpg\" alt=\"\" class=\"wp-image-34295\" srcset=\"https:\/\/contextoanalisisperiodistico.com\/wp-content\/uploads\/2024\/11\/img-20241123-wa01827099013915961983656-1024x682.jpg 1024w, https:\/\/contextoanalisisperiodistico.com\/wp-content\/uploads\/2024\/11\/img-20241123-wa01827099013915961983656-300x200.jpg 300w, https:\/\/contextoanalisisperiodistico.com\/wp-content\/uploads\/2024\/11\/img-20241123-wa01827099013915961983656-768x512.jpg 768w, https:\/\/contextoanalisisperiodistico.com\/wp-content\/uploads\/2024\/11\/img-20241123-wa01827099013915961983656-1536x1023.jpg 1536w, https:\/\/contextoanalisisperiodistico.com\/wp-content\/uploads\/2024\/11\/img-20241123-wa01827099013915961983656.jpg 1600w\" sizes=\"(max-width: 1024px) 100vw, 1024px\" \/><\/figure>\n\n\n\n<figure class=\"wp-block-image\"><img loading=\"lazy\" decoding=\"async\" width=\"1024\" height=\"682\" src=\"https:\/\/contextoanalisisperiodistico.com\/wp-content\/uploads\/2024\/11\/img-20241123-wa01856617478716415351697-1024x682.jpg\" alt=\"\" class=\"wp-image-34296\" srcset=\"https:\/\/contextoanalisisperiodistico.com\/wp-content\/uploads\/2024\/11\/img-20241123-wa01856617478716415351697-1024x682.jpg 1024w, https:\/\/contextoanalisisperiodistico.com\/wp-content\/uploads\/2024\/11\/img-20241123-wa01856617478716415351697-300x200.jpg 300w, https:\/\/contextoanalisisperiodistico.com\/wp-content\/uploads\/2024\/11\/img-20241123-wa01856617478716415351697-768x512.jpg 768w, https:\/\/contextoanalisisperiodistico.com\/wp-content\/uploads\/2024\/11\/img-20241123-wa01856617478716415351697-1536x1023.jpg 1536w, https:\/\/contextoanalisisperiodistico.com\/wp-content\/uploads\/2024\/11\/img-20241123-wa01856617478716415351697.jpg 1600w\" sizes=\"(max-width: 1024px) 100vw, 1024px\" \/><\/figure>\n\n\n\n<figure class=\"wp-block-image\"><img loading=\"lazy\" decoding=\"async\" width=\"1024\" height=\"682\" src=\"https:\/\/contextoanalisisperiodistico.com\/wp-content\/uploads\/2024\/11\/img-20241123-wa01863240438761720575260-1024x682.jpg\" alt=\"\" class=\"wp-image-34297\" srcset=\"https:\/\/contextoanalisisperiodistico.com\/wp-content\/uploads\/2024\/11\/img-20241123-wa01863240438761720575260-1024x682.jpg 1024w, https:\/\/contextoanalisisperiodistico.com\/wp-content\/uploads\/2024\/11\/img-20241123-wa01863240438761720575260-300x200.jpg 300w, https:\/\/contextoanalisisperiodistico.com\/wp-content\/uploads\/2024\/11\/img-20241123-wa01863240438761720575260-768x512.jpg 768w, https:\/\/contextoanalisisperiodistico.com\/wp-content\/uploads\/2024\/11\/img-20241123-wa01863240438761720575260-1536x1023.jpg 1536w, https:\/\/contextoanalisisperiodistico.com\/wp-content\/uploads\/2024\/11\/img-20241123-wa01863240438761720575260.jpg 1600w\" sizes=\"(max-width: 1024px) 100vw, 1024px\" \/><\/figure>\n\n\n\n<p>Oaxaca de Ju\u00e1rez, Oax. 23 de noviembre de 2024.- La segunda edici\u00f3n de la Guelaguetza del Mar se realiz\u00f3 con gran \u00e9xito en Puerto Escondido, con la participaci\u00f3n de 11 delegaciones que compartieron la belleza, cultura, danzas y m\u00fasica de sus comunidades con miles de personas locales, visitantes nacionales e internacionales.<\/p>\n\n\n\n<p>La secretaria de Turismo, Saymi Pineda Velasco inaugur\u00f3 este encuentro y destac\u00f3 que contribuye a fortalecer los lazos de hermandad, el intercambio de valores culturales y la promoci\u00f3n internacional de los destinos tur\u00edsticos, as\u00ed como los atractivos de los pueblos que participan.<\/p>\n\n\n\n<p>Destac\u00f3 que m\u00e1s de cinco mil asistentes se dieron cita en el imponente escenario que se mont\u00f3 en la playa Zicatela donde en el atardecer espectacular a la orilla del mar, se mostr\u00f3 la riqueza cultural y art\u00edstica de los pueblos.<\/p>\n\n\n\n<p>Pineda Velasco expres\u00f3 que los pueblos de la Costa viven una de las mejores \u00e9pocas porque se cuenta ya con una carretera que permite la llegada de m\u00e1s turistas durante todo el a\u00f1o y se\u00f1al\u00f3 que la Secretar\u00eda de Turismo (Sectur) Oaxaca trabaja para cumplir que el turismo sea un motor de desarrollo econ\u00f3mico y social para las familias.<\/p>\n\n\n\n<p>Acompa\u00f1ada de las autoridades municipales, Pineda Velasco particip\u00f3 en un Convite que anunci\u00f3 el inicio de la gran fiesta recorriendo la avenida del Morro, con las delegaciones encabezadas por la Diosa Cent\u00e9otl 2024, Juana Hern\u00e1ndez L\u00f3pez y la Banda de M\u00fasica de la Secretar\u00eda de Seguridad y Protecci\u00f3n Ciudadana (SSPC).<\/p>\n\n\n\n<p>La segunda edici\u00f3n de esta fiesta de hermandad, no solo enaltece las tradiciones, sino tambi\u00e9n destaca la importancia del mar en la vida de las comunidades costeras y la fraternidad de todos los pueblos de Oaxaca.<\/p>\n\n\n\n<p>La Guelaguetza del Mar se engalan\u00f3 con la delegaci\u00f3n de Santa Mar\u00eda Colotepec con sus Sones y Chilenas; Santo Domingo Tehuantepec con Sones de mi Tehuantepec; Santa Catarina Juquila con Sones y Chilenas de Juquila; la Villa de Zaachila con la Danza de la Pluma, as\u00ed como Puerto Escondido con Sones y Chilenas.<\/p>\n\n\n\n<p>Tambi\u00e9n la Heroica Ciudad de Huajuapan de Le\u00f3n con el Jarabe Mixteco; Ejutla de Crespo con el Jarabe Ejuteco; Santiago Pinotepa Nacional con Chilenas, Sones y Juegos; las mujeres y los hombres de San Pedro Pochutla llegaron con sus Sones y Chilenas; se apreci\u00f3 la belleza del baile Flor de Pi\u00f1a de San Juan Bautista Tuxtepec y las Calendas, Sones y Chilenas de Putla Villa de Guerrero.<br \/>-0-<\/p>\n","protected":false},"excerpt":{"rendered":"<p>Participaron 11 delegaciones que compartieron sus danzas y m\u00fasica con personas locales, visitantes nacionales y&#8230;<\/p>\n","protected":false},"author":4,"featured_media":34287,"comment_status":"","ping_status":"open","sticky":false,"template":"","format":"standard","meta":{"footnotes":""},"categories":[138],"tags":[],"jetpack_sharing_enabled":true,"featured_image_urls":{"full":["https:\/\/contextoanalisisperiodistico.com\/wp-content\/uploads\/2024\/11\/IMG-20241123-WA0174.jpg",1600,1066,false],"thumbnail":["https:\/\/contextoanalisisperiodistico.com\/wp-content\/uploads\/2024\/11\/IMG-20241123-WA0174-150x150.jpg",150,150,true],"medium":["https:\/\/contextoanalisisperiodistico.com\/wp-content\/uploads\/2024\/11\/IMG-20241123-WA0174-300x200.jpg",300,200,true],"medium_large":["https:\/\/contextoanalisisperiodistico.com\/wp-content\/uploads\/2024\/11\/IMG-20241123-WA0174-768x512.jpg",640,427,true],"large":["https:\/\/contextoanalisisperiodistico.com\/wp-content\/uploads\/2024\/11\/IMG-20241123-WA0174-1024x682.jpg",640,426,true],"1536x1536":["https:\/\/contextoanalisisperiodistico.com\/wp-content\/uploads\/2024\/11\/IMG-20241123-WA0174-1536x1023.jpg",1536,1023,true],"2048x2048":["https:\/\/contextoanalisisperiodistico.com\/wp-content\/uploads\/2024\/11\/IMG-20241123-WA0174.jpg",1600,1066,false],"covernews-slider-full":["https:\/\/contextoanalisisperiodistico.com\/wp-content\/uploads\/2024\/11\/IMG-20241123-WA0174-1115x715.jpg",1115,715,true],"covernews-slider-center":["https:\/\/contextoanalisisperiodistico.com\/wp-content\/uploads\/2024\/11\/IMG-20241123-WA0174-800x500.jpg",800,500,true],"covernews-featured":["https:\/\/contextoanalisisperiodistico.com\/wp-content\/uploads\/2024\/11\/IMG-20241123-WA0174-1024x682.jpg",1024,682,true],"covernews-medium":["https:\/\/contextoanalisisperiodistico.com\/wp-content\/uploads\/2024\/11\/IMG-20241123-WA0174-540x340.jpg",540,340,true],"covernews-medium-square":["https:\/\/contextoanalisisperiodistico.com\/wp-content\/uploads\/2024\/11\/IMG-20241123-WA0174-400x250.jpg",400,250,true]},"author_info":{"display_name":"Mario Gir\u00f3n","author_link":"https:\/\/contextoanalisisperiodistico.com\/index.php\/author\/director\/"},"category_info":"<a href=\"https:\/\/contextoanalisisperiodistico.com\/index.php\/category\/turismo\/\" rel=\"category tag\">Turismo<\/a>","tag_info":"Turismo","comment_count":"0","jetpack_featured_media_url":"https:\/\/contextoanalisisperiodistico.com\/wp-content\/uploads\/2024\/11\/IMG-20241123-WA0174.jpg","_links":{"self":[{"href":"https:\/\/contextoanalisisperiodistico.com\/index.php\/wp-json\/wp\/v2\/posts\/34298"}],"collection":[{"href":"https:\/\/contextoanalisisperiodistico.com\/index.php\/wp-json\/wp\/v2\/posts"}],"about":[{"href":"https:\/\/contextoanalisisperiodistico.com\/index.php\/wp-json\/wp\/v2\/types\/post"}],"author":[{"embeddable":true,"href":"https:\/\/contextoanalisisperiodistico.com\/index.php\/wp-json\/wp\/v2\/users\/4"}],"replies":[{"embeddable":true,"href":"https:\/\/contextoanalisisperiodistico.com\/index.php\/wp-json\/wp\/v2\/comments?post=34298"}],"version-history":[{"count":0,"href":"https:\/\/contextoanalisisperiodistico.com\/index.php\/wp-json\/wp\/v2\/posts\/34298\/revisions"}],"wp:featuredmedia":[{"embeddable":true,"href":"https:\/\/contextoanalisisperiodistico.com\/index.php\/wp-json\/wp\/v2\/media\/34287"}],"wp:attachment":[{"href":"https:\/\/contextoanalisisperiodistico.com\/index.php\/wp-json\/wp\/v2\/media?parent=34298"}],"wp:term":[{"taxonomy":"category","embeddable":true,"href":"https:\/\/contextoanalisisperiodistico.com\/index.php\/wp-json\/wp\/v2\/categories?post=34298"},{"taxonomy":"post_tag","embeddable":true,"href":"https:\/\/contextoanalisisperiodistico.com\/index.php\/wp-json\/wp\/v2\/tags?post=34298"}],"curies":[{"name":"wp","href":"https:\/\/api.w.org\/{rel}","templated":true}]}}