{"id":34281,"date":"2024-11-24T09:00:02","date_gmt":"2024-11-24T15:00:02","guid":{"rendered":"https:\/\/contextoanalisisperiodistico.com\/index.php\/2024\/11\/24\/indignante-mientras-gobierno-federal-reduce-gastos-ministros-se-otorgan-retiro-millonario-nino-morales\/"},"modified":"2024-11-24T09:00:02","modified_gmt":"2024-11-24T15:00:02","slug":"indignante-mientras-gobierno-federal-reduce-gastos-ministros-se-otorgan-retiro-millonario-nino-morales","status":"publish","type":"post","link":"https:\/\/contextoanalisisperiodistico.com\/index.php\/2024\/11\/24\/indignante-mientras-gobierno-federal-reduce-gastos-ministros-se-otorgan-retiro-millonario-nino-morales\/","title":{"rendered":"Indignante, mientras&nbsp; Gobierno Federal reduce gastos, ministros se otorgan retiro millonario: Nino Morales"},"content":{"rendered":"<div id=\"fb-root\"><\/div>\n\n<p>\u2022 Deben explicarle al pueblo los motivos para autorizarse un retiro dorado que pagar\u00e1n todas y todos los mexicanos<\/p>\n\n\n\n<p>Es vergonzoso que, mientras el gobierno de la presidenta Claudia Sheinbaum se aprieta el cintur\u00f3n y propone un presupuesto que prioriza programas sociales y mantiene la estabilidad de las finanzas p\u00fablicas, Ministras y Ministros se autoricen un haber de retiro millonario.<\/p>\n\n\n\n<p>As\u00ed lo expres\u00f3 el senador oaxaque\u00f1o Antonino Morales Toledo, quien agreg\u00f3 que los Ministros y Ministras de la Corte que no participar\u00e1n en la elecci\u00f3n judicial aprobaron un acuerdo para otorgarse una pensi\u00f3n mensual que, en la mayor\u00eda de los casos, supera los 300 mil pesos, a pesar de que siguen en funciones y sus renuncias no ser\u00e1n efectivas hasta el pr\u00f3ximo a\u00f1o.<\/p>\n\n\n\n<p>\u201cEsta acci\u00f3n revela al pueblo la verdadera br\u00fajula moral de quienes consideran indignante someterse al escrutinio y elecci\u00f3n popular, pero no tienen reparo en recibir una cantidad que ning\u00fan otra trabajadora o trabajador mexicano obtiene al retirarse\u00bb, dijo el legislador zapoteco.<\/p>\n\n\n\n<p>De los ministros que no participar\u00e1n en la elecci\u00f3n judicial, Jorge Mario Pardo Rebolledo recibir\u00e1 una pensi\u00f3n mensual de 371 mil pesos; Alfredo Guti\u00e9rrez Ortiz Mena y Alberto P\u00e9rez Day\u00e1n recibir\u00e1n 346 mil pesos al mes.<\/p>\n\n\n\n<p>En tanto, la ministra presidenta de la Corte, Norma Luc\u00eda Pi\u00f1a Hern\u00e1ndez y Javier L\u00e1ynez Potisek recibir\u00e1n un monto de 304 mil pesos al mes. El ministro Juan Luis Gonz\u00e1lez Alc\u00e1ntara Carranc\u00e1 recibir\u00eda 263 mil pesos al mes.<\/p>\n\n\n\n<p>El Senador oaxaque\u00f1o subray\u00f3 que, en el colmo de la inmoralidad, el c\u00e1lculo para tal retiro se basa en los sueldos que Ministras y Ministros percibieron en 2024, los cuales son un 12.4% mayores a los propuestos para 2025.<\/p>\n\n\n\n<p>\u201cNo debe autorizarse el presupuesto solicitado por el Poder Judicial hasta que el monto de dichas pensiones se ajuste al sueldo tabular vigente en el momento en que sus renuncias sean efectivas\u00bb, exigi\u00f3 Nino Morales.<\/p>\n\n\n\n<p>Morales Toledo afirm\u00f3 que la Ministra Pi\u00f1a y su grupo demuestran sin verg\u00fcenza que siempre han visto a la justicia como un negocio, un modus vivendi, y no est\u00e1n dispuestos a abandonarlo sin llevarse lo que consideran su bot\u00edn.<\/p>\n\n\n\n<p>\u201cDec\u00edan defender la Constituci\u00f3n, pero la violan con salarios superiores al de la presidenta de la rep\u00fablica e intentando frenar una reforma constitucional. Dec\u00edan defender la divisi\u00f3n de poderes, pero pretendieron supeditar las decisiones del Congreso de la Uni\u00f3n. Dec\u00edan defender la democracia, pero se oponen a la elecci\u00f3n popular de las personas juzgadoras. Verg\u00fcenza les deber\u00eda dar seguir ostentando un cargo que exige autoridad moral y \u00e9tica\u00bb, denunci\u00f3 el senador morenista.<\/p>\n\n\n\n<p>El senador Antonino Morales se\u00f1al\u00f3 que afortunadamente la elecci\u00f3n popular de las personas juzgadoras se realizar\u00e1 en 2025 y el Poder Judicial ser\u00e1 renovado.<\/p>\n\n\n\n<p>Finalmente, Nino Morales consider\u00f3 que \u201cantes de abandonar el cargo, Ministras y Ministros le deben explicar al pueblo por qu\u00e9 se autorizan un retiro de millones de pesos\u201d.<\/p>\n","protected":false},"excerpt":{"rendered":"<p>\u2022 Deben explicarle al pueblo los motivos para autorizarse un retiro dorado que pagar\u00e1n todas&#8230;<\/p>\n","protected":false},"author":4,"featured_media":34280,"comment_status":"","ping_status":"open","sticky":false,"template":"","format":"standard","meta":{"footnotes":""},"categories":[9],"tags":[156,12,131,181,148,20,27,182,195],"jetpack_sharing_enabled":true,"featured_image_urls":{"full":["https:\/\/contextoanalisisperiodistico.com\/wp-content\/uploads\/2024\/11\/IMG-20241109-WA0207-1.jpg",828,1280,false],"thumbnail":["https:\/\/contextoanalisisperiodistico.com\/wp-content\/uploads\/2024\/11\/IMG-20241109-WA0207-1-150x150.jpg",150,150,true],"medium":["https:\/\/contextoanalisisperiodistico.com\/wp-content\/uploads\/2024\/11\/IMG-20241109-WA0207-1-194x300.jpg",194,300,true],"medium_large":["https:\/\/contextoanalisisperiodistico.com\/wp-content\/uploads\/2024\/11\/IMG-20241109-WA0207-1-768x1187.jpg",640,989,true],"large":["https:\/\/contextoanalisisperiodistico.com\/wp-content\/uploads\/2024\/11\/IMG-20241109-WA0207-1-662x1024.jpg",640,990,true],"1536x1536":["https:\/\/contextoanalisisperiodistico.com\/wp-content\/uploads\/2024\/11\/IMG-20241109-WA0207-1.jpg",828,1280,false],"2048x2048":["https:\/\/contextoanalisisperiodistico.com\/wp-content\/uploads\/2024\/11\/IMG-20241109-WA0207-1.jpg",828,1280,false],"covernews-slider-full":["https:\/\/contextoanalisisperiodistico.com\/wp-content\/uploads\/2024\/11\/IMG-20241109-WA0207-1-828x715.jpg",828,715,true],"covernews-slider-center":["https:\/\/contextoanalisisperiodistico.com\/wp-content\/uploads\/2024\/11\/IMG-20241109-WA0207-1-800x500.jpg",800,500,true],"covernews-featured":["https:\/\/contextoanalisisperiodistico.com\/wp-content\/uploads\/2024\/11\/IMG-20241109-WA0207-1.jpg",828,1280,false],"covernews-medium":["https:\/\/contextoanalisisperiodistico.com\/wp-content\/uploads\/2024\/11\/IMG-20241109-WA0207-1-540x340.jpg",540,340,true],"covernews-medium-square":["https:\/\/contextoanalisisperiodistico.com\/wp-content\/uploads\/2024\/11\/IMG-20241109-WA0207-1-400x250.jpg",400,250,true]},"author_info":{"display_name":"Mario Gir\u00f3n","author_link":"https:\/\/contextoanalisisperiodistico.com\/index.php\/author\/director\/"},"category_info":"<a href=\"https:\/\/contextoanalisisperiodistico.com\/index.php\/category\/politica\/\" rel=\"category tag\">Pol\u00edtica<\/a>","tag_info":"Pol\u00edtica","comment_count":"0","jetpack_featured_media_url":"https:\/\/contextoanalisisperiodistico.com\/wp-content\/uploads\/2024\/11\/IMG-20241109-WA0207-1.jpg","_links":{"self":[{"href":"https:\/\/contextoanalisisperiodistico.com\/index.php\/wp-json\/wp\/v2\/posts\/34281"}],"collection":[{"href":"https:\/\/contextoanalisisperiodistico.com\/index.php\/wp-json\/wp\/v2\/posts"}],"about":[{"href":"https:\/\/contextoanalisisperiodistico.com\/index.php\/wp-json\/wp\/v2\/types\/post"}],"author":[{"embeddable":true,"href":"https:\/\/contextoanalisisperiodistico.com\/index.php\/wp-json\/wp\/v2\/users\/4"}],"replies":[{"embeddable":true,"href":"https:\/\/contextoanalisisperiodistico.com\/index.php\/wp-json\/wp\/v2\/comments?post=34281"}],"version-history":[{"count":0,"href":"https:\/\/contextoanalisisperiodistico.com\/index.php\/wp-json\/wp\/v2\/posts\/34281\/revisions"}],"wp:featuredmedia":[{"embeddable":true,"href":"https:\/\/contextoanalisisperiodistico.com\/index.php\/wp-json\/wp\/v2\/media\/34280"}],"wp:attachment":[{"href":"https:\/\/contextoanalisisperiodistico.com\/index.php\/wp-json\/wp\/v2\/media?parent=34281"}],"wp:term":[{"taxonomy":"category","embeddable":true,"href":"https:\/\/contextoanalisisperiodistico.com\/index.php\/wp-json\/wp\/v2\/categories?post=34281"},{"taxonomy":"post_tag","embeddable":true,"href":"https:\/\/contextoanalisisperiodistico.com\/index.php\/wp-json\/wp\/v2\/tags?post=34281"}],"curies":[{"name":"wp","href":"https:\/\/api.w.org\/{rel}","templated":true}]}}