{"id":34279,"date":"2024-11-22T17:46:20","date_gmt":"2024-11-22T23:46:20","guid":{"rendered":"https:\/\/contextoanalisisperiodistico.com\/index.php\/2024\/11\/22\/conmemora-sso-dia-nacional-de-la-vasectomia\/"},"modified":"2024-11-22T17:46:20","modified_gmt":"2024-11-22T23:46:20","slug":"conmemora-sso-dia-nacional-de-la-vasectomia","status":"publish","type":"post","link":"https:\/\/contextoanalisisperiodistico.com\/index.php\/2024\/11\/22\/conmemora-sso-dia-nacional-de-la-vasectomia\/","title":{"rendered":"Conmemora SSO D\u00eda Nacional de la Vasectom\u00eda"},"content":{"rendered":"<div id=\"fb-root\"><\/div>\n\n<p>\u2022 Apertura servicio permanente de vasectom\u00edas en el Centro de Salud IMSS Bienestar del Fraccionamiento El Rosario<\/p>\n\n\n\n<figure class=\"wp-block-image size-large\"><img fetchpriority=\"high\" decoding=\"async\" width=\"900\" height=\"506\" src=\"https:\/\/contextoanalisisperiodistico.com\/wp-content\/uploads\/2024\/11\/img-20241122-wa0208278531262902535405.jpg\" alt=\"\" class=\"wp-image-34277\" srcset=\"https:\/\/contextoanalisisperiodistico.com\/wp-content\/uploads\/2024\/11\/img-20241122-wa0208278531262902535405.jpg 900w, https:\/\/contextoanalisisperiodistico.com\/wp-content\/uploads\/2024\/11\/img-20241122-wa0208278531262902535405-300x169.jpg 300w, https:\/\/contextoanalisisperiodistico.com\/wp-content\/uploads\/2024\/11\/img-20241122-wa0208278531262902535405-768x432.jpg 768w\" sizes=\"(max-width: 900px) 100vw, 900px\" \/><\/figure>\n\n\n\n<figure class=\"wp-block-image\"><img decoding=\"async\" width=\"300\" height=\"169\" src=\"https:\/\/contextoanalisisperiodistico.com\/wp-content\/uploads\/2024\/11\/img-20241122-wa02095156744376591474738-300x169.jpg\" alt=\"\" class=\"wp-image-34278\" srcset=\"https:\/\/contextoanalisisperiodistico.com\/wp-content\/uploads\/2024\/11\/img-20241122-wa02095156744376591474738-300x169.jpg 300w, https:\/\/contextoanalisisperiodistico.com\/wp-content\/uploads\/2024\/11\/img-20241122-wa02095156744376591474738-768x432.jpg 768w, https:\/\/contextoanalisisperiodistico.com\/wp-content\/uploads\/2024\/11\/img-20241122-wa02095156744376591474738.jpg 900w\" sizes=\"(max-width: 300px) 100vw, 300px\" \/><\/figure>\n\n\n\n<p>Oaxaca de Ju\u00e1rez, Oax. 22 de noviembre de 2024.- En el marco del D\u00eda Nacional de la Vasectom\u00eda, que se conmemora este 22 de noviembre, Servicios de Salud de Oaxaca (SSO) a trav\u00e9s de la Jurisdicci\u00f3n Sanitaria 1 Valles Centrales, llev\u00f3 a cabo la apertura del servicio permanente de este m\u00e9todo de planificaci\u00f3n familiar en el centro de Salud IMSS Bienestar del Fraccionamiento El Rosario.<\/p>\n\n\n\n<p>Durante la inauguraci\u00f3n, el director de Prevenci\u00f3n y Promoci\u00f3n de la Salud, Julio Avelino Galindo L\u00f3pez, acompa\u00f1ado de la jefa jurisdiccional, Aurelia Guerra Mart\u00ednez, detall\u00f3 que esta unidad se suma a los centros de salud Urbano Dos, Colonia Am\u00e9rica y Volcanes, que realizan de manera permanente vasectom\u00edas sin bistur\u00ed.<\/p>\n\n\n\n<p>Precis\u00f3 que el objetivo es brindar un servicio seguro y confiable a los usuarios, en condiciones de igualdad, calidad y en total respeto por sus derechos sexuales y reproductivos. Cabe destacar que hasta el mes de septiembre se han realizado 150 procedimientos quir\u00fargicos de este tipo de manera gratuita.<\/p>\n\n\n\n<p>Esta intervenci\u00f3n dura de 15 a 30 minutos y se realiza a trav\u00e9s de una peque\u00f1a incisi\u00f3n en medio de los test\u00edculos para cortar los conductos deferentes, que es por donde pasan los espermatozoides; el paciente entra y sale caminando de la unidad m\u00e9dica.<\/p>\n\n\n\n<p>Despu\u00e9s del procedimiento, el usuario contin\u00faa con los mismos niveles de testosterona, virilidad y rendimiento sexual, lo \u00fanico que cambia es que el semen no contiene espermatozoides. No se requieren estudios preoperatorios, por lo que puede realizarse en cualquier momento, estando totalmente satisfecho con su paternidad y consciente de que el m\u00e9todo es permanente.<\/p>\n\n\n\n<p>-0-<\/p>\n","protected":false},"excerpt":{"rendered":"<p>\u2022 Apertura servicio permanente de vasectom\u00edas en el Centro de Salud IMSS Bienestar del Fraccionamiento&#8230;<\/p>\n","protected":false},"author":4,"featured_media":34276,"comment_status":"","ping_status":"open","sticky":false,"template":"","format":"standard","meta":{"footnotes":""},"categories":[92],"tags":[],"jetpack_sharing_enabled":true,"featured_image_urls":{"full":["https:\/\/contextoanalisisperiodistico.com\/wp-content\/uploads\/2024\/11\/IMG-20241122-WA0210.jpg",900,506,false],"thumbnail":["https:\/\/contextoanalisisperiodistico.com\/wp-content\/uploads\/2024\/11\/IMG-20241122-WA0210-150x150.jpg",150,150,true],"medium":["https:\/\/contextoanalisisperiodistico.com\/wp-content\/uploads\/2024\/11\/IMG-20241122-WA0210-300x169.jpg",300,169,true],"medium_large":["https:\/\/contextoanalisisperiodistico.com\/wp-content\/uploads\/2024\/11\/IMG-20241122-WA0210-768x432.jpg",640,360,true],"large":["https:\/\/contextoanalisisperiodistico.com\/wp-content\/uploads\/2024\/11\/IMG-20241122-WA0210.jpg",640,360,false],"1536x1536":["https:\/\/contextoanalisisperiodistico.com\/wp-content\/uploads\/2024\/11\/IMG-20241122-WA0210.jpg",900,506,false],"2048x2048":["https:\/\/contextoanalisisperiodistico.com\/wp-content\/uploads\/2024\/11\/IMG-20241122-WA0210.jpg",900,506,false],"covernews-slider-full":["https:\/\/contextoanalisisperiodistico.com\/wp-content\/uploads\/2024\/11\/IMG-20241122-WA0210.jpg",900,506,false],"covernews-slider-center":["https:\/\/contextoanalisisperiodistico.com\/wp-content\/uploads\/2024\/11\/IMG-20241122-WA0210-800x500.jpg",800,500,true],"covernews-featured":["https:\/\/contextoanalisisperiodistico.com\/wp-content\/uploads\/2024\/11\/IMG-20241122-WA0210.jpg",900,506,false],"covernews-medium":["https:\/\/contextoanalisisperiodistico.com\/wp-content\/uploads\/2024\/11\/IMG-20241122-WA0210-540x340.jpg",540,340,true],"covernews-medium-square":["https:\/\/contextoanalisisperiodistico.com\/wp-content\/uploads\/2024\/11\/IMG-20241122-WA0210-400x250.jpg",400,250,true]},"author_info":{"display_name":"Mario Gir\u00f3n","author_link":"https:\/\/contextoanalisisperiodistico.com\/index.php\/author\/director\/"},"category_info":"<a href=\"https:\/\/contextoanalisisperiodistico.com\/index.php\/category\/salud\/\" rel=\"category tag\">Salud<\/a>","tag_info":"Salud","comment_count":"0","jetpack_featured_media_url":"https:\/\/contextoanalisisperiodistico.com\/wp-content\/uploads\/2024\/11\/IMG-20241122-WA0210.jpg","_links":{"self":[{"href":"https:\/\/contextoanalisisperiodistico.com\/index.php\/wp-json\/wp\/v2\/posts\/34279"}],"collection":[{"href":"https:\/\/contextoanalisisperiodistico.com\/index.php\/wp-json\/wp\/v2\/posts"}],"about":[{"href":"https:\/\/contextoanalisisperiodistico.com\/index.php\/wp-json\/wp\/v2\/types\/post"}],"author":[{"embeddable":true,"href":"https:\/\/contextoanalisisperiodistico.com\/index.php\/wp-json\/wp\/v2\/users\/4"}],"replies":[{"embeddable":true,"href":"https:\/\/contextoanalisisperiodistico.com\/index.php\/wp-json\/wp\/v2\/comments?post=34279"}],"version-history":[{"count":0,"href":"https:\/\/contextoanalisisperiodistico.com\/index.php\/wp-json\/wp\/v2\/posts\/34279\/revisions"}],"wp:featuredmedia":[{"embeddable":true,"href":"https:\/\/contextoanalisisperiodistico.com\/index.php\/wp-json\/wp\/v2\/media\/34276"}],"wp:attachment":[{"href":"https:\/\/contextoanalisisperiodistico.com\/index.php\/wp-json\/wp\/v2\/media?parent=34279"}],"wp:term":[{"taxonomy":"category","embeddable":true,"href":"https:\/\/contextoanalisisperiodistico.com\/index.php\/wp-json\/wp\/v2\/categories?post=34279"},{"taxonomy":"post_tag","embeddable":true,"href":"https:\/\/contextoanalisisperiodistico.com\/index.php\/wp-json\/wp\/v2\/tags?post=34279"}],"curies":[{"name":"wp","href":"https:\/\/api.w.org\/{rel}","templated":true}]}}