{"id":34270,"date":"2024-11-22T17:39:08","date_gmt":"2024-11-22T23:39:08","guid":{"rendered":"https:\/\/contextoanalisisperiodistico.com\/index.php\/2024\/11\/22\/establece-sso-sinergia-con-ipas-para-ampliar-la-atencion-a-la-salud-reproductiva\/"},"modified":"2024-11-22T17:39:08","modified_gmt":"2024-11-22T23:39:08","slug":"establece-sso-sinergia-con-ipas-para-ampliar-la-atencion-a-la-salud-reproductiva","status":"publish","type":"post","link":"https:\/\/contextoanalisisperiodistico.com\/index.php\/2024\/11\/22\/establece-sso-sinergia-con-ipas-para-ampliar-la-atencion-a-la-salud-reproductiva\/","title":{"rendered":"Establece SSO sinergia con Ipas para ampliar la atenci\u00f3n a la salud reproductiva"},"content":{"rendered":"<div id=\"fb-root\"><\/div>\n\n<p>\u2022 Recibe Hospital Aurelio Valdivieso donaci\u00f3n de ultrasonido port\u00e1til para fortalecer la atenci\u00f3n al ILE<\/p>\n\n\n\n<figure class=\"wp-block-image size-large\"><img fetchpriority=\"high\" decoding=\"async\" width=\"900\" height=\"506\" src=\"https:\/\/contextoanalisisperiodistico.com\/wp-content\/uploads\/2024\/11\/img-20241122-wa02017733127312275805453.jpg\" alt=\"\" class=\"wp-image-34269\" srcset=\"https:\/\/contextoanalisisperiodistico.com\/wp-content\/uploads\/2024\/11\/img-20241122-wa02017733127312275805453.jpg 900w, https:\/\/contextoanalisisperiodistico.com\/wp-content\/uploads\/2024\/11\/img-20241122-wa02017733127312275805453-300x169.jpg 300w, https:\/\/contextoanalisisperiodistico.com\/wp-content\/uploads\/2024\/11\/img-20241122-wa02017733127312275805453-768x432.jpg 768w\" sizes=\"(max-width: 900px) 100vw, 900px\" \/><\/figure>\n\n\n\n<p>Oaxaca de Ju\u00e1rez, Oax. 22 de noviembre de 2024.- Servicios de Salud de Oaxaca (SSO) suma esfuerzos con Ipas Latinoam\u00e9rica y el Caribe, para incrementar la calidad en la atenci\u00f3n a la salud reproductiva, as\u00ed como ampliar el acceso a los servicios de Interrupci\u00f3n Legal del Embarazo (ILE).<\/p>\n\n\n\n<p>En representaci\u00f3n del encargado de despacho de los SSO, Efr\u00e9n Emmanuel Jarqu\u00edn Gonz\u00e1lez, el director de Prevenci\u00f3n y Promoci\u00f3n de la Salud, Julio Avelino Galindo L\u00f3pez inform\u00f3 que se trabaja de manera coordinada para la construcci\u00f3n de una sociedad que respete el derecho a decidir y la autonom\u00eda reproductiva.<\/p>\n\n\n\n<p>Explic\u00f3 que parte del trabajo en conjunto, busca que el servicio de telemedicina se sume a este programa para dar cobertura a las zonas alejadas de la entidad y establecer acciones para la creaci\u00f3n de personal capacitador que permita fortalecer la red de servicios de ILE en las unidades m\u00e9dicas de las seis Jurisdicciones Sanitarias.<\/p>\n\n\n\n<p>Durante el encuentro se destac\u00f3 la donaci\u00f3n de un ultrasonido port\u00e1til al Hospital General Doctor Aurelio Valdivieso de IMSS-Bienestar, por parte de la organizaci\u00f3n internacional sin fines de lucro; este aparato m\u00e9dico permitir\u00e1 brindar de 30 a 40 atenciones por semana, dando cobertura de manera gratuita al aborto seguro establecido en ley.<\/p>\n\n\n\n<p>Al respecto, la representante en Oaxaca de Ipas Latinoam\u00e9rica y el Caribe, Diana Laura Garc\u00eda Agust\u00edn, dijo que esta organizaci\u00f3n internacional sin fines de lucro que trabaja a favor de los derechos sexuales y reproductivos de las mujeres en el tema de aborto seguro y anticoncepci\u00f3n, tiene m\u00e1s de 10 a\u00f1os colaborando con los SSO.<\/p>\n\n\n\n<p>Cabe destacar que la entidad cuenta con 11 unidades de Servicios de Aborto Seguro (SAS) validadas y respaldadas en la cartera del Centro Nacional de Equidad de G\u00e9nero y Salud Reproductiva (CNEGSR).<\/p>\n\n\n\n<p>De esta manera, el Gobierno del Estado refrenda su compromiso de garantizar a las mujeres, ni\u00f1as y adolescentes y personas con capacidad de gestar, el derecho a este servicio a trav\u00e9s de una atenci\u00f3n oportuna, resolutiva e integral.<\/p>\n\n\n\n<p>-0-<\/p>\n","protected":false},"excerpt":{"rendered":"<p>\u2022 Recibe Hospital Aurelio Valdivieso donaci\u00f3n de ultrasonido port\u00e1til para fortalecer la atenci\u00f3n al ILE&#8230;<\/p>\n","protected":false},"author":4,"featured_media":34268,"comment_status":"","ping_status":"open","sticky":false,"template":"","format":"standard","meta":{"footnotes":""},"categories":[92],"tags":[],"jetpack_sharing_enabled":true,"featured_image_urls":{"full":["https:\/\/contextoanalisisperiodistico.com\/wp-content\/uploads\/2024\/11\/IMG-20241122-WA0200.jpg",900,506,false],"thumbnail":["https:\/\/contextoanalisisperiodistico.com\/wp-content\/uploads\/2024\/11\/IMG-20241122-WA0200-150x150.jpg",150,150,true],"medium":["https:\/\/contextoanalisisperiodistico.com\/wp-content\/uploads\/2024\/11\/IMG-20241122-WA0200-300x169.jpg",300,169,true],"medium_large":["https:\/\/contextoanalisisperiodistico.com\/wp-content\/uploads\/2024\/11\/IMG-20241122-WA0200-768x432.jpg",640,360,true],"large":["https:\/\/contextoanalisisperiodistico.com\/wp-content\/uploads\/2024\/11\/IMG-20241122-WA0200.jpg",640,360,false],"1536x1536":["https:\/\/contextoanalisisperiodistico.com\/wp-content\/uploads\/2024\/11\/IMG-20241122-WA0200.jpg",900,506,false],"2048x2048":["https:\/\/contextoanalisisperiodistico.com\/wp-content\/uploads\/2024\/11\/IMG-20241122-WA0200.jpg",900,506,false],"covernews-slider-full":["https:\/\/contextoanalisisperiodistico.com\/wp-content\/uploads\/2024\/11\/IMG-20241122-WA0200.jpg",900,506,false],"covernews-slider-center":["https:\/\/contextoanalisisperiodistico.com\/wp-content\/uploads\/2024\/11\/IMG-20241122-WA0200-800x500.jpg",800,500,true],"covernews-featured":["https:\/\/contextoanalisisperiodistico.com\/wp-content\/uploads\/2024\/11\/IMG-20241122-WA0200.jpg",900,506,false],"covernews-medium":["https:\/\/contextoanalisisperiodistico.com\/wp-content\/uploads\/2024\/11\/IMG-20241122-WA0200-540x340.jpg",540,340,true],"covernews-medium-square":["https:\/\/contextoanalisisperiodistico.com\/wp-content\/uploads\/2024\/11\/IMG-20241122-WA0200-400x250.jpg",400,250,true]},"author_info":{"display_name":"Mario Gir\u00f3n","author_link":"https:\/\/contextoanalisisperiodistico.com\/index.php\/author\/director\/"},"category_info":"<a href=\"https:\/\/contextoanalisisperiodistico.com\/index.php\/category\/salud\/\" rel=\"category tag\">Salud<\/a>","tag_info":"Salud","comment_count":"0","jetpack_featured_media_url":"https:\/\/contextoanalisisperiodistico.com\/wp-content\/uploads\/2024\/11\/IMG-20241122-WA0200.jpg","_links":{"self":[{"href":"https:\/\/contextoanalisisperiodistico.com\/index.php\/wp-json\/wp\/v2\/posts\/34270"}],"collection":[{"href":"https:\/\/contextoanalisisperiodistico.com\/index.php\/wp-json\/wp\/v2\/posts"}],"about":[{"href":"https:\/\/contextoanalisisperiodistico.com\/index.php\/wp-json\/wp\/v2\/types\/post"}],"author":[{"embeddable":true,"href":"https:\/\/contextoanalisisperiodistico.com\/index.php\/wp-json\/wp\/v2\/users\/4"}],"replies":[{"embeddable":true,"href":"https:\/\/contextoanalisisperiodistico.com\/index.php\/wp-json\/wp\/v2\/comments?post=34270"}],"version-history":[{"count":0,"href":"https:\/\/contextoanalisisperiodistico.com\/index.php\/wp-json\/wp\/v2\/posts\/34270\/revisions"}],"wp:featuredmedia":[{"embeddable":true,"href":"https:\/\/contextoanalisisperiodistico.com\/index.php\/wp-json\/wp\/v2\/media\/34268"}],"wp:attachment":[{"href":"https:\/\/contextoanalisisperiodistico.com\/index.php\/wp-json\/wp\/v2\/media?parent=34270"}],"wp:term":[{"taxonomy":"category","embeddable":true,"href":"https:\/\/contextoanalisisperiodistico.com\/index.php\/wp-json\/wp\/v2\/categories?post=34270"},{"taxonomy":"post_tag","embeddable":true,"href":"https:\/\/contextoanalisisperiodistico.com\/index.php\/wp-json\/wp\/v2\/tags?post=34270"}],"curies":[{"name":"wp","href":"https:\/\/api.w.org\/{rel}","templated":true}]}}