{"id":34262,"date":"2024-11-22T15:19:56","date_gmt":"2024-11-22T21:19:56","guid":{"rendered":"https:\/\/contextoanalisisperiodistico.com\/index.php\/2024\/11\/22\/reitera-gabinete-de-seguridad-compromiso-para-la-transformacion-de-instituciones-policiales-de-oaxaca\/"},"modified":"2024-11-22T15:19:56","modified_gmt":"2024-11-22T21:19:56","slug":"reitera-gabinete-de-seguridad-compromiso-para-la-transformacion-de-instituciones-policiales-de-oaxaca","status":"publish","type":"post","link":"https:\/\/contextoanalisisperiodistico.com\/index.php\/2024\/11\/22\/reitera-gabinete-de-seguridad-compromiso-para-la-transformacion-de-instituciones-policiales-de-oaxaca\/","title":{"rendered":"Reitera Gabinete de Seguridad compromiso para la transformaci\u00f3n de instituciones policiales de Oaxaca"},"content":{"rendered":"<div id=\"fb-root\"><\/div>\n\n<p>\u2022 Ante el Congreso local, SESESP, SSPC, CEPCyGR y Polic\u00eda Vial Estatal expusieron la estrategia y logros del Gobierno de la Primavera Oaxaque\u00f1a<\/p>\n\n\n\n<p>San Raymundo Jalpan, Oax. 22 de noviembre de 2024.- El Gobierno de Oaxaca prioriza, como uno de sus ejes de trabajo la suma de esfuerzos con el Poder Legislativo, para que la ciudadan\u00eda oaxaque\u00f1a cuente con instituciones policiales a la altura de sus demandas y necesidades, as\u00ed lo reiteraron representantes de las dependencias del Gabinete de Seguridad del Estado.<\/p>\n\n\n\n<p>La responsable del Secretariado Ejecutivo del Sistema Estatal de Seguridad P\u00fablica (SESESP), Karina Bar\u00f3n Ortiz; as\u00ed como los titulares de la Secretar\u00eda de Seguridad y Protecci\u00f3n Ciudadana (SSPC), Iv\u00e1n Garc\u00eda \u00c1lvarez; de la Coordinaci\u00f3n Estatal de Protecci\u00f3n Civil y Gesti\u00f3n de Riesgos (CEPCyGR), Manuel Maza S\u00e1nchez y de la Polic\u00eda Vial Estatal, Toribio S\u00e1nchez L\u00f3pez, asistieron a la Sesi\u00f3n de Instalaci\u00f3n de la Comisi\u00f3n Permanente de Seguridad P\u00fablica y Protecci\u00f3n Civil de la LXVI Legislatura del Congreso local.<\/p>\n\n\n\n<p>Tras el acto protocolario en el edificio \u201cDon Carlos Mar\u00eda Bustamante\u201d, integrantes de este gabinete sostuvieron una reuni\u00f3n de trabajo con las y los diputados que conforman la Comisi\u00f3n de Seguridad P\u00fablica y Protecci\u00f3n Civil, as\u00ed como con la presidenta de la Mesa Directiva, Antonia Natividad D\u00edaz Jim\u00e9nez, en la que se expusieron los detalles de la estrategia empleada y resultados obtenidos durante los dos primeros a\u00f1os de la administraci\u00f3n de la Primavera Oaxaque\u00f1a.<\/p>\n\n\n\n<p>El Gobierno del Estado refrenda su compromiso para continuar esfuerzos entre poderes y \u00f3rdenes de gobierno para transformar las instituciones policiales en favor del bienestar de la poblaci\u00f3n oaxaque\u00f1a.<\/p>\n\n\n\n<p>-0-<\/p>\n\n\n\n<figure class=\"wp-block-image size-large\"><img fetchpriority=\"high\" decoding=\"async\" width=\"1024\" height=\"575\" src=\"https:\/\/contextoanalisisperiodistico.com\/wp-content\/uploads\/2024\/11\/img-20241122-wa01595871402572288798137-1024x575.jpg\" alt=\"\" class=\"wp-image-34261\" srcset=\"https:\/\/contextoanalisisperiodistico.com\/wp-content\/uploads\/2024\/11\/img-20241122-wa01595871402572288798137-1024x575.jpg 1024w, https:\/\/contextoanalisisperiodistico.com\/wp-content\/uploads\/2024\/11\/img-20241122-wa01595871402572288798137-300x168.jpg 300w, https:\/\/contextoanalisisperiodistico.com\/wp-content\/uploads\/2024\/11\/img-20241122-wa01595871402572288798137-768x431.jpg 768w, https:\/\/contextoanalisisperiodistico.com\/wp-content\/uploads\/2024\/11\/img-20241122-wa01595871402572288798137-1536x862.jpg 1536w, https:\/\/contextoanalisisperiodistico.com\/wp-content\/uploads\/2024\/11\/img-20241122-wa01595871402572288798137.jpg 1600w\" sizes=\"(max-width: 1024px) 100vw, 1024px\" \/><\/figure>\n","protected":false},"excerpt":{"rendered":"<p>\u2022 Ante el Congreso local, SESESP, SSPC, CEPCyGR y Polic\u00eda Vial Estatal expusieron la estrategia&#8230;<\/p>\n","protected":false},"author":4,"featured_media":34260,"comment_status":"","ping_status":"open","sticky":false,"template":"","format":"standard","meta":{"footnotes":""},"categories":[6],"tags":[],"jetpack_sharing_enabled":true,"featured_image_urls":{"full":["https:\/\/contextoanalisisperiodistico.com\/wp-content\/uploads\/2024\/11\/IMG-20241122-WA0158.jpg",1600,762,false],"thumbnail":["https:\/\/contextoanalisisperiodistico.com\/wp-content\/uploads\/2024\/11\/IMG-20241122-WA0158-150x150.jpg",150,150,true],"medium":["https:\/\/contextoanalisisperiodistico.com\/wp-content\/uploads\/2024\/11\/IMG-20241122-WA0158-300x143.jpg",300,143,true],"medium_large":["https:\/\/contextoanalisisperiodistico.com\/wp-content\/uploads\/2024\/11\/IMG-20241122-WA0158-768x366.jpg",640,305,true],"large":["https:\/\/contextoanalisisperiodistico.com\/wp-content\/uploads\/2024\/11\/IMG-20241122-WA0158-1024x488.jpg",640,305,true],"1536x1536":["https:\/\/contextoanalisisperiodistico.com\/wp-content\/uploads\/2024\/11\/IMG-20241122-WA0158-1536x732.jpg",1536,732,true],"2048x2048":["https:\/\/contextoanalisisperiodistico.com\/wp-content\/uploads\/2024\/11\/IMG-20241122-WA0158.jpg",1600,762,false],"covernews-slider-full":["https:\/\/contextoanalisisperiodistico.com\/wp-content\/uploads\/2024\/11\/IMG-20241122-WA0158-1115x715.jpg",1115,715,true],"covernews-slider-center":["https:\/\/contextoanalisisperiodistico.com\/wp-content\/uploads\/2024\/11\/IMG-20241122-WA0158-800x500.jpg",800,500,true],"covernews-featured":["https:\/\/contextoanalisisperiodistico.com\/wp-content\/uploads\/2024\/11\/IMG-20241122-WA0158-1024x488.jpg",1024,488,true],"covernews-medium":["https:\/\/contextoanalisisperiodistico.com\/wp-content\/uploads\/2024\/11\/IMG-20241122-WA0158-540x340.jpg",540,340,true],"covernews-medium-square":["https:\/\/contextoanalisisperiodistico.com\/wp-content\/uploads\/2024\/11\/IMG-20241122-WA0158-400x250.jpg",400,250,true]},"author_info":{"display_name":"Mario Gir\u00f3n","author_link":"https:\/\/contextoanalisisperiodistico.com\/index.php\/author\/director\/"},"category_info":"<a href=\"https:\/\/contextoanalisisperiodistico.com\/index.php\/category\/legislatura\/\" rel=\"category tag\">Legislatura<\/a>","tag_info":"Legislatura","comment_count":"0","jetpack_featured_media_url":"https:\/\/contextoanalisisperiodistico.com\/wp-content\/uploads\/2024\/11\/IMG-20241122-WA0158.jpg","_links":{"self":[{"href":"https:\/\/contextoanalisisperiodistico.com\/index.php\/wp-json\/wp\/v2\/posts\/34262"}],"collection":[{"href":"https:\/\/contextoanalisisperiodistico.com\/index.php\/wp-json\/wp\/v2\/posts"}],"about":[{"href":"https:\/\/contextoanalisisperiodistico.com\/index.php\/wp-json\/wp\/v2\/types\/post"}],"author":[{"embeddable":true,"href":"https:\/\/contextoanalisisperiodistico.com\/index.php\/wp-json\/wp\/v2\/users\/4"}],"replies":[{"embeddable":true,"href":"https:\/\/contextoanalisisperiodistico.com\/index.php\/wp-json\/wp\/v2\/comments?post=34262"}],"version-history":[{"count":0,"href":"https:\/\/contextoanalisisperiodistico.com\/index.php\/wp-json\/wp\/v2\/posts\/34262\/revisions"}],"wp:featuredmedia":[{"embeddable":true,"href":"https:\/\/contextoanalisisperiodistico.com\/index.php\/wp-json\/wp\/v2\/media\/34260"}],"wp:attachment":[{"href":"https:\/\/contextoanalisisperiodistico.com\/index.php\/wp-json\/wp\/v2\/media?parent=34262"}],"wp:term":[{"taxonomy":"category","embeddable":true,"href":"https:\/\/contextoanalisisperiodistico.com\/index.php\/wp-json\/wp\/v2\/categories?post=34262"},{"taxonomy":"post_tag","embeddable":true,"href":"https:\/\/contextoanalisisperiodistico.com\/index.php\/wp-json\/wp\/v2\/tags?post=34262"}],"curies":[{"name":"wp","href":"https:\/\/api.w.org\/{rel}","templated":true}]}}