{"id":34101,"date":"2024-11-18T19:36:47","date_gmt":"2024-11-19T01:36:47","guid":{"rendered":"https:\/\/contextoanalisisperiodistico.com\/index.php\/2024\/11\/18\/impulsa-sso-actualizacion-para-el-combate-a-las-enfermedades-transmitidas-por-vector\/"},"modified":"2024-11-18T19:36:47","modified_gmt":"2024-11-19T01:36:47","slug":"impulsa-sso-actualizacion-para-el-combate-a-las-enfermedades-transmitidas-por-vector","status":"publish","type":"post","link":"https:\/\/contextoanalisisperiodistico.com\/index.php\/2024\/11\/18\/impulsa-sso-actualizacion-para-el-combate-a-las-enfermedades-transmitidas-por-vector\/","title":{"rendered":"Impulsa SSO actualizaci\u00f3n para el combate a las enfermedades transmitidas por vector"},"content":{"rendered":"<div id=\"fb-root\"><\/div>\n\n<ul class=\"wp-block-list\">\n<li>Personal operativo del programa de vectores de la Jurisdicci\u00f3n Sanitaria 1 Valles Centrales adquirir\u00e1n nuevos conocimientos y herramientas para eficientar estrategias de prevenci\u00f3n y control del dengue, leishmaniasis, paludismo, entre otros<\/li>\n<\/ul>\n\n\n\n<figure class=\"wp-block-image size-large\"><img fetchpriority=\"high\" decoding=\"async\" width=\"1024\" height=\"546\" src=\"https:\/\/contextoanalisisperiodistico.com\/wp-content\/uploads\/2024\/11\/img-20241118-wa0138122753490977219404-1024x546.jpg\" alt=\"\" class=\"wp-image-34097\" srcset=\"https:\/\/contextoanalisisperiodistico.com\/wp-content\/uploads\/2024\/11\/img-20241118-wa0138122753490977219404-1024x546.jpg 1024w, https:\/\/contextoanalisisperiodistico.com\/wp-content\/uploads\/2024\/11\/img-20241118-wa0138122753490977219404-300x160.jpg 300w, https:\/\/contextoanalisisperiodistico.com\/wp-content\/uploads\/2024\/11\/img-20241118-wa0138122753490977219404-768x409.jpg 768w, https:\/\/contextoanalisisperiodistico.com\/wp-content\/uploads\/2024\/11\/img-20241118-wa0138122753490977219404.jpg 1280w\" sizes=\"(max-width: 1024px) 100vw, 1024px\" \/><\/figure>\n\n\n\n<figure class=\"wp-block-image\"><img decoding=\"async\" width=\"1024\" height=\"576\" src=\"https:\/\/contextoanalisisperiodistico.com\/wp-content\/uploads\/2024\/11\/img-20241118-wa01374443478043728598046-1024x576.jpg\" alt=\"\" class=\"wp-image-34098\" srcset=\"https:\/\/contextoanalisisperiodistico.com\/wp-content\/uploads\/2024\/11\/img-20241118-wa01374443478043728598046-1024x576.jpg 1024w, https:\/\/contextoanalisisperiodistico.com\/wp-content\/uploads\/2024\/11\/img-20241118-wa01374443478043728598046-300x169.jpg 300w, https:\/\/contextoanalisisperiodistico.com\/wp-content\/uploads\/2024\/11\/img-20241118-wa01374443478043728598046-768x432.jpg 768w, https:\/\/contextoanalisisperiodistico.com\/wp-content\/uploads\/2024\/11\/img-20241118-wa01374443478043728598046.jpg 1280w\" sizes=\"(max-width: 1024px) 100vw, 1024px\" \/><\/figure>\n\n\n\n<figure class=\"wp-block-image\"><img decoding=\"async\" width=\"1024\" height=\"672\" src=\"https:\/\/contextoanalisisperiodistico.com\/wp-content\/uploads\/2024\/11\/img-20241118-wa01362804537994808876437-1024x672.jpg\" alt=\"\" class=\"wp-image-34096\" srcset=\"https:\/\/contextoanalisisperiodistico.com\/wp-content\/uploads\/2024\/11\/img-20241118-wa01362804537994808876437-1024x672.jpg 1024w, https:\/\/contextoanalisisperiodistico.com\/wp-content\/uploads\/2024\/11\/img-20241118-wa01362804537994808876437-300x197.jpg 300w, https:\/\/contextoanalisisperiodistico.com\/wp-content\/uploads\/2024\/11\/img-20241118-wa01362804537994808876437-768x504.jpg 768w, https:\/\/contextoanalisisperiodistico.com\/wp-content\/uploads\/2024\/11\/img-20241118-wa01362804537994808876437.jpg 1280w\" sizes=\"(max-width: 1024px) 100vw, 1024px\" \/><\/figure>\n\n\n\n<figure class=\"wp-block-image\"><img loading=\"lazy\" decoding=\"async\" width=\"1024\" height=\"576\" src=\"https:\/\/contextoanalisisperiodistico.com\/wp-content\/uploads\/2024\/11\/img-20241118-wa01352315637818095513647-1024x576.jpg\" alt=\"\" class=\"wp-image-34100\" srcset=\"https:\/\/contextoanalisisperiodistico.com\/wp-content\/uploads\/2024\/11\/img-20241118-wa01352315637818095513647-1024x576.jpg 1024w, https:\/\/contextoanalisisperiodistico.com\/wp-content\/uploads\/2024\/11\/img-20241118-wa01352315637818095513647-300x169.jpg 300w, https:\/\/contextoanalisisperiodistico.com\/wp-content\/uploads\/2024\/11\/img-20241118-wa01352315637818095513647-768x432.jpg 768w, https:\/\/contextoanalisisperiodistico.com\/wp-content\/uploads\/2024\/11\/img-20241118-wa01352315637818095513647.jpg 1280w\" sizes=\"(max-width: 1024px) 100vw, 1024px\" \/><\/figure>\n\n\n\n<figure class=\"wp-block-image\"><img loading=\"lazy\" decoding=\"async\" width=\"1024\" height=\"576\" src=\"https:\/\/contextoanalisisperiodistico.com\/wp-content\/uploads\/2024\/11\/img-20241118-wa01331708683726723770473-1024x576.jpg\" alt=\"\" class=\"wp-image-34099\" srcset=\"https:\/\/contextoanalisisperiodistico.com\/wp-content\/uploads\/2024\/11\/img-20241118-wa01331708683726723770473-1024x576.jpg 1024w, https:\/\/contextoanalisisperiodistico.com\/wp-content\/uploads\/2024\/11\/img-20241118-wa01331708683726723770473-300x169.jpg 300w, https:\/\/contextoanalisisperiodistico.com\/wp-content\/uploads\/2024\/11\/img-20241118-wa01331708683726723770473-768x432.jpg 768w, https:\/\/contextoanalisisperiodistico.com\/wp-content\/uploads\/2024\/11\/img-20241118-wa01331708683726723770473.jpg 1280w\" sizes=\"(max-width: 1024px) 100vw, 1024px\" \/><\/figure>\n\n\n\n<p>Oaxaca de Ju\u00e1rez, Oax. 18 de noviembre de 2024.- Servicios de Salud de Oaxaca (SSO) inaugur\u00f3 el curso de actualizaci\u00f3n al personal operativo del programa de prevenci\u00f3n y control de enfermedades transmisibles por vector de la Jurisdicci\u00f3n Sanitaria 1 Valles Centrales.<\/p>\n\n\n\n<p>Lo anterior, para fortalecer las acciones anticipatorias encaminadas a evitar la aparici\u00f3n de brotes y en su caso, atenderlos de forma oportuna e impedir su dispersi\u00f3n.<\/p>\n\n\n\n<p>Durante el acto inaugural, la coordinadora General de Jurisdicciones Sanitarias, Elia Mart\u00ednez S\u00e1nchez, reafirm\u00f3 la importancia de reforzar en la base trabajadora sus competencias y herramientas para enfrentar con mayor eficacia los retos que implica la prevenci\u00f3n y control de estos padecimientos.<\/p>\n\n\n\n<p>Explic\u00f3 que el compromiso del Encargado de Despacho de los SSO, Efr\u00e9n Emmanuel Jarqu\u00edn Gonz\u00e1lez, es brindar al personal los recursos necesarios para una formaci\u00f3n continua que permita garantizar un servicio eficiente y de calidad en beneficio de la poblaci\u00f3n oaxaque\u00f1a.<\/p>\n\n\n\n<p>As\u00ed tambi\u00e9n reconoci\u00f3 el compromiso y la dedicaci\u00f3n de las y los participantes, \u201cel trabajo que realizan en las comunidades es fundamental para la salud p\u00fablica, y sin su labor, las acciones preventivas no ser\u00edan posibles. Por ello, les invito a aprovechar al m\u00e1ximo esta capacitaci\u00f3n, participar activamente en las actividades, compartir sus inquietudes, dudas y experiencias, porque la riqueza de este encuentro depende tambi\u00e9n del aporte de cada uno de ustedes\u201d.<\/p>\n\n\n\n<p>Durante cinco d\u00edas se abordar\u00e1 el panorama epidemiol\u00f3gico de paludismo, por tr\u00e1nsito de migrantes en el estado, as\u00ed como las estrategias de eliminaci\u00f3n y modificaci\u00f3n de criaderos y h\u00e1bitats de anofelinos, haciendo hincapi\u00e9 en la participaci\u00f3n comunitaria.<\/p>\n\n\n\n<p>Adem\u00e1s de reforzar los conocimientos de la toma de gota gruesa, mediante ejercicios te\u00f3rico-pr\u00e1cticos, as\u00ed como una actualizaci\u00f3n sobre la enfermedad de Chagas, el control biol\u00f3gico de larvas Aedes Aegypti utilizando peces Guppy, la identificaci\u00f3n de leishmaniasis, su abordaje cl\u00ednico y tratamiento, el an\u00e1lisis de los factores que contribuyen a la vulnerabilidad de las mujeres embarazadas frente al dengue, entre otros.<\/p>\n\n\n\n<p>-0-<\/p>\n","protected":false},"excerpt":{"rendered":"<p>Oaxaca de Ju\u00e1rez, Oax. 18 de noviembre de 2024.- Servicios de Salud de Oaxaca (SSO)&#8230;<\/p>\n","protected":false},"author":4,"featured_media":34095,"comment_status":"","ping_status":"open","sticky":false,"template":"","format":"standard","meta":{"footnotes":""},"categories":[92],"tags":[],"jetpack_sharing_enabled":true,"featured_image_urls":{"full":["https:\/\/contextoanalisisperiodistico.com\/wp-content\/uploads\/2024\/11\/IMG-20241118-WA0134.jpg",1280,720,false],"thumbnail":["https:\/\/contextoanalisisperiodistico.com\/wp-content\/uploads\/2024\/11\/IMG-20241118-WA0134-150x150.jpg",150,150,true],"medium":["https:\/\/contextoanalisisperiodistico.com\/wp-content\/uploads\/2024\/11\/IMG-20241118-WA0134-300x169.jpg",300,169,true],"medium_large":["https:\/\/contextoanalisisperiodistico.com\/wp-content\/uploads\/2024\/11\/IMG-20241118-WA0134-768x432.jpg",640,360,true],"large":["https:\/\/contextoanalisisperiodistico.com\/wp-content\/uploads\/2024\/11\/IMG-20241118-WA0134-1024x576.jpg",640,360,true],"1536x1536":["https:\/\/contextoanalisisperiodistico.com\/wp-content\/uploads\/2024\/11\/IMG-20241118-WA0134.jpg",1280,720,false],"2048x2048":["https:\/\/contextoanalisisperiodistico.com\/wp-content\/uploads\/2024\/11\/IMG-20241118-WA0134.jpg",1280,720,false],"covernews-slider-full":["https:\/\/contextoanalisisperiodistico.com\/wp-content\/uploads\/2024\/11\/IMG-20241118-WA0134-1115x715.jpg",1115,715,true],"covernews-slider-center":["https:\/\/contextoanalisisperiodistico.com\/wp-content\/uploads\/2024\/11\/IMG-20241118-WA0134-800x500.jpg",800,500,true],"covernews-featured":["https:\/\/contextoanalisisperiodistico.com\/wp-content\/uploads\/2024\/11\/IMG-20241118-WA0134-1024x576.jpg",1024,576,true],"covernews-medium":["https:\/\/contextoanalisisperiodistico.com\/wp-content\/uploads\/2024\/11\/IMG-20241118-WA0134-540x340.jpg",540,340,true],"covernews-medium-square":["https:\/\/contextoanalisisperiodistico.com\/wp-content\/uploads\/2024\/11\/IMG-20241118-WA0134-400x250.jpg",400,250,true]},"author_info":{"display_name":"Mario Gir\u00f3n","author_link":"https:\/\/contextoanalisisperiodistico.com\/index.php\/author\/director\/"},"category_info":"<a href=\"https:\/\/contextoanalisisperiodistico.com\/index.php\/category\/salud\/\" rel=\"category tag\">Salud<\/a>","tag_info":"Salud","comment_count":"0","jetpack_featured_media_url":"https:\/\/contextoanalisisperiodistico.com\/wp-content\/uploads\/2024\/11\/IMG-20241118-WA0134.jpg","_links":{"self":[{"href":"https:\/\/contextoanalisisperiodistico.com\/index.php\/wp-json\/wp\/v2\/posts\/34101"}],"collection":[{"href":"https:\/\/contextoanalisisperiodistico.com\/index.php\/wp-json\/wp\/v2\/posts"}],"about":[{"href":"https:\/\/contextoanalisisperiodistico.com\/index.php\/wp-json\/wp\/v2\/types\/post"}],"author":[{"embeddable":true,"href":"https:\/\/contextoanalisisperiodistico.com\/index.php\/wp-json\/wp\/v2\/users\/4"}],"replies":[{"embeddable":true,"href":"https:\/\/contextoanalisisperiodistico.com\/index.php\/wp-json\/wp\/v2\/comments?post=34101"}],"version-history":[{"count":0,"href":"https:\/\/contextoanalisisperiodistico.com\/index.php\/wp-json\/wp\/v2\/posts\/34101\/revisions"}],"wp:featuredmedia":[{"embeddable":true,"href":"https:\/\/contextoanalisisperiodistico.com\/index.php\/wp-json\/wp\/v2\/media\/34095"}],"wp:attachment":[{"href":"https:\/\/contextoanalisisperiodistico.com\/index.php\/wp-json\/wp\/v2\/media?parent=34101"}],"wp:term":[{"taxonomy":"category","embeddable":true,"href":"https:\/\/contextoanalisisperiodistico.com\/index.php\/wp-json\/wp\/v2\/categories?post=34101"},{"taxonomy":"post_tag","embeddable":true,"href":"https:\/\/contextoanalisisperiodistico.com\/index.php\/wp-json\/wp\/v2\/tags?post=34101"}],"curies":[{"name":"wp","href":"https:\/\/api.w.org\/{rel}","templated":true}]}}