{"id":34094,"date":"2024-11-18T19:01:10","date_gmt":"2024-11-19T01:01:10","guid":{"rendered":"https:\/\/contextoanalisisperiodistico.com\/index.php\/2024\/11\/18\/mc-levantara-la-voz-por-oaxaquenos-que-votaron-por-algo-distinto-sosa-hernandez\/"},"modified":"2024-11-18T20:43:54","modified_gmt":"2024-11-19T02:43:54","slug":"mc-levantara-la-voz-por-oaxaquenos-que-votaron-por-algo-distinto-sosa-hernandez","status":"publish","type":"post","link":"https:\/\/contextoanalisisperiodistico.com\/index.php\/2024\/11\/18\/mc-levantara-la-voz-por-oaxaquenos-que-votaron-por-algo-distinto-sosa-hernandez\/","title":{"rendered":"MC levantar\u00e1 la voz por oaxaque\u00f1os que votaron por algo distinto: Sosa Hern\u00e1ndez"},"content":{"rendered":"<div id=\"fb-root\"><\/div>\n\n<p>Mario GIR\u00d3N<\/p>\n\n\n\n<p><br>Movimiento Ciudadano (MC) es el partido pol\u00edtico con mayor crecimiento electoral en Oaxaca. De tres presidentes municipales en la actualidad, nueve autoridades electas ganaron en el reciente proceso electoral; adem\u00e1s, 35 regidur\u00edas, dos diputaciones, una federal y otra en el \u00e1mbito local; por lo que ahora, a los buenos resultados obtenidos en las urnas, se suma el voto de confianza para con Alberto Sosa Hern\u00e1ndez, ratificado en la coordinaci\u00f3n estatal de los trabajos de este importante instituto pol\u00edtico ya, prepar\u00e1ndose en aras de seguir avanzando en el siguiente episodio de 2027.<br>Con vasta experiencia en el acontecer pol\u00edtico, en donde ha demostrado que junto a sus compa\u00f1eros de partido puede conducir el destino del MC en Oaxaca, Sosa Hern\u00e1ndez dej\u00f3 en claro: \u201cDesde el Congreso de la Uni\u00f3n, la Legislatura del Estado, presidencias municipales y regidur\u00edas, levantaremos la voz por los oaxaque\u00f1os que votaron por nosotros, por algo diferente y no vamos a fallarles\u201d, sentenci\u00f3.<br>En conferencia de prensa, se presentaron p\u00fablicamente esta ma\u00f1ana integrantes de la Comisi\u00f3n Operativa estatal del MC, liderado por Alberto Sosa Hern\u00e1ndez, con el respaldo de Oscar Toral R\u00edos, Serafina Esteva Regules, Luis Rey L\u00f3pez Mart\u00ednez, ex candidato a la presidencia municipal de Santa Luc\u00eda del Camino; Josu\u00e9 Moreno Delgado, regidor electo en Cuil\u00e1pam de Guerrero; Marl\u00e9n Merl\u00edn Sosa e Itzel Santiago Mart\u00ednez, referentes regionales, con la responsabilidad de trabajar en aras de multiplicar la presencia del MC en Oaxaca.<br>En la presentaci\u00f3n de la Comisi\u00f3n Operativa estatal del MC asisti\u00f3 una buena parte de los pilares naranjas de importancia que se hicieron notar destacadamente en las urnas, por ejemplo, la Diputada Federal, F\u00e1tima Garc\u00eda Le\u00f3n; as\u00ed como la Diputada Local, una de las dos legisladoras de oposici\u00f3n en la 56 Legislatura de Oaxaca, Alejandra Garc\u00eda Morl\u00e1n.<br>Encabezados por el Delegado Nacional del MC en Oaxaca, Francisco Melo Vel\u00e1squez, se hizo presente la contundente fuerza municipal, la que desde de las urnas, en la pasada contienda electoral, hicieron posible la victoria conquistando nueve presidencias para oaxaque\u00f1os sufragando por la oposici\u00f3n. En tal sentidlo pasaron lista de presentes:<br>Ernesto Vargas, por el municipio Villa de Zaachila; Dar\u00edo Antonio Meraz Concha, Ocotl\u00e1n de Morelos; \u00c1ngel Guerrero Rivera, San Felipe Jalapa de D\u00edaz; Roberto Mendoza P\u00e9rez, de la Villa de Etla y Daniel Guti\u00e9rrez Pe\u00f1a, de San Pedro Huamelula, ellos, en representaci\u00f3n de sus dem\u00e1s compa\u00f1eros triunfadores en las urnas, quienes no llegaron a la cita por razones de trabajo.<\/p>\n\n\n\n<figure class=\"wp-block-video\"><video controls src=\"https:\/\/contextoanalisisperiodistico.com\/wp-content\/uploads\/2024\/11\/VID20241118104407.mp4\"><\/video><\/figure>\n\n\n\n<figure class=\"wp-block-video\"><video controls src=\"https:\/\/contextoanalisisperiodistico.com\/wp-content\/uploads\/2024\/11\/VID20241118104648.mp4\"><\/video><\/figure>\n\n\n\n<figure class=\"wp-block-video\"><video controls src=\"https:\/\/contextoanalisisperiodistico.com\/wp-content\/uploads\/2024\/11\/VID20241118104057.mp4\"><\/video><\/figure>\n\n\n\n<p><\/p>\n\n\n\n<p><\/p>\n","protected":false},"excerpt":{"rendered":"<p>Mario GIR\u00d3N Movimiento Ciudadano (MC) es el partido pol\u00edtico con mayor crecimiento electoral en Oaxaca&#8230;.<\/p>\n","protected":false},"author":4,"featured_media":34090,"comment_status":"closed","ping_status":"open","sticky":false,"template":"","format":"standard","meta":{"footnotes":""},"categories":[9],"tags":[221,220,218,219],"jetpack_sharing_enabled":true,"featured_image_urls":{"full":["https:\/\/contextoanalisisperiodistico.com\/wp-content\/uploads\/2024\/11\/IMG_20241118_183421.jpg",720,392,false],"thumbnail":["https:\/\/contextoanalisisperiodistico.com\/wp-content\/uploads\/2024\/11\/IMG_20241118_183421-150x150.jpg",150,150,true],"medium":["https:\/\/contextoanalisisperiodistico.com\/wp-content\/uploads\/2024\/11\/IMG_20241118_183421-300x163.jpg",300,163,true],"medium_large":["https:\/\/contextoanalisisperiodistico.com\/wp-content\/uploads\/2024\/11\/IMG_20241118_183421.jpg",640,348,false],"large":["https:\/\/contextoanalisisperiodistico.com\/wp-content\/uploads\/2024\/11\/IMG_20241118_183421.jpg",640,348,false],"1536x1536":["https:\/\/contextoanalisisperiodistico.com\/wp-content\/uploads\/2024\/11\/IMG_20241118_183421.jpg",720,392,false],"2048x2048":["https:\/\/contextoanalisisperiodistico.com\/wp-content\/uploads\/2024\/11\/IMG_20241118_183421.jpg",720,392,false],"covernews-slider-full":["https:\/\/contextoanalisisperiodistico.com\/wp-content\/uploads\/2024\/11\/IMG_20241118_183421.jpg",720,392,false],"covernews-slider-center":["https:\/\/contextoanalisisperiodistico.com\/wp-content\/uploads\/2024\/11\/IMG_20241118_183421.jpg",720,392,false],"covernews-featured":["https:\/\/contextoanalisisperiodistico.com\/wp-content\/uploads\/2024\/11\/IMG_20241118_183421.jpg",720,392,false],"covernews-medium":["https:\/\/contextoanalisisperiodistico.com\/wp-content\/uploads\/2024\/11\/IMG_20241118_183421-540x340.jpg",540,340,true],"covernews-medium-square":["https:\/\/contextoanalisisperiodistico.com\/wp-content\/uploads\/2024\/11\/IMG_20241118_183421-400x250.jpg",400,250,true]},"author_info":{"display_name":"Mario Gir\u00f3n","author_link":"https:\/\/contextoanalisisperiodistico.com\/index.php\/author\/director\/"},"category_info":"<a href=\"https:\/\/contextoanalisisperiodistico.com\/index.php\/category\/politica\/\" rel=\"category tag\">Pol\u00edtica<\/a>","tag_info":"Pol\u00edtica","comment_count":"0","jetpack_featured_media_url":"https:\/\/contextoanalisisperiodistico.com\/wp-content\/uploads\/2024\/11\/IMG_20241118_183421.jpg","_links":{"self":[{"href":"https:\/\/contextoanalisisperiodistico.com\/index.php\/wp-json\/wp\/v2\/posts\/34094"}],"collection":[{"href":"https:\/\/contextoanalisisperiodistico.com\/index.php\/wp-json\/wp\/v2\/posts"}],"about":[{"href":"https:\/\/contextoanalisisperiodistico.com\/index.php\/wp-json\/wp\/v2\/types\/post"}],"author":[{"embeddable":true,"href":"https:\/\/contextoanalisisperiodistico.com\/index.php\/wp-json\/wp\/v2\/users\/4"}],"replies":[{"embeddable":true,"href":"https:\/\/contextoanalisisperiodistico.com\/index.php\/wp-json\/wp\/v2\/comments?post=34094"}],"version-history":[{"count":1,"href":"https:\/\/contextoanalisisperiodistico.com\/index.php\/wp-json\/wp\/v2\/posts\/34094\/revisions"}],"predecessor-version":[{"id":34102,"href":"https:\/\/contextoanalisisperiodistico.com\/index.php\/wp-json\/wp\/v2\/posts\/34094\/revisions\/34102"}],"wp:featuredmedia":[{"embeddable":true,"href":"https:\/\/contextoanalisisperiodistico.com\/index.php\/wp-json\/wp\/v2\/media\/34090"}],"wp:attachment":[{"href":"https:\/\/contextoanalisisperiodistico.com\/index.php\/wp-json\/wp\/v2\/media?parent=34094"}],"wp:term":[{"taxonomy":"category","embeddable":true,"href":"https:\/\/contextoanalisisperiodistico.com\/index.php\/wp-json\/wp\/v2\/categories?post=34094"},{"taxonomy":"post_tag","embeddable":true,"href":"https:\/\/contextoanalisisperiodistico.com\/index.php\/wp-json\/wp\/v2\/tags?post=34094"}],"curies":[{"name":"wp","href":"https:\/\/api.w.org\/{rel}","templated":true}]}}