{"id":33606,"date":"2024-11-04T16:10:37","date_gmt":"2024-11-04T22:10:37","guid":{"rendered":"https:\/\/contextoanalisisperiodistico.com\/index.php\/2024\/11\/04\/se-benefician-mas-de-400-habitantes-de-tehuantepec-con-expo-salud-en-tu-comunidad\/"},"modified":"2024-11-04T16:10:37","modified_gmt":"2024-11-04T22:10:37","slug":"se-benefician-mas-de-400-habitantes-de-tehuantepec-con-expo-salud-en-tu-comunidad","status":"publish","type":"post","link":"https:\/\/contextoanalisisperiodistico.com\/index.php\/2024\/11\/04\/se-benefician-mas-de-400-habitantes-de-tehuantepec-con-expo-salud-en-tu-comunidad\/","title":{"rendered":"Se benefician m\u00e1s de 400 habitantes de Tehuantepec con Expo Salud en tu Comunidad"},"content":{"rendered":"<div id=\"fb-root\"><\/div>\n\n<p>\u2022 Fortalecen las estrategias para salvaguardar la salud de la poblaci\u00f3n mediante la promoci\u00f3n de estilos de vida saludables y medidas preventivas<\/p>\n\n\n\n<figure class=\"wp-block-image size-large\"><img fetchpriority=\"high\" decoding=\"async\" width=\"900\" height=\"506\" src=\"https:\/\/contextoanalisisperiodistico.com\/wp-content\/uploads\/2024\/11\/img-20241104-wa0120568899400457124891.jpg\" alt=\"\" class=\"wp-image-33602\" srcset=\"https:\/\/contextoanalisisperiodistico.com\/wp-content\/uploads\/2024\/11\/img-20241104-wa0120568899400457124891.jpg 900w, https:\/\/contextoanalisisperiodistico.com\/wp-content\/uploads\/2024\/11\/img-20241104-wa0120568899400457124891-300x169.jpg 300w, https:\/\/contextoanalisisperiodistico.com\/wp-content\/uploads\/2024\/11\/img-20241104-wa0120568899400457124891-768x432.jpg 768w\" sizes=\"(max-width: 900px) 100vw, 900px\" \/><\/figure>\n\n\n\n<figure class=\"wp-block-image\"><img decoding=\"async\" width=\"1024\" height=\"768\" src=\"https:\/\/contextoanalisisperiodistico.com\/wp-content\/uploads\/2024\/11\/img-20241104-wa0121457313179024964409-1024x768.jpg\" alt=\"\" class=\"wp-image-33600\" srcset=\"https:\/\/contextoanalisisperiodistico.com\/wp-content\/uploads\/2024\/11\/img-20241104-wa0121457313179024964409-1024x768.jpg 1024w, https:\/\/contextoanalisisperiodistico.com\/wp-content\/uploads\/2024\/11\/img-20241104-wa0121457313179024964409-300x225.jpg 300w, https:\/\/contextoanalisisperiodistico.com\/wp-content\/uploads\/2024\/11\/img-20241104-wa0121457313179024964409-768x576.jpg 768w, https:\/\/contextoanalisisperiodistico.com\/wp-content\/uploads\/2024\/11\/img-20241104-wa0121457313179024964409.jpg 1280w\" sizes=\"(max-width: 1024px) 100vw, 1024px\" \/><\/figure>\n\n\n\n<figure class=\"wp-block-image\"><img decoding=\"async\" width=\"1024\" height=\"768\" src=\"https:\/\/contextoanalisisperiodistico.com\/wp-content\/uploads\/2024\/11\/img-20241104-wa01228766394576874617306-1024x768.jpg\" alt=\"\" class=\"wp-image-33601\" srcset=\"https:\/\/contextoanalisisperiodistico.com\/wp-content\/uploads\/2024\/11\/img-20241104-wa01228766394576874617306-1024x768.jpg 1024w, https:\/\/contextoanalisisperiodistico.com\/wp-content\/uploads\/2024\/11\/img-20241104-wa01228766394576874617306-300x225.jpg 300w, https:\/\/contextoanalisisperiodistico.com\/wp-content\/uploads\/2024\/11\/img-20241104-wa01228766394576874617306-768x576.jpg 768w, https:\/\/contextoanalisisperiodistico.com\/wp-content\/uploads\/2024\/11\/img-20241104-wa01228766394576874617306.jpg 1280w\" sizes=\"(max-width: 1024px) 100vw, 1024px\" \/><\/figure>\n\n\n\n<figure class=\"wp-block-image\"><img loading=\"lazy\" decoding=\"async\" width=\"300\" height=\"194\" src=\"https:\/\/contextoanalisisperiodistico.com\/wp-content\/uploads\/2024\/11\/img-20241104-wa01172482948815837727329-300x194.jpg\" alt=\"\" class=\"wp-image-33603\" srcset=\"https:\/\/contextoanalisisperiodistico.com\/wp-content\/uploads\/2024\/11\/img-20241104-wa01172482948815837727329-300x194.jpg 300w, https:\/\/contextoanalisisperiodistico.com\/wp-content\/uploads\/2024\/11\/img-20241104-wa01172482948815837727329-768x497.jpg 768w, https:\/\/contextoanalisisperiodistico.com\/wp-content\/uploads\/2024\/11\/img-20241104-wa01172482948815837727329.jpg 900w\" sizes=\"(max-width: 300px) 100vw, 300px\" \/><\/figure>\n\n\n\n<figure class=\"wp-block-image\"><img loading=\"lazy\" decoding=\"async\" width=\"1024\" height=\"768\" src=\"https:\/\/contextoanalisisperiodistico.com\/wp-content\/uploads\/2024\/11\/img-20241104-wa01168001188846263307746-1024x768.jpg\" alt=\"\" class=\"wp-image-33604\" srcset=\"https:\/\/contextoanalisisperiodistico.com\/wp-content\/uploads\/2024\/11\/img-20241104-wa01168001188846263307746-1024x768.jpg 1024w, https:\/\/contextoanalisisperiodistico.com\/wp-content\/uploads\/2024\/11\/img-20241104-wa01168001188846263307746-300x225.jpg 300w, https:\/\/contextoanalisisperiodistico.com\/wp-content\/uploads\/2024\/11\/img-20241104-wa01168001188846263307746-768x576.jpg 768w, https:\/\/contextoanalisisperiodistico.com\/wp-content\/uploads\/2024\/11\/img-20241104-wa01168001188846263307746.jpg 1280w\" sizes=\"(max-width: 1024px) 100vw, 1024px\" \/><\/figure>\n\n\n\n<figure class=\"wp-block-image\"><img loading=\"lazy\" decoding=\"async\" width=\"300\" height=\"169\" src=\"https:\/\/contextoanalisisperiodistico.com\/wp-content\/uploads\/2024\/11\/img-20241104-wa01188285288127880735603-300x169.jpg\" alt=\"\" class=\"wp-image-33605\" srcset=\"https:\/\/contextoanalisisperiodistico.com\/wp-content\/uploads\/2024\/11\/img-20241104-wa01188285288127880735603-300x169.jpg 300w, https:\/\/contextoanalisisperiodistico.com\/wp-content\/uploads\/2024\/11\/img-20241104-wa01188285288127880735603-768x432.jpg 768w, https:\/\/contextoanalisisperiodistico.com\/wp-content\/uploads\/2024\/11\/img-20241104-wa01188285288127880735603.jpg 900w\" sizes=\"(max-width: 300px) 100vw, 300px\" \/><\/figure>\n\n\n\n<p>Santo Domingo Tehuantepec, Oax. 4 de noviembre de 2024.- Servicios de Salud de Oaxaca (SSO), a trav\u00e9s de la Jurisdicci\u00f3n Sanitaria 2 Istmo, realizaron exitosamente la Expo Salud en Tu Comunidad, en la que se beneficiaron a m\u00e1s de 400 habitantes de Santo Domingo Tehuantepec, con servicios m\u00e9dicos y m\u00f3dulos de informaci\u00f3n de manera gratuita.<\/p>\n\n\n\n<p>En la explanada municipal, la jornada que inici\u00f3 a las 9:00 horas, brind\u00f3 m\u00e9todos de planificaci\u00f3n familiar, detecci\u00f3n de c\u00e1ncer cervicouterino, pruebas de detecci\u00f3n del Virus de Inmunodeficiencia Humana (VIH), y hepatitis, as\u00ed como mastograf\u00edas, toma de glucosa para detecci\u00f3n de diabetes y presi\u00f3n arterial.<\/p>\n\n\n\n<p>La actual administraci\u00f3n que encabeza el Gobernador Salom\u00f3n Jara Cruz, y el encargado de Despacho de los SSO, Efr\u00e9n Emmanuel Jarqu\u00edn Gonz\u00e1lez, fortalecen las estrategias para salvaguardar la salud de la ciudadan\u00eda a trav\u00e9s de la promoci\u00f3n de estilos de vida saludables y medidas preventivas.<\/p>\n\n\n\n<p>El jefe de la Jurisdicci\u00f3n Sanitaria 2 Istmo, Hebert Vidal S\u00e1nchez, se\u00f1al\u00f3 que la Expo Salud, en coordinaci\u00f3n con el municipio, acerc\u00f3 a las familias diferentes servicios para todos los grupos de edad, enfocados en prevenir, detectar y atender enfermedades m\u00e1s comunes.<\/p>\n\n\n\n<p>Inform\u00f3 que se brindaron consultas de medicina general; odontolog\u00eda con atenci\u00f3n preventiva, curativa y prevenci\u00f3n de enfermedades bucodentales; toma de papanicolaou; exploraci\u00f3n cl\u00ednica de mama para detecci\u00f3n oportuna de c\u00e1ncer mamario, y con base al programa de Salud Sexual y Reproductiva se aplicaron implantes subd\u00e9rmicos y anticonceptivos.<\/p>\n\n\n\n<p>Asimismo, el Centro Comunitario de Salud Mental y Adiciones (Cecosama) brind\u00f3 informaci\u00f3n para la prevenci\u00f3n, promoci\u00f3n y atenci\u00f3n a los problemas de salud mental y consumo de sustancias psicoactivas como el tabaco, alcohol y otras drogas, adem\u00e1s de informaci\u00f3n para la prevenci\u00f3n del suicidio.<\/p>\n\n\n\n<p>Se proporcion\u00f3 frascos de desparasitante albendazol, Vida Suero Oral (VSO), y plata coloidal para desinfectar verduras, frutas y agua para consumo humano.<\/p>\n\n\n\n<p>Vidal S\u00e1nchez indic\u00f3 que el personal del programa de Vacunaci\u00f3n Universal complet\u00f3 esquemas con aplicaci\u00f3n de biol\u00f3gicos contra el Virus del Papiloma Humano (PVH), COVID-19, influenza, t\u00e9tanos (Td), tuberculosis (BCG), rotavirus, sarampi\u00f3n, rub\u00e9ola y parotiditis (SRP), as\u00ed como difteria, t\u00e9tanos, tosferina, hepatitis B, Haemophilus influenzae B y poliomielitis (Hexavalente), tambi\u00e9n para la prevenci\u00f3n de t\u00e9tanos, difteria y tosferina con la dosis de Tdpa.<\/p>\n\n\n\n<p>Personal del programa Vectores realiz\u00f3 la toma de gota gruesa para detecci\u00f3n de paludismo a personas con s\u00edntomas de la enfermedad. Para la prevenci\u00f3n del dengue, se distribuy\u00f3 larvicida (abate) para el control larvario en los domicilios.<\/p>\n\n\n\n<p>Ante la respuesta de la poblaci\u00f3n, el servicio de mastograf\u00eda se mantendr\u00e1 abierto el martes 5 y mi\u00e9rcoles 6 de noviembre de 8:00 a 14:00 horas, y el servicio de detecci\u00f3n de VIH, s\u00edfilis y hepatitis C tambi\u00e9n estar\u00e1 activo el martes 5 de noviembre en el mismo horario.<\/p>\n\n\n\n<p>-0-<\/p>\n","protected":false},"excerpt":{"rendered":"<p>\u2022 Fortalecen las estrategias para salvaguardar la salud de la poblaci\u00f3n mediante la promoci\u00f3n de&#8230;<\/p>\n","protected":false},"author":4,"featured_media":33599,"comment_status":"","ping_status":"open","sticky":false,"template":"","format":"standard","meta":{"footnotes":""},"categories":[9],"tags":[],"jetpack_sharing_enabled":true,"featured_image_urls":{"full":["https:\/\/contextoanalisisperiodistico.com\/wp-content\/uploads\/2024\/11\/IMG-20241104-WA0119.jpg",900,506,false],"thumbnail":["https:\/\/contextoanalisisperiodistico.com\/wp-content\/uploads\/2024\/11\/IMG-20241104-WA0119-150x150.jpg",150,150,true],"medium":["https:\/\/contextoanalisisperiodistico.com\/wp-content\/uploads\/2024\/11\/IMG-20241104-WA0119-300x169.jpg",300,169,true],"medium_large":["https:\/\/contextoanalisisperiodistico.com\/wp-content\/uploads\/2024\/11\/IMG-20241104-WA0119-768x432.jpg",640,360,true],"large":["https:\/\/contextoanalisisperiodistico.com\/wp-content\/uploads\/2024\/11\/IMG-20241104-WA0119.jpg",640,360,false],"1536x1536":["https:\/\/contextoanalisisperiodistico.com\/wp-content\/uploads\/2024\/11\/IMG-20241104-WA0119.jpg",900,506,false],"2048x2048":["https:\/\/contextoanalisisperiodistico.com\/wp-content\/uploads\/2024\/11\/IMG-20241104-WA0119.jpg",900,506,false],"covernews-slider-full":["https:\/\/contextoanalisisperiodistico.com\/wp-content\/uploads\/2024\/11\/IMG-20241104-WA0119.jpg",900,506,false],"covernews-slider-center":["https:\/\/contextoanalisisperiodistico.com\/wp-content\/uploads\/2024\/11\/IMG-20241104-WA0119-800x500.jpg",800,500,true],"covernews-featured":["https:\/\/contextoanalisisperiodistico.com\/wp-content\/uploads\/2024\/11\/IMG-20241104-WA0119.jpg",900,506,false],"covernews-medium":["https:\/\/contextoanalisisperiodistico.com\/wp-content\/uploads\/2024\/11\/IMG-20241104-WA0119-540x340.jpg",540,340,true],"covernews-medium-square":["https:\/\/contextoanalisisperiodistico.com\/wp-content\/uploads\/2024\/11\/IMG-20241104-WA0119-400x250.jpg",400,250,true]},"author_info":{"display_name":"Mario Gir\u00f3n","author_link":"https:\/\/contextoanalisisperiodistico.com\/index.php\/author\/director\/"},"category_info":"<a href=\"https:\/\/contextoanalisisperiodistico.com\/index.php\/category\/politica\/\" rel=\"category tag\">Pol\u00edtica<\/a>","tag_info":"Pol\u00edtica","comment_count":"0","jetpack_featured_media_url":"https:\/\/contextoanalisisperiodistico.com\/wp-content\/uploads\/2024\/11\/IMG-20241104-WA0119.jpg","_links":{"self":[{"href":"https:\/\/contextoanalisisperiodistico.com\/index.php\/wp-json\/wp\/v2\/posts\/33606"}],"collection":[{"href":"https:\/\/contextoanalisisperiodistico.com\/index.php\/wp-json\/wp\/v2\/posts"}],"about":[{"href":"https:\/\/contextoanalisisperiodistico.com\/index.php\/wp-json\/wp\/v2\/types\/post"}],"author":[{"embeddable":true,"href":"https:\/\/contextoanalisisperiodistico.com\/index.php\/wp-json\/wp\/v2\/users\/4"}],"replies":[{"embeddable":true,"href":"https:\/\/contextoanalisisperiodistico.com\/index.php\/wp-json\/wp\/v2\/comments?post=33606"}],"version-history":[{"count":0,"href":"https:\/\/contextoanalisisperiodistico.com\/index.php\/wp-json\/wp\/v2\/posts\/33606\/revisions"}],"wp:featuredmedia":[{"embeddable":true,"href":"https:\/\/contextoanalisisperiodistico.com\/index.php\/wp-json\/wp\/v2\/media\/33599"}],"wp:attachment":[{"href":"https:\/\/contextoanalisisperiodistico.com\/index.php\/wp-json\/wp\/v2\/media?parent=33606"}],"wp:term":[{"taxonomy":"category","embeddable":true,"href":"https:\/\/contextoanalisisperiodistico.com\/index.php\/wp-json\/wp\/v2\/categories?post=33606"},{"taxonomy":"post_tag","embeddable":true,"href":"https:\/\/contextoanalisisperiodistico.com\/index.php\/wp-json\/wp\/v2\/tags?post=33606"}],"curies":[{"name":"wp","href":"https:\/\/api.w.org\/{rel}","templated":true}]}}