{"id":33587,"date":"2024-11-04T15:13:54","date_gmt":"2024-11-04T21:13:54","guid":{"rendered":"https:\/\/contextoanalisisperiodistico.com\/index.php\/2024\/11\/04\/ganan-oro-y-plata-estudiantes-del-cobao-en-concurso-internacional-infomatrix-2024\/"},"modified":"2024-11-04T15:13:54","modified_gmt":"2024-11-04T21:13:54","slug":"ganan-oro-y-plata-estudiantes-del-cobao-en-concurso-internacional-infomatrix-2024","status":"publish","type":"post","link":"https:\/\/contextoanalisisperiodistico.com\/index.php\/2024\/11\/04\/ganan-oro-y-plata-estudiantes-del-cobao-en-concurso-internacional-infomatrix-2024\/","title":{"rendered":"Ganan oro y plata estudiantes del Cobao en concurso internacional Infomatrix 2024"},"content":{"rendered":"<div id=\"fb-root\"><\/div>\n\n<p>\u2022 Compitieron junto a j\u00f3venes de pa\u00edses como Per\u00fa, Bolivia, Colombia, Brasil, Chile y Ecuador<\/p>\n\n\n\n<figure class=\"wp-block-image size-large\"><img fetchpriority=\"high\" decoding=\"async\" width=\"1024\" height=\"706\" src=\"https:\/\/contextoanalisisperiodistico.com\/wp-content\/uploads\/2024\/11\/img-20241104-wa00876354950508334061555-1024x706.jpg\" alt=\"\" class=\"wp-image-33584\" srcset=\"https:\/\/contextoanalisisperiodistico.com\/wp-content\/uploads\/2024\/11\/img-20241104-wa00876354950508334061555-1024x706.jpg 1024w, https:\/\/contextoanalisisperiodistico.com\/wp-content\/uploads\/2024\/11\/img-20241104-wa00876354950508334061555-300x207.jpg 300w, https:\/\/contextoanalisisperiodistico.com\/wp-content\/uploads\/2024\/11\/img-20241104-wa00876354950508334061555-768x529.jpg 768w, https:\/\/contextoanalisisperiodistico.com\/wp-content\/uploads\/2024\/11\/img-20241104-wa00876354950508334061555-1536x1059.jpg 1536w, https:\/\/contextoanalisisperiodistico.com\/wp-content\/uploads\/2024\/11\/img-20241104-wa00876354950508334061555.jpg 1600w\" sizes=\"(max-width: 1024px) 100vw, 1024px\" \/><\/figure>\n\n\n\n<figure class=\"wp-block-image\"><img decoding=\"async\" width=\"1024\" height=\"706\" src=\"https:\/\/contextoanalisisperiodistico.com\/wp-content\/uploads\/2024\/11\/img-20241104-wa00902509198842203068476-1024x706.jpg\" alt=\"\" class=\"wp-image-33586\" srcset=\"https:\/\/contextoanalisisperiodistico.com\/wp-content\/uploads\/2024\/11\/img-20241104-wa00902509198842203068476-1024x706.jpg 1024w, https:\/\/contextoanalisisperiodistico.com\/wp-content\/uploads\/2024\/11\/img-20241104-wa00902509198842203068476-300x207.jpg 300w, https:\/\/contextoanalisisperiodistico.com\/wp-content\/uploads\/2024\/11\/img-20241104-wa00902509198842203068476-768x529.jpg 768w, https:\/\/contextoanalisisperiodistico.com\/wp-content\/uploads\/2024\/11\/img-20241104-wa00902509198842203068476-1536x1059.jpg 1536w, https:\/\/contextoanalisisperiodistico.com\/wp-content\/uploads\/2024\/11\/img-20241104-wa00902509198842203068476.jpg 1600w\" sizes=\"(max-width: 1024px) 100vw, 1024px\" \/><\/figure>\n\n\n\n<figure class=\"wp-block-image\"><img decoding=\"async\" width=\"1024\" height=\"706\" src=\"https:\/\/contextoanalisisperiodistico.com\/wp-content\/uploads\/2024\/11\/img-20241104-wa00886690621885679242502-1024x706.jpg\" alt=\"\" class=\"wp-image-33585\" srcset=\"https:\/\/contextoanalisisperiodistico.com\/wp-content\/uploads\/2024\/11\/img-20241104-wa00886690621885679242502-1024x706.jpg 1024w, https:\/\/contextoanalisisperiodistico.com\/wp-content\/uploads\/2024\/11\/img-20241104-wa00886690621885679242502-300x207.jpg 300w, https:\/\/contextoanalisisperiodistico.com\/wp-content\/uploads\/2024\/11\/img-20241104-wa00886690621885679242502-768x529.jpg 768w, https:\/\/contextoanalisisperiodistico.com\/wp-content\/uploads\/2024\/11\/img-20241104-wa00886690621885679242502-1536x1059.jpg 1536w, https:\/\/contextoanalisisperiodistico.com\/wp-content\/uploads\/2024\/11\/img-20241104-wa00886690621885679242502.jpg 1600w\" sizes=\"(max-width: 1024px) 100vw, 1024px\" \/><\/figure>\n\n\n\n<p>Oaxaca de Ju\u00e1rez, Oax. 4 de noviembre de 2024.- Estudiantes del Colegio de Bachilleres del Estado de Oaxaca (Cobao) obtuvieron medallas de oro y plata durante la competencia internacional Infomatrix 2024, celebrada en Realic\u00f3, La Pampa, Argentina.<\/p>\n\n\n\n<p>Las y los j\u00f3venes oaxaque\u00f1os compitieron del 31 de octubre al 1 de noviembre, contra otros 145 proyectos de pa\u00edses como Per\u00fa, Bolivia, Colombia, Brasil, Chile y Ecuador.<\/p>\n\n\n\n<p>La titular del Cobao Ver\u00f3nica Hern\u00e1ndez Gonz\u00e1lez se\u00f1al\u00f3 que estos destacados resultados son una muestra de la calidad educativa de este subsistema p\u00fablico de educaci\u00f3n media superior, en el cual las juventudes oaxaque\u00f1as pueden desarrollarse acad\u00e9micamente.<\/p>\n\n\n\n<p>El equipo conformado por estudiantes del Plantel 01 Pueblo Nuevo obtuvo la medalla de oro con el cortometraje \u201c\u00a1Mam\u00e1!\u201d, que retrata las problem\u00e1ticas a las que se enfrenta una mujer con una enfermedad terminal que vive en una comunidad alejada.<\/p>\n\n\n\n<p>Ricardo Humberto S\u00e1nchez Cruz, Mar\u00eda Fernanda Velasco P\u00e9rez y Lluvia Nez Li Hern\u00e1ndez S\u00e1nchez, con la asesor\u00eda del docente Alejandro Enrique Arenaza Villavicencio fueron premiados por esta producci\u00f3n audiovisual.<\/p>\n\n\n\n<p>En tanto, los estudiantes del Plantel 32 Cuil\u00e1pam presentaron el proyecto \u201cConecta Cobao\u201d, que permite el registro de la entrada y salida del estudiantado a las instalaciones de cada plantel, mientras notifica en tiempo real a la madre o padre de familia. Anah\u00ed Hern\u00e1ndez Peralta y Fernando Francisco L\u00f3pez Mauro, con la asesor\u00eda del docente H\u00e9ctor Marlon Aguilar Arellanes obtuvieron la medalla de plata.<\/p>\n\n\n\n<p>-0-<\/p>\n","protected":false},"excerpt":{"rendered":"<p>\u2022 Compitieron junto a j\u00f3venes de pa\u00edses como Per\u00fa, Bolivia, Colombia, Brasil, Chile y Ecuador&#8230;<\/p>\n","protected":false},"author":4,"featured_media":33583,"comment_status":"","ping_status":"open","sticky":false,"template":"","format":"standard","meta":{"footnotes":""},"categories":[91],"tags":[],"jetpack_sharing_enabled":true,"featured_image_urls":{"full":["https:\/\/contextoanalisisperiodistico.com\/wp-content\/uploads\/2024\/11\/IMG-20241104-WA0086.jpg",1600,1103,false],"thumbnail":["https:\/\/contextoanalisisperiodistico.com\/wp-content\/uploads\/2024\/11\/IMG-20241104-WA0086-150x150.jpg",150,150,true],"medium":["https:\/\/contextoanalisisperiodistico.com\/wp-content\/uploads\/2024\/11\/IMG-20241104-WA0086-300x207.jpg",300,207,true],"medium_large":["https:\/\/contextoanalisisperiodistico.com\/wp-content\/uploads\/2024\/11\/IMG-20241104-WA0086-768x529.jpg",640,441,true],"large":["https:\/\/contextoanalisisperiodistico.com\/wp-content\/uploads\/2024\/11\/IMG-20241104-WA0086-1024x706.jpg",640,441,true],"1536x1536":["https:\/\/contextoanalisisperiodistico.com\/wp-content\/uploads\/2024\/11\/IMG-20241104-WA0086-1536x1059.jpg",1536,1059,true],"2048x2048":["https:\/\/contextoanalisisperiodistico.com\/wp-content\/uploads\/2024\/11\/IMG-20241104-WA0086.jpg",1600,1103,false],"covernews-slider-full":["https:\/\/contextoanalisisperiodistico.com\/wp-content\/uploads\/2024\/11\/IMG-20241104-WA0086-1115x715.jpg",1115,715,true],"covernews-slider-center":["https:\/\/contextoanalisisperiodistico.com\/wp-content\/uploads\/2024\/11\/IMG-20241104-WA0086-800x500.jpg",800,500,true],"covernews-featured":["https:\/\/contextoanalisisperiodistico.com\/wp-content\/uploads\/2024\/11\/IMG-20241104-WA0086-1024x706.jpg",1024,706,true],"covernews-medium":["https:\/\/contextoanalisisperiodistico.com\/wp-content\/uploads\/2024\/11\/IMG-20241104-WA0086-540x340.jpg",540,340,true],"covernews-medium-square":["https:\/\/contextoanalisisperiodistico.com\/wp-content\/uploads\/2024\/11\/IMG-20241104-WA0086-400x250.jpg",400,250,true]},"author_info":{"display_name":"Mario Gir\u00f3n","author_link":"https:\/\/contextoanalisisperiodistico.com\/index.php\/author\/director\/"},"category_info":"<a href=\"https:\/\/contextoanalisisperiodistico.com\/index.php\/category\/educacion\/\" rel=\"category tag\">Educaci\u00f3n<\/a>","tag_info":"Educaci\u00f3n","comment_count":"0","jetpack_featured_media_url":"https:\/\/contextoanalisisperiodistico.com\/wp-content\/uploads\/2024\/11\/IMG-20241104-WA0086.jpg","_links":{"self":[{"href":"https:\/\/contextoanalisisperiodistico.com\/index.php\/wp-json\/wp\/v2\/posts\/33587"}],"collection":[{"href":"https:\/\/contextoanalisisperiodistico.com\/index.php\/wp-json\/wp\/v2\/posts"}],"about":[{"href":"https:\/\/contextoanalisisperiodistico.com\/index.php\/wp-json\/wp\/v2\/types\/post"}],"author":[{"embeddable":true,"href":"https:\/\/contextoanalisisperiodistico.com\/index.php\/wp-json\/wp\/v2\/users\/4"}],"replies":[{"embeddable":true,"href":"https:\/\/contextoanalisisperiodistico.com\/index.php\/wp-json\/wp\/v2\/comments?post=33587"}],"version-history":[{"count":0,"href":"https:\/\/contextoanalisisperiodistico.com\/index.php\/wp-json\/wp\/v2\/posts\/33587\/revisions"}],"wp:featuredmedia":[{"embeddable":true,"href":"https:\/\/contextoanalisisperiodistico.com\/index.php\/wp-json\/wp\/v2\/media\/33583"}],"wp:attachment":[{"href":"https:\/\/contextoanalisisperiodistico.com\/index.php\/wp-json\/wp\/v2\/media?parent=33587"}],"wp:term":[{"taxonomy":"category","embeddable":true,"href":"https:\/\/contextoanalisisperiodistico.com\/index.php\/wp-json\/wp\/v2\/categories?post=33587"},{"taxonomy":"post_tag","embeddable":true,"href":"https:\/\/contextoanalisisperiodistico.com\/index.php\/wp-json\/wp\/v2\/tags?post=33587"}],"curies":[{"name":"wp","href":"https:\/\/api.w.org\/{rel}","templated":true}]}}