{"id":33582,"date":"2024-11-04T15:09:29","date_gmt":"2024-11-04T21:09:29","guid":{"rendered":"https:\/\/contextoanalisisperiodistico.com\/index.php\/2024\/11\/04\/inicia-construccion-de-ciudad-de-los-deportes-y-nuevo-estadio-de-beisbol-de-guerreros-de-oaxaca\/"},"modified":"2024-11-04T15:09:29","modified_gmt":"2024-11-04T21:09:29","slug":"inicia-construccion-de-ciudad-de-los-deportes-y-nuevo-estadio-de-beisbol-de-guerreros-de-oaxaca","status":"publish","type":"post","link":"https:\/\/contextoanalisisperiodistico.com\/index.php\/2024\/11\/04\/inicia-construccion-de-ciudad-de-los-deportes-y-nuevo-estadio-de-beisbol-de-guerreros-de-oaxaca\/","title":{"rendered":"Inicia construcci\u00f3n de Ciudad de los Deportes y nuevo estadio de B\u00e9isbol de Guerreros de Oaxaca"},"content":{"rendered":"<div id=\"fb-root\"><\/div>\n\n<p>\u2022 Se trata de un proyecto integral que unir\u00e1 al Polideportivo Venustiano Carranza con el Estadio de B\u00e9isbol para 8 mil personas, a trav\u00e9s la intervenci\u00f3n de calles que conectan al Centro Hist\u00f3rico de la capital oaxaque\u00f1a<\/p>\n\n\n\n<p>\u2022 Albergar\u00e1 el Museo del B\u00e9isbol, un planetario, plazas p\u00fablicas, estacionamiento subterr\u00e1neo, biblioteca, y \u00e1reas para alimentos y bebidas<\/p>\n\n\n\n<p>Oaxaca de Ju\u00e1rez, Oax. 4 de noviembre de 2024.- En 2026, Oaxaca contar\u00e1 con un nuevo espacio emblem\u00e1tico, se trata de la Ciudad de los Deportes, la cual albergar\u00e1 el nuevo estadio de b\u00e9isbol que ser\u00e1 la casa de los Guerreros de Oaxaca, el cual tendr\u00e1 un aforo de 8 mil personas.<\/p>\n\n\n\n<p>Previ\u00f3 a la instalaci\u00f3n de la primera piedra de esta obra, el Gobernador de Oaxaca Salom\u00f3n Jara Cruz mencion\u00f3 que se trata un espacio en el que convergen dos grandes proyectos que transformar\u00e1n la ciudad de Oaxaca, ya que se unir\u00e1 el Polideportivo Venustiano Carranza con el estadio, adem\u00e1s de integrar al Barrio M\u00e1gico de Jalatlaco y el Paseo Ju\u00e1rez El Llano.<\/p>\n\n\n\n<p>\u201cCon esta acci\u00f3n, la Primavera Oaxaque\u00f1a asume su compromiso con el deporte y con la infraestructura deportiva como pilares fundamentales de la cohesi\u00f3n social al derecho al esparcimiento, espero que este nuevo espacio impulse a\u00fan m\u00e1s el \u00e9xito de los Guerreros de Oaxaca\u201d, indic\u00f3.<\/p>\n\n\n\n<p>Destac\u00f3 tambi\u00e9n que gracias a la pasi\u00f3n por el beisbol de don Alfredo Harp Hel\u00fa, quien impulsa este proyecto, se concreta este nuevo espacio que traer\u00e1 grandes beneficios para las y los oaxaque\u00f1os.<\/p>\n\n\n\n<p>Por su parte, el fil\u00e1ntropo Alfredo Harp Hel\u00fa, presidente vitalicio de la fundaci\u00f3n que lleva su nombre, rememor\u00f3 que en m\u00e1s de 30 a\u00f1os de presencia en Oaxaca, han trabajado en el mejor complemento para la educaci\u00f3n, que es el deporte, por lo que tambi\u00e9n habr\u00e1 un museo que contendr\u00e1 todo lo referente a los Guerreros de Oaxaca, en el marco de las tres d\u00e9cadas de vida del equipo que cumplir\u00e1 en el a\u00f1o de la inauguraci\u00f3n.<\/p>\n\n\n\n<p>\u201cOaxaca no se pod\u00eda quedar atr\u00e1s, va a quedar ideal para la ciudad, es una maravilla\u201d, expres\u00f3.<\/p>\n\n\n\n<p>En tanto, la presidenta de la Fundaci\u00f3n Alfredo Harp Hel\u00fa, Mar\u00eda Isabel Gra\u00f1\u00e9n Porr\u00faa, destac\u00f3 la importancia de la creaci\u00f3n de un museo, ya que ello permitir\u00e1 reconocer a todas las personas que han abierto el camino en el \u00e1mbito deportivo. \u201cHoy inicia una nueva etapa, queremos que Oaxaca siga siendo tan hermosa y ahora con un estadio nuevo, sin duda ser\u00e1 a\u00fan m\u00e1s\u201d, dijo.<\/p>\n\n\n\n<p>Por su parte el rector de la Universidad Aut\u00f3noma Benito Ju\u00e1rez de Oaxaca (UABJO) Cristian Eder Carre\u00f1o L\u00f3pez reiter\u00f3 el compromiso por seguir trabajando desde la academia para contribuir al bienestar de Oaxaca.<\/p>\n\n\n\n<p>Un proyecto integral a favor del pueblo de Oaxaca<\/p>\n\n\n\n<p>A trav\u00e9s de un esfuerzo entre el Gobierno del Estado, la UABJO y la iniciativa privada se concretar\u00e1n las estrategias de intervenci\u00f3n urbana que abarcar\u00e1n calles aleda\u00f1as a este espacio con arborizaci\u00f3n, peatonalizaci\u00f3n y pavimentaci\u00f3n adecuada, as\u00ed lo se\u00f1al\u00f3 el arquitecto del proyecto Jos\u00e9 Pablo Ambrosio.<\/p>\n\n\n\n<p>Tambi\u00e9n se fortalecer\u00e1 la identidad cultural, se utilizar\u00e1n materiales de la regi\u00f3n, se impulsar\u00e1 la econom\u00eda local y se mejorar\u00e1n las condiciones de seguridad en la zona.<\/p>\n\n\n\n<p>De igual forma, el presidente Ejecutivo del Club de B\u00e9isbol Guerreros de Oaxaca Guillermo Esp\u00edndola Morales asegur\u00f3 que el nuevo inmueble tendr\u00e1 un aforo de 8 mil personas, adem\u00e1s de 18 palcos, as\u00ed como, Iluminaci\u00f3n de bajo consumo, sonido, pantallas, sistemas de recuperaci\u00f3n de aguas pluviales, desarrollo de \u00e1reas comerciales y espacios verdes.<\/p>\n\n\n\n<p>Adem\u00e1s del Museo del B\u00e9isbol, tambi\u00e9n habr\u00e1 un planetario, plazas p\u00fablicas, estacionamiento subterr\u00e1neo, biblioteca y \u00e1reas para alimentos y bebidas.<\/p>\n\n\n\n<p>-0-<\/p>\n\n\n\n<figure class=\"wp-block-image size-large\"><img fetchpriority=\"high\" decoding=\"async\" width=\"1024\" height=\"682\" src=\"https:\/\/contextoanalisisperiodistico.com\/wp-content\/uploads\/2024\/11\/img-20241104-wa00943504750061520625166-1024x682.jpg\" alt=\"\" class=\"wp-image-33580\" srcset=\"https:\/\/contextoanalisisperiodistico.com\/wp-content\/uploads\/2024\/11\/img-20241104-wa00943504750061520625166-1024x682.jpg 1024w, https:\/\/contextoanalisisperiodistico.com\/wp-content\/uploads\/2024\/11\/img-20241104-wa00943504750061520625166-300x200.jpg 300w, https:\/\/contextoanalisisperiodistico.com\/wp-content\/uploads\/2024\/11\/img-20241104-wa00943504750061520625166-768x511.jpg 768w, https:\/\/contextoanalisisperiodistico.com\/wp-content\/uploads\/2024\/11\/img-20241104-wa00943504750061520625166-1536x1022.jpg 1536w, https:\/\/contextoanalisisperiodistico.com\/wp-content\/uploads\/2024\/11\/img-20241104-wa00943504750061520625166.jpg 1600w\" sizes=\"(max-width: 1024px) 100vw, 1024px\" \/><\/figure>\n\n\n\n<figure class=\"wp-block-image\"><img decoding=\"async\" width=\"1024\" height=\"682\" src=\"https:\/\/contextoanalisisperiodistico.com\/wp-content\/uploads\/2024\/11\/img-20241104-wa00921592087720692591327-1024x682.jpg\" alt=\"\" class=\"wp-image-33579\" srcset=\"https:\/\/contextoanalisisperiodistico.com\/wp-content\/uploads\/2024\/11\/img-20241104-wa00921592087720692591327-1024x682.jpg 1024w, https:\/\/contextoanalisisperiodistico.com\/wp-content\/uploads\/2024\/11\/img-20241104-wa00921592087720692591327-300x200.jpg 300w, https:\/\/contextoanalisisperiodistico.com\/wp-content\/uploads\/2024\/11\/img-20241104-wa00921592087720692591327-768x512.jpg 768w, https:\/\/contextoanalisisperiodistico.com\/wp-content\/uploads\/2024\/11\/img-20241104-wa00921592087720692591327-1536x1023.jpg 1536w, https:\/\/contextoanalisisperiodistico.com\/wp-content\/uploads\/2024\/11\/img-20241104-wa00921592087720692591327.jpg 1600w\" sizes=\"(max-width: 1024px) 100vw, 1024px\" \/><\/figure>\n\n\n\n<figure class=\"wp-block-image\"><img decoding=\"async\" width=\"1024\" height=\"683\" src=\"https:\/\/contextoanalisisperiodistico.com\/wp-content\/uploads\/2024\/11\/img-20241104-wa00912860103714137855928-1024x683.jpg\" alt=\"\" class=\"wp-image-33581\" srcset=\"https:\/\/contextoanalisisperiodistico.com\/wp-content\/uploads\/2024\/11\/img-20241104-wa00912860103714137855928-1024x683.jpg 1024w, https:\/\/contextoanalisisperiodistico.com\/wp-content\/uploads\/2024\/11\/img-20241104-wa00912860103714137855928-300x200.jpg 300w, https:\/\/contextoanalisisperiodistico.com\/wp-content\/uploads\/2024\/11\/img-20241104-wa00912860103714137855928-768x512.jpg 768w, https:\/\/contextoanalisisperiodistico.com\/wp-content\/uploads\/2024\/11\/img-20241104-wa00912860103714137855928-1536x1024.jpg 1536w, https:\/\/contextoanalisisperiodistico.com\/wp-content\/uploads\/2024\/11\/img-20241104-wa00912860103714137855928.jpg 1600w\" sizes=\"(max-width: 1024px) 100vw, 1024px\" \/><\/figure>\n","protected":false},"excerpt":{"rendered":"<p>\u2022 Se trata de un proyecto integral que unir\u00e1 al Polideportivo Venustiano Carranza con el&#8230;<\/p>\n","protected":false},"author":4,"featured_media":33578,"comment_status":"","ping_status":"open","sticky":false,"template":"","format":"standard","meta":{"footnotes":""},"categories":[9],"tags":[],"jetpack_sharing_enabled":true,"featured_image_urls":{"full":["https:\/\/contextoanalisisperiodistico.com\/wp-content\/uploads\/2024\/11\/IMG-20241104-WA0093.jpg",1600,1067,false],"thumbnail":["https:\/\/contextoanalisisperiodistico.com\/wp-content\/uploads\/2024\/11\/IMG-20241104-WA0093-150x150.jpg",150,150,true],"medium":["https:\/\/contextoanalisisperiodistico.com\/wp-content\/uploads\/2024\/11\/IMG-20241104-WA0093-300x200.jpg",300,200,true],"medium_large":["https:\/\/contextoanalisisperiodistico.com\/wp-content\/uploads\/2024\/11\/IMG-20241104-WA0093-768x512.jpg",640,427,true],"large":["https:\/\/contextoanalisisperiodistico.com\/wp-content\/uploads\/2024\/11\/IMG-20241104-WA0093-1024x683.jpg",640,427,true],"1536x1536":["https:\/\/contextoanalisisperiodistico.com\/wp-content\/uploads\/2024\/11\/IMG-20241104-WA0093-1536x1024.jpg",1536,1024,true],"2048x2048":["https:\/\/contextoanalisisperiodistico.com\/wp-content\/uploads\/2024\/11\/IMG-20241104-WA0093.jpg",1600,1067,false],"covernews-slider-full":["https:\/\/contextoanalisisperiodistico.com\/wp-content\/uploads\/2024\/11\/IMG-20241104-WA0093-1115x715.jpg",1115,715,true],"covernews-slider-center":["https:\/\/contextoanalisisperiodistico.com\/wp-content\/uploads\/2024\/11\/IMG-20241104-WA0093-800x500.jpg",800,500,true],"covernews-featured":["https:\/\/contextoanalisisperiodistico.com\/wp-content\/uploads\/2024\/11\/IMG-20241104-WA0093-1024x683.jpg",1024,683,true],"covernews-medium":["https:\/\/contextoanalisisperiodistico.com\/wp-content\/uploads\/2024\/11\/IMG-20241104-WA0093-540x340.jpg",540,340,true],"covernews-medium-square":["https:\/\/contextoanalisisperiodistico.com\/wp-content\/uploads\/2024\/11\/IMG-20241104-WA0093-400x250.jpg",400,250,true]},"author_info":{"display_name":"Mario Gir\u00f3n","author_link":"https:\/\/contextoanalisisperiodistico.com\/index.php\/author\/director\/"},"category_info":"<a href=\"https:\/\/contextoanalisisperiodistico.com\/index.php\/category\/politica\/\" rel=\"category tag\">Pol\u00edtica<\/a>","tag_info":"Pol\u00edtica","comment_count":"0","jetpack_featured_media_url":"https:\/\/contextoanalisisperiodistico.com\/wp-content\/uploads\/2024\/11\/IMG-20241104-WA0093.jpg","_links":{"self":[{"href":"https:\/\/contextoanalisisperiodistico.com\/index.php\/wp-json\/wp\/v2\/posts\/33582"}],"collection":[{"href":"https:\/\/contextoanalisisperiodistico.com\/index.php\/wp-json\/wp\/v2\/posts"}],"about":[{"href":"https:\/\/contextoanalisisperiodistico.com\/index.php\/wp-json\/wp\/v2\/types\/post"}],"author":[{"embeddable":true,"href":"https:\/\/contextoanalisisperiodistico.com\/index.php\/wp-json\/wp\/v2\/users\/4"}],"replies":[{"embeddable":true,"href":"https:\/\/contextoanalisisperiodistico.com\/index.php\/wp-json\/wp\/v2\/comments?post=33582"}],"version-history":[{"count":0,"href":"https:\/\/contextoanalisisperiodistico.com\/index.php\/wp-json\/wp\/v2\/posts\/33582\/revisions"}],"wp:featuredmedia":[{"embeddable":true,"href":"https:\/\/contextoanalisisperiodistico.com\/index.php\/wp-json\/wp\/v2\/media\/33578"}],"wp:attachment":[{"href":"https:\/\/contextoanalisisperiodistico.com\/index.php\/wp-json\/wp\/v2\/media?parent=33582"}],"wp:term":[{"taxonomy":"category","embeddable":true,"href":"https:\/\/contextoanalisisperiodistico.com\/index.php\/wp-json\/wp\/v2\/categories?post=33582"},{"taxonomy":"post_tag","embeddable":true,"href":"https:\/\/contextoanalisisperiodistico.com\/index.php\/wp-json\/wp\/v2\/tags?post=33582"}],"curies":[{"name":"wp","href":"https:\/\/api.w.org\/{rel}","templated":true}]}}