{"id":33577,"date":"2024-11-04T15:05:27","date_gmt":"2024-11-04T21:05:27","guid":{"rendered":"https:\/\/contextoanalisisperiodistico.com\/index.php\/2024\/11\/04\/la-magia-y-tradicion-de-oaxaca-atrae-a-mas-de-20-mil-turistas-de-asia-europa-y-america\/"},"modified":"2024-11-04T15:05:27","modified_gmt":"2024-11-04T21:05:27","slug":"la-magia-y-tradicion-de-oaxaca-atrae-a-mas-de-20-mil-turistas-de-asia-europa-y-america","status":"publish","type":"post","link":"https:\/\/contextoanalisisperiodistico.com\/index.php\/2024\/11\/04\/la-magia-y-tradicion-de-oaxaca-atrae-a-mas-de-20-mil-turistas-de-asia-europa-y-america\/","title":{"rendered":"La magia y tradici\u00f3n de Oaxaca atrae a m\u00e1s de 20 mil turistas de Asia, Europa y Am\u00e9rica"},"content":{"rendered":"<div id=\"fb-root\"><\/div>\n\n<p>\u2022 El Palacio de Gobierno se convirti\u00f3 en un portal vivo de la cultura de la entidad con la muestra de un altar monumental<\/p>\n\n\n\n<figure class=\"wp-block-image size-large\"><img fetchpriority=\"high\" decoding=\"async\" width=\"1024\" height=\"682\" src=\"https:\/\/contextoanalisisperiodistico.com\/wp-content\/uploads\/2024\/11\/img-20241104-wa00996290160385645463314-1024x682.jpg\" alt=\"\" class=\"wp-image-33573\" srcset=\"https:\/\/contextoanalisisperiodistico.com\/wp-content\/uploads\/2024\/11\/img-20241104-wa00996290160385645463314-1024x682.jpg 1024w, https:\/\/contextoanalisisperiodistico.com\/wp-content\/uploads\/2024\/11\/img-20241104-wa00996290160385645463314-300x200.jpg 300w, https:\/\/contextoanalisisperiodistico.com\/wp-content\/uploads\/2024\/11\/img-20241104-wa00996290160385645463314-768x512.jpg 768w, https:\/\/contextoanalisisperiodistico.com\/wp-content\/uploads\/2024\/11\/img-20241104-wa00996290160385645463314-1536x1023.jpg 1536w, https:\/\/contextoanalisisperiodistico.com\/wp-content\/uploads\/2024\/11\/img-20241104-wa00996290160385645463314.jpg 1600w\" sizes=\"(max-width: 1024px) 100vw, 1024px\" \/><\/figure>\n\n\n\n<figure class=\"wp-block-image\"><img decoding=\"async\" width=\"1024\" height=\"682\" src=\"https:\/\/contextoanalisisperiodistico.com\/wp-content\/uploads\/2024\/11\/img-20241104-wa01003996692566331530509-1024x682.jpg\" alt=\"\" class=\"wp-image-33575\" srcset=\"https:\/\/contextoanalisisperiodistico.com\/wp-content\/uploads\/2024\/11\/img-20241104-wa01003996692566331530509-1024x682.jpg 1024w, https:\/\/contextoanalisisperiodistico.com\/wp-content\/uploads\/2024\/11\/img-20241104-wa01003996692566331530509-300x200.jpg 300w, https:\/\/contextoanalisisperiodistico.com\/wp-content\/uploads\/2024\/11\/img-20241104-wa01003996692566331530509-768x512.jpg 768w, https:\/\/contextoanalisisperiodistico.com\/wp-content\/uploads\/2024\/11\/img-20241104-wa01003996692566331530509-1536x1023.jpg 1536w, https:\/\/contextoanalisisperiodistico.com\/wp-content\/uploads\/2024\/11\/img-20241104-wa01003996692566331530509.jpg 1600w\" sizes=\"(max-width: 1024px) 100vw, 1024px\" \/><\/figure>\n\n\n\n<figure class=\"wp-block-image\"><img decoding=\"async\" width=\"1024\" height=\"576\" src=\"https:\/\/contextoanalisisperiodistico.com\/wp-content\/uploads\/2024\/11\/img-20241104-wa00988497801851053204129-1024x576.jpg\" alt=\"\" class=\"wp-image-33574\" srcset=\"https:\/\/contextoanalisisperiodistico.com\/wp-content\/uploads\/2024\/11\/img-20241104-wa00988497801851053204129-1024x576.jpg 1024w, https:\/\/contextoanalisisperiodistico.com\/wp-content\/uploads\/2024\/11\/img-20241104-wa00988497801851053204129-300x169.jpg 300w, https:\/\/contextoanalisisperiodistico.com\/wp-content\/uploads\/2024\/11\/img-20241104-wa00988497801851053204129-768x432.jpg 768w, https:\/\/contextoanalisisperiodistico.com\/wp-content\/uploads\/2024\/11\/img-20241104-wa00988497801851053204129-1536x864.jpg 1536w, https:\/\/contextoanalisisperiodistico.com\/wp-content\/uploads\/2024\/11\/img-20241104-wa00988497801851053204129.jpg 1600w\" sizes=\"(max-width: 1024px) 100vw, 1024px\" \/><\/figure>\n\n\n\n<figure class=\"wp-block-image\"><img loading=\"lazy\" decoding=\"async\" width=\"1024\" height=\"576\" src=\"https:\/\/contextoanalisisperiodistico.com\/wp-content\/uploads\/2024\/11\/img-20241104-wa00965642779985982938097-1024x576.jpg\" alt=\"\" class=\"wp-image-33576\" srcset=\"https:\/\/contextoanalisisperiodistico.com\/wp-content\/uploads\/2024\/11\/img-20241104-wa00965642779985982938097-1024x576.jpg 1024w, https:\/\/contextoanalisisperiodistico.com\/wp-content\/uploads\/2024\/11\/img-20241104-wa00965642779985982938097-300x169.jpg 300w, https:\/\/contextoanalisisperiodistico.com\/wp-content\/uploads\/2024\/11\/img-20241104-wa00965642779985982938097-768x432.jpg 768w, https:\/\/contextoanalisisperiodistico.com\/wp-content\/uploads\/2024\/11\/img-20241104-wa00965642779985982938097-1536x864.jpg 1536w, https:\/\/contextoanalisisperiodistico.com\/wp-content\/uploads\/2024\/11\/img-20241104-wa00965642779985982938097.jpg 1600w\" sizes=\"(max-width: 1024px) 100vw, 1024px\" \/><\/figure>\n\n\n\n<p>Oaxaca de Ju\u00e1rez, Oax. 4 de noviembre de 2024.- Las actividades de D\u00eda de Muertos, La Fiesta m\u00e1s Viva de Todas, atrajo a m\u00e1s de 20 mil personas que cruzaron oc\u00e9anos, fronteras, pa\u00edses y estados para presenciar el altar monumental que se instal\u00f3 en Palacio del Gobierno de Oaxaca.<\/p>\n\n\n\n<p>Durante 7 d\u00edas, la Casa del Pueblo se convirti\u00f3 en un portal vivo de culturas y dimensiones por 12 horas diariamente, para honrar la vida y la muerte al estilo de esta tierra orgullosa de sus ra\u00edces.<\/p>\n\n\n\n<p>Este a\u00f1o, la ciudad recibi\u00f3 un sorprendente n\u00famero de visitantes de Asia, entre ellos provenientes de Jap\u00f3n, Taiw\u00e1n, Filipinas y China, quienes quedaron fascinados con el simbolismo y respeto que el pueblo mexicano tiene hacia sus ancestros.<\/p>\n\n\n\n<p>Esta fiesta tambi\u00e9n congreg\u00f3 a mujeres y hombres de Francia, Espa\u00f1a, Estados Unidos y de diversos estados de M\u00e9xico, que llegaron a conocer de cerca una de las tradiciones m\u00e1s representativas del pa\u00eds.<\/p>\n\n\n\n<p>Adem\u00e1s, las mam\u00e1s lactantes accedieron al espacio que se encuentra en las instalaciones del Palacio Gobierno para amamantar a sus beb\u00e9s de manera c\u00f3moda y segura.<\/p>\n\n\n\n<p>El altar fue dise\u00f1ado con detalles que iban desde una ofrenda de frutas como j\u00edcamas, calabazas y cacahuates sobre papel picado, hasta la representaci\u00f3n de una colorida calenda con festivas calaveras de papel mach\u00e9 en tama\u00f1o real, que representaban a las ocho regiones de Oaxaca.<\/p>\n\n\n\n<p>De esta manera, la entidad se posiciona como un epicentro cultural que abraza a quienes arriban de diferentes rincones, permitiendo as\u00ed que esta festividad mexicana trascienda cualquier idioma o nacionalidad.<\/p>\n\n\n\n<p>-0-<\/p>\n","protected":false},"excerpt":{"rendered":"<p>\u2022 El Palacio de Gobierno se convirti\u00f3 en un portal vivo de la cultura de&#8230;<\/p>\n","protected":false},"author":4,"featured_media":33572,"comment_status":"","ping_status":"open","sticky":false,"template":"","format":"standard","meta":{"footnotes":""},"categories":[3],"tags":[],"jetpack_sharing_enabled":true,"featured_image_urls":{"full":["https:\/\/contextoanalisisperiodistico.com\/wp-content\/uploads\/2024\/11\/IMG-20241104-WA0097.jpg",1600,1066,false],"thumbnail":["https:\/\/contextoanalisisperiodistico.com\/wp-content\/uploads\/2024\/11\/IMG-20241104-WA0097-150x150.jpg",150,150,true],"medium":["https:\/\/contextoanalisisperiodistico.com\/wp-content\/uploads\/2024\/11\/IMG-20241104-WA0097-300x200.jpg",300,200,true],"medium_large":["https:\/\/contextoanalisisperiodistico.com\/wp-content\/uploads\/2024\/11\/IMG-20241104-WA0097-768x512.jpg",640,427,true],"large":["https:\/\/contextoanalisisperiodistico.com\/wp-content\/uploads\/2024\/11\/IMG-20241104-WA0097-1024x682.jpg",640,426,true],"1536x1536":["https:\/\/contextoanalisisperiodistico.com\/wp-content\/uploads\/2024\/11\/IMG-20241104-WA0097-1536x1023.jpg",1536,1023,true],"2048x2048":["https:\/\/contextoanalisisperiodistico.com\/wp-content\/uploads\/2024\/11\/IMG-20241104-WA0097.jpg",1600,1066,false],"covernews-slider-full":["https:\/\/contextoanalisisperiodistico.com\/wp-content\/uploads\/2024\/11\/IMG-20241104-WA0097-1115x715.jpg",1115,715,true],"covernews-slider-center":["https:\/\/contextoanalisisperiodistico.com\/wp-content\/uploads\/2024\/11\/IMG-20241104-WA0097-800x500.jpg",800,500,true],"covernews-featured":["https:\/\/contextoanalisisperiodistico.com\/wp-content\/uploads\/2024\/11\/IMG-20241104-WA0097-1024x682.jpg",1024,682,true],"covernews-medium":["https:\/\/contextoanalisisperiodistico.com\/wp-content\/uploads\/2024\/11\/IMG-20241104-WA0097-540x340.jpg",540,340,true],"covernews-medium-square":["https:\/\/contextoanalisisperiodistico.com\/wp-content\/uploads\/2024\/11\/IMG-20241104-WA0097-400x250.jpg",400,250,true]},"author_info":{"display_name":"Mario Gir\u00f3n","author_link":"https:\/\/contextoanalisisperiodistico.com\/index.php\/author\/director\/"},"category_info":"<a href=\"https:\/\/contextoanalisisperiodistico.com\/index.php\/category\/ciudad\/\" rel=\"category tag\">Ciudad<\/a>","tag_info":"Ciudad","comment_count":"0","jetpack_featured_media_url":"https:\/\/contextoanalisisperiodistico.com\/wp-content\/uploads\/2024\/11\/IMG-20241104-WA0097.jpg","_links":{"self":[{"href":"https:\/\/contextoanalisisperiodistico.com\/index.php\/wp-json\/wp\/v2\/posts\/33577"}],"collection":[{"href":"https:\/\/contextoanalisisperiodistico.com\/index.php\/wp-json\/wp\/v2\/posts"}],"about":[{"href":"https:\/\/contextoanalisisperiodistico.com\/index.php\/wp-json\/wp\/v2\/types\/post"}],"author":[{"embeddable":true,"href":"https:\/\/contextoanalisisperiodistico.com\/index.php\/wp-json\/wp\/v2\/users\/4"}],"replies":[{"embeddable":true,"href":"https:\/\/contextoanalisisperiodistico.com\/index.php\/wp-json\/wp\/v2\/comments?post=33577"}],"version-history":[{"count":0,"href":"https:\/\/contextoanalisisperiodistico.com\/index.php\/wp-json\/wp\/v2\/posts\/33577\/revisions"}],"wp:featuredmedia":[{"embeddable":true,"href":"https:\/\/contextoanalisisperiodistico.com\/index.php\/wp-json\/wp\/v2\/media\/33572"}],"wp:attachment":[{"href":"https:\/\/contextoanalisisperiodistico.com\/index.php\/wp-json\/wp\/v2\/media?parent=33577"}],"wp:term":[{"taxonomy":"category","embeddable":true,"href":"https:\/\/contextoanalisisperiodistico.com\/index.php\/wp-json\/wp\/v2\/categories?post=33577"},{"taxonomy":"post_tag","embeddable":true,"href":"https:\/\/contextoanalisisperiodistico.com\/index.php\/wp-json\/wp\/v2\/tags?post=33577"}],"curies":[{"name":"wp","href":"https:\/\/api.w.org\/{rel}","templated":true}]}}