{"id":33511,"date":"2024-10-31T14:07:57","date_gmt":"2024-10-31T20:07:57","guid":{"rendered":"https:\/\/contextoanalisisperiodistico.com\/index.php\/2024\/10\/31\/mantiene-sso-acciones-en-panteones-ante-las-festividades-del-dia-de-muertos\/"},"modified":"2024-10-31T14:07:57","modified_gmt":"2024-10-31T20:07:57","slug":"mantiene-sso-acciones-en-panteones-ante-las-festividades-del-dia-de-muertos","status":"publish","type":"post","link":"https:\/\/contextoanalisisperiodistico.com\/index.php\/2024\/10\/31\/mantiene-sso-acciones-en-panteones-ante-las-festividades-del-dia-de-muertos\/","title":{"rendered":"Mantiene SSO acciones en panteones ante las festividades del D\u00eda de Muertos"},"content":{"rendered":"<div id=\"fb-root\"><\/div>\n\n<p>\u2022 Registran 135 casos nuevos de dengue, suman 3 mil 839 casos acumulados<br \/>\u2022 Con acciones contundentes contra el dengue se han cubierto 64 municipios con 122 localidades<\/p>\n\n\n\n<figure class=\"wp-block-image size-large\"><img fetchpriority=\"high\" decoding=\"async\" width=\"614\" height=\"1024\" src=\"https:\/\/contextoanalisisperiodistico.com\/wp-content\/uploads\/2024\/10\/img-20241031-wa00622936666993293053067-614x1024.jpg\" alt=\"\" class=\"wp-image-33509\" srcset=\"https:\/\/contextoanalisisperiodistico.com\/wp-content\/uploads\/2024\/10\/img-20241031-wa00622936666993293053067-614x1024.jpg 614w, https:\/\/contextoanalisisperiodistico.com\/wp-content\/uploads\/2024\/10\/img-20241031-wa00622936666993293053067-180x300.jpg 180w, https:\/\/contextoanalisisperiodistico.com\/wp-content\/uploads\/2024\/10\/img-20241031-wa00622936666993293053067-768x1280.jpg 768w, https:\/\/contextoanalisisperiodistico.com\/wp-content\/uploads\/2024\/10\/img-20241031-wa00622936666993293053067.jpg 850w\" sizes=\"(max-width: 614px) 100vw, 614px\" \/><\/figure>\n\n\n\n<figure class=\"wp-block-image\"><img decoding=\"async\" width=\"1024\" height=\"576\" src=\"https:\/\/contextoanalisisperiodistico.com\/wp-content\/uploads\/2024\/10\/img-20241031-wa0065322537176990202005-1024x576.jpg\" alt=\"\" class=\"wp-image-33507\" srcset=\"https:\/\/contextoanalisisperiodistico.com\/wp-content\/uploads\/2024\/10\/img-20241031-wa0065322537176990202005-1024x576.jpg 1024w, https:\/\/contextoanalisisperiodistico.com\/wp-content\/uploads\/2024\/10\/img-20241031-wa0065322537176990202005-300x169.jpg 300w, https:\/\/contextoanalisisperiodistico.com\/wp-content\/uploads\/2024\/10\/img-20241031-wa0065322537176990202005-768x432.jpg 768w, https:\/\/contextoanalisisperiodistico.com\/wp-content\/uploads\/2024\/10\/img-20241031-wa0065322537176990202005-1536x864.jpg 1536w, https:\/\/contextoanalisisperiodistico.com\/wp-content\/uploads\/2024\/10\/img-20241031-wa0065322537176990202005.jpg 1600w\" sizes=\"(max-width: 1024px) 100vw, 1024px\" \/><\/figure>\n\n\n\n<figure class=\"wp-block-image\"><img decoding=\"async\" width=\"1024\" height=\"576\" src=\"https:\/\/contextoanalisisperiodistico.com\/wp-content\/uploads\/2024\/10\/img-20241031-wa00667472432903384645132-1024x576.jpg\" alt=\"\" class=\"wp-image-33510\" srcset=\"https:\/\/contextoanalisisperiodistico.com\/wp-content\/uploads\/2024\/10\/img-20241031-wa00667472432903384645132-1024x576.jpg 1024w, https:\/\/contextoanalisisperiodistico.com\/wp-content\/uploads\/2024\/10\/img-20241031-wa00667472432903384645132-300x169.jpg 300w, https:\/\/contextoanalisisperiodistico.com\/wp-content\/uploads\/2024\/10\/img-20241031-wa00667472432903384645132-768x432.jpg 768w, https:\/\/contextoanalisisperiodistico.com\/wp-content\/uploads\/2024\/10\/img-20241031-wa00667472432903384645132-1536x864.jpg 1536w, https:\/\/contextoanalisisperiodistico.com\/wp-content\/uploads\/2024\/10\/img-20241031-wa00667472432903384645132.jpg 1600w\" sizes=\"(max-width: 1024px) 100vw, 1024px\" \/><\/figure>\n\n\n\n<figure class=\"wp-block-image\"><img loading=\"lazy\" decoding=\"async\" width=\"1024\" height=\"576\" src=\"https:\/\/contextoanalisisperiodistico.com\/wp-content\/uploads\/2024\/10\/img-20241031-wa00647035570707051652391-1024x576.jpg\" alt=\"\" class=\"wp-image-33508\" srcset=\"https:\/\/contextoanalisisperiodistico.com\/wp-content\/uploads\/2024\/10\/img-20241031-wa00647035570707051652391-1024x576.jpg 1024w, https:\/\/contextoanalisisperiodistico.com\/wp-content\/uploads\/2024\/10\/img-20241031-wa00647035570707051652391-300x169.jpg 300w, https:\/\/contextoanalisisperiodistico.com\/wp-content\/uploads\/2024\/10\/img-20241031-wa00647035570707051652391-768x432.jpg 768w, https:\/\/contextoanalisisperiodistico.com\/wp-content\/uploads\/2024\/10\/img-20241031-wa00647035570707051652391-1536x864.jpg 1536w, https:\/\/contextoanalisisperiodistico.com\/wp-content\/uploads\/2024\/10\/img-20241031-wa00647035570707051652391.jpg 1600w\" sizes=\"(max-width: 1024px) 100vw, 1024px\" \/><\/figure>\n\n\n\n<p>Oaxaca de Ju\u00e1rez, Oax. 31 de octubre de 2024.- Como parte del Plan Emergente de Oaxaca Unida Contra el Dengue, personal de Servicios de Salud de Oaxaca (SSO), despleg\u00f3 174 mil 278 acciones de control larvario, nebulizaci\u00f3n y rociado espacial, en 64 municipios con 122 localidades, en beneficio de 98 mil 397 viviendas.<\/p>\n\n\n\n<p>As\u00ed tambi\u00e9n informa que al corte de la semana epidemiol\u00f3gica n\u00famero 43 se registraron 135 casos nuevos de dengue, para un total de 3 mil 839 acumulados en toda la entidad.<\/p>\n\n\n\n<p>El Comit\u00e9 Nacional para la Vigilancia Epidemiol\u00f3gica (Conave), confirm\u00f3 para este corte, una nueva defunci\u00f3n con fecha del 28 de junio del presente a\u00f1o. Se trata de una persona del sexo femenino de 4 a\u00f1os de edad con lugar de residencia en Oaxaca de Ju\u00e1rez. Con lo cual, suman 17 decesos acumulados en toda la entidad.<\/p>\n\n\n\n<p>La capital oaxaque\u00f1a encabeza la lista de casos nuevos para este informe con 24, seguido de Santa Mar\u00eda Atzompa con 11, Mat\u00edas Romero Avenda\u00f1o y Miahuatl\u00e1n de Porfirio D\u00edaz 10 cada uno, as\u00ed como San Juan Guichicovi con siete y el resto de casos se distribuye en 130 municipios.<\/p>\n\n\n\n<p>Por Jurisdicci\u00f3n Sanitaria, Valles Centrales registra dos mil 989 casos con 13 defunciones, Istmo 238, Tuxtepec 63 con una defunci\u00f3n, Costa con 425 casos y tres decesos, Mixteca 63 y Sierra 61 casos.<\/p>\n\n\n\n<p>De acuerdo a su clasificaci\u00f3n, mil 848 corresponden a Dengue No Grave (DNG), mil 722 a Dengue Con Signos de Alarma (DCSA) y 269 a Dengue Grave (DG).<\/p>\n\n\n\n<p>En estos d\u00edas de celebraciones en el marco de D\u00eda de Muertos, el personal de vectores contin\u00faa con la nebulizaci\u00f3n de panteones, esto para garantizar espacios seguros para las personas que visitan a sus familiares durante estas fechas.<\/p>\n\n\n\n<p>De ah\u00ed que SSO recomienda utilizar flores artificiales o cambiar el agua de los floreros por arena h\u00fameda, usar repelente y ropa de manga larga, ya que la salud es responsabilidad de todas y todos.<\/p>\n\n\n\n<p>Es importante redoblar las medidas preventivas en los hogares, como la eliminaci\u00f3n de criaderos del vector, sobre todo latas, botellas, cubetas, aunado a tapar los dep\u00f3sitos de agua limpia.<\/p>\n\n\n\n<p>Asimismo, usar tela mosquitera en puertas y ventanas, y ante cualquier malestar, es importante no automedicarse y acudir a la unidad de salud m\u00e1s cercana, ya que, de no atenderse de manera oportuna ante s\u00edntomas de alarma, la enfermedad se puede complicar.<br \/>-0-<\/p>\n","protected":false},"excerpt":{"rendered":"<p>\u2022 Registran 135 casos nuevos de dengue, suman 3 mil 839 casos acumulados\u2022 Con acciones&#8230;<\/p>\n","protected":false},"author":4,"featured_media":33506,"comment_status":"","ping_status":"open","sticky":false,"template":"","format":"standard","meta":{"footnotes":""},"categories":[92],"tags":[],"jetpack_sharing_enabled":true,"featured_image_urls":{"full":["https:\/\/contextoanalisisperiodistico.com\/wp-content\/uploads\/2024\/10\/IMG-20241031-WA0063.jpg",1600,900,false],"thumbnail":["https:\/\/contextoanalisisperiodistico.com\/wp-content\/uploads\/2024\/10\/IMG-20241031-WA0063-150x150.jpg",150,150,true],"medium":["https:\/\/contextoanalisisperiodistico.com\/wp-content\/uploads\/2024\/10\/IMG-20241031-WA0063-300x169.jpg",300,169,true],"medium_large":["https:\/\/contextoanalisisperiodistico.com\/wp-content\/uploads\/2024\/10\/IMG-20241031-WA0063-768x432.jpg",640,360,true],"large":["https:\/\/contextoanalisisperiodistico.com\/wp-content\/uploads\/2024\/10\/IMG-20241031-WA0063-1024x576.jpg",640,360,true],"1536x1536":["https:\/\/contextoanalisisperiodistico.com\/wp-content\/uploads\/2024\/10\/IMG-20241031-WA0063-1536x864.jpg",1536,864,true],"2048x2048":["https:\/\/contextoanalisisperiodistico.com\/wp-content\/uploads\/2024\/10\/IMG-20241031-WA0063.jpg",1600,900,false],"covernews-slider-full":["https:\/\/contextoanalisisperiodistico.com\/wp-content\/uploads\/2024\/10\/IMG-20241031-WA0063-1115x715.jpg",1115,715,true],"covernews-slider-center":["https:\/\/contextoanalisisperiodistico.com\/wp-content\/uploads\/2024\/10\/IMG-20241031-WA0063-800x500.jpg",800,500,true],"covernews-featured":["https:\/\/contextoanalisisperiodistico.com\/wp-content\/uploads\/2024\/10\/IMG-20241031-WA0063-1024x576.jpg",1024,576,true],"covernews-medium":["https:\/\/contextoanalisisperiodistico.com\/wp-content\/uploads\/2024\/10\/IMG-20241031-WA0063-540x340.jpg",540,340,true],"covernews-medium-square":["https:\/\/contextoanalisisperiodistico.com\/wp-content\/uploads\/2024\/10\/IMG-20241031-WA0063-400x250.jpg",400,250,true]},"author_info":{"display_name":"Mario Gir\u00f3n","author_link":"https:\/\/contextoanalisisperiodistico.com\/index.php\/author\/director\/"},"category_info":"<a href=\"https:\/\/contextoanalisisperiodistico.com\/index.php\/category\/salud\/\" rel=\"category tag\">Salud<\/a>","tag_info":"Salud","comment_count":"0","jetpack_featured_media_url":"https:\/\/contextoanalisisperiodistico.com\/wp-content\/uploads\/2024\/10\/IMG-20241031-WA0063.jpg","_links":{"self":[{"href":"https:\/\/contextoanalisisperiodistico.com\/index.php\/wp-json\/wp\/v2\/posts\/33511"}],"collection":[{"href":"https:\/\/contextoanalisisperiodistico.com\/index.php\/wp-json\/wp\/v2\/posts"}],"about":[{"href":"https:\/\/contextoanalisisperiodistico.com\/index.php\/wp-json\/wp\/v2\/types\/post"}],"author":[{"embeddable":true,"href":"https:\/\/contextoanalisisperiodistico.com\/index.php\/wp-json\/wp\/v2\/users\/4"}],"replies":[{"embeddable":true,"href":"https:\/\/contextoanalisisperiodistico.com\/index.php\/wp-json\/wp\/v2\/comments?post=33511"}],"version-history":[{"count":0,"href":"https:\/\/contextoanalisisperiodistico.com\/index.php\/wp-json\/wp\/v2\/posts\/33511\/revisions"}],"wp:featuredmedia":[{"embeddable":true,"href":"https:\/\/contextoanalisisperiodistico.com\/index.php\/wp-json\/wp\/v2\/media\/33506"}],"wp:attachment":[{"href":"https:\/\/contextoanalisisperiodistico.com\/index.php\/wp-json\/wp\/v2\/media?parent=33511"}],"wp:term":[{"taxonomy":"category","embeddable":true,"href":"https:\/\/contextoanalisisperiodistico.com\/index.php\/wp-json\/wp\/v2\/categories?post=33511"},{"taxonomy":"post_tag","embeddable":true,"href":"https:\/\/contextoanalisisperiodistico.com\/index.php\/wp-json\/wp\/v2\/tags?post=33511"}],"curies":[{"name":"wp","href":"https:\/\/api.w.org\/{rel}","templated":true}]}}