{"id":33505,"date":"2024-10-31T10:07:05","date_gmt":"2024-10-31T16:07:05","guid":{"rendered":"https:\/\/contextoanalisisperiodistico.com\/index.php\/2024\/10\/31\/recibe-martinez-neri-panteon-san-miguel-en-optimas-condiciones-previo-a-festividades-dia-de-muertos\/"},"modified":"2024-10-31T10:07:05","modified_gmt":"2024-10-31T16:07:05","slug":"recibe-martinez-neri-panteon-san-miguel-en-optimas-condiciones-previo-a-festividades-dia-de-muertos","status":"publish","type":"post","link":"https:\/\/contextoanalisisperiodistico.com\/index.php\/2024\/10\/31\/recibe-martinez-neri-panteon-san-miguel-en-optimas-condiciones-previo-a-festividades-dia-de-muertos\/","title":{"rendered":"Recibe Mart\u00ednez Neri Pante\u00f3n San Miguel en \u00f3ptimas condiciones previo a festividades D\u00eda de Muertos"},"content":{"rendered":"<div id=\"fb-root\"><\/div>\n\n<p class=\"MsoNormal\">&nbsp;<\/p>\n\n\n\n<ul class=\"wp-block-list\">\n<li><em>\u00a0Actualmente y hasta el 2 de noviembre, el recinto f\u00fanebre abre sus puertas al p\u00fablico en general en un horario de 07:00 a 22:00 horas<\/em><\/li>\n<\/ul>\n\n\n\n<p class=\"MsoNormal\">&nbsp;<\/p>\n\n\n\n<p class=\"MsoNormal\">Oaxaca de Ju\u00e1rez, Oaxaca, a 30 de octubre de 2024.- En el marco de las festividades de D\u00eda de Muertos, el Presidente Municipal, Francisco Mart\u00ednez Neri, recibi\u00f3 de manera simb\u00f3lica, las instalaciones del Pante\u00f3n San Miguel, esto tras constatar los trabajos de limpieza general realizados por colaboradoras y colaboradores adscritos a la Unidad de Panteones.&nbsp;<\/p>\n\n\n\n<p class=\"MsoNormal\">&nbsp;<\/p>\n\n\n\n<p class=\"MsoNormal\">En ese sentido se detall\u00f3 que, actualmente y hasta el 2 de noviembre, el recinto f\u00fanebre abre sus puertas al p\u00fablico en general en un horario de 07:00 a 22:00 horas, contando en todo momento con el apoyo del personal operativo del Ayuntamiento.&nbsp;<\/p>\n\n\n\n<p class=\"MsoNormal\">&nbsp;<\/p>\n\n\n\n<p class=\"MsoNormal\">\u201cQuiero agradecerles y reconocerles por su trabajo; decirles que gracias a eso estamos entregando a la sociedad oaxaque\u00f1a, a nuestras hermanas y hermanos que tienen aqu\u00ed a alg\u00fan familiar, un lugar que se ha dignificado much\u00edsimo, no solo por la labor diaria que han realizado, sino por los trabajos que se han emprendido desde la federaci\u00f3n en t\u00e9rminos de restauraci\u00f3n\u201d, comparti\u00f3 el edil.<\/p>\n\n\n\n<p class=\"MsoNormal\">&nbsp;<\/p>\n\n\n\n<p class=\"MsoNormal\">Cabe destacar que, como parte del programa municipal \u201cOaxaca siempre vive, nunca muere\u201d, el camposanto ser\u00e1 sede del concierto de R\u00e9quiem de Gabriel de Faur\u00e9, a cargo del Coro de la Ciudad de Oaxaca y que se llevar\u00e1 a cabo el viernes 1 de noviembre a las 18:00 horas.<\/p>\n\n\n\n<p class=\"MsoNormal\">&nbsp;<\/p>\n\n\n\n<p class=\"MsoNormal\">Asimismo, ese d\u00eda se tiene previsto el encendido de veladoras en nichos del pante\u00f3n a trav\u00e9s de la actividad \u201cUna luz para no olvidar\u201d.&nbsp;&nbsp;<\/p>\n\n\n\n<p class=\"MsoNormal\">&nbsp;<\/p>\n\n\n\n<p class=\"MsoNormal\">Posteriormente, se tiene programada la conferencia \u201cArquitectura y monumentos funerarios del Pante\u00f3n San Miguel\u201d, que se realizar\u00e1 el 2 de noviembre a las 12:00 horas.&nbsp;&nbsp;&nbsp;<\/p>\n\n\n\n<p class=\"MsoNormal\">&nbsp;<\/p>\n\n\n\n<p class=\"MsoNormal\">Al evento de entrega del Pante\u00f3n San Miguel acudieron concejales, as\u00ed como Guadalupe Samanta Cruz Ruiz, encargada de la Secretar\u00eda de Servicios Municipales; Getseman\u00ed G\u00f3mez Mart\u00ednez, Jefa de la Unidad de Panteones y, Dagoberto Hern\u00e1ndez Cruz, encargado del Pante\u00f3n General.<\/p>\n\n\n\n<p class=\"MsoNormal\">&nbsp;<\/p>\n\n\n\n<figure class=\"wp-block-image size-large\"><img fetchpriority=\"high\" decoding=\"async\" width=\"1024\" height=\"683\" src=\"https:\/\/contextoanalisisperiodistico.com\/wp-content\/uploads\/2024\/10\/ftblt311024287295285717259948733807-1024x683.jpg\" alt=\"\" class=\"wp-image-33502\" srcset=\"https:\/\/contextoanalisisperiodistico.com\/wp-content\/uploads\/2024\/10\/ftblt311024287295285717259948733807-1024x683.jpg 1024w, https:\/\/contextoanalisisperiodistico.com\/wp-content\/uploads\/2024\/10\/ftblt311024287295285717259948733807-300x200.jpg 300w, https:\/\/contextoanalisisperiodistico.com\/wp-content\/uploads\/2024\/10\/ftblt311024287295285717259948733807-768x512.jpg 768w, https:\/\/contextoanalisisperiodistico.com\/wp-content\/uploads\/2024\/10\/ftblt311024287295285717259948733807-1536x1025.jpg 1536w, https:\/\/contextoanalisisperiodistico.com\/wp-content\/uploads\/2024\/10\/ftblt311024287295285717259948733807.jpg 2000w\" sizes=\"(max-width: 1024px) 100vw, 1024px\" \/><\/figure>\n\n\n\n<figure class=\"wp-block-image\"><img decoding=\"async\" width=\"1024\" height=\"683\" src=\"https:\/\/contextoanalisisperiodistico.com\/wp-content\/uploads\/2024\/10\/ftblt31102428329991932867315221575-1024x683.jpg\" alt=\"\" class=\"wp-image-33504\" srcset=\"https:\/\/contextoanalisisperiodistico.com\/wp-content\/uploads\/2024\/10\/ftblt31102428329991932867315221575-1024x683.jpg 1024w, https:\/\/contextoanalisisperiodistico.com\/wp-content\/uploads\/2024\/10\/ftblt31102428329991932867315221575-300x200.jpg 300w, https:\/\/contextoanalisisperiodistico.com\/wp-content\/uploads\/2024\/10\/ftblt31102428329991932867315221575-768x512.jpg 768w, https:\/\/contextoanalisisperiodistico.com\/wp-content\/uploads\/2024\/10\/ftblt31102428329991932867315221575-1536x1025.jpg 1536w, https:\/\/contextoanalisisperiodistico.com\/wp-content\/uploads\/2024\/10\/ftblt31102428329991932867315221575.jpg 2000w\" sizes=\"(max-width: 1024px) 100vw, 1024px\" \/><\/figure>\n\n\n\n<figure class=\"wp-block-image\"><img decoding=\"async\" width=\"1024\" height=\"683\" src=\"https:\/\/contextoanalisisperiodistico.com\/wp-content\/uploads\/2024\/10\/ftblt31102428429225710503796937145-1024x683.jpg\" alt=\"\" class=\"wp-image-33503\" srcset=\"https:\/\/contextoanalisisperiodistico.com\/wp-content\/uploads\/2024\/10\/ftblt31102428429225710503796937145-1024x683.jpg 1024w, https:\/\/contextoanalisisperiodistico.com\/wp-content\/uploads\/2024\/10\/ftblt31102428429225710503796937145-300x200.jpg 300w, https:\/\/contextoanalisisperiodistico.com\/wp-content\/uploads\/2024\/10\/ftblt31102428429225710503796937145-768x512.jpg 768w, https:\/\/contextoanalisisperiodistico.com\/wp-content\/uploads\/2024\/10\/ftblt31102428429225710503796937145-1536x1025.jpg 1536w, https:\/\/contextoanalisisperiodistico.com\/wp-content\/uploads\/2024\/10\/ftblt31102428429225710503796937145.jpg 2000w\" sizes=\"(max-width: 1024px) 100vw, 1024px\" \/><\/figure>\n\n\n\n<figure class=\"wp-block-image\"><img loading=\"lazy\" decoding=\"async\" width=\"300\" height=\"203\" src=\"https:\/\/contextoanalisisperiodistico.com\/wp-content\/uploads\/2024\/10\/img_20241031_094948586161635560743053-300x203.jpg\" alt=\"\" class=\"wp-image-33501\" srcset=\"https:\/\/contextoanalisisperiodistico.com\/wp-content\/uploads\/2024\/10\/img_20241031_094948586161635560743053-300x203.jpg 300w, https:\/\/contextoanalisisperiodistico.com\/wp-content\/uploads\/2024\/10\/img_20241031_094948586161635560743053.jpg 720w\" sizes=\"(max-width: 300px) 100vw, 300px\" \/><\/figure>\n","protected":false},"excerpt":{"rendered":"<p>&nbsp; &nbsp; Oaxaca de Ju\u00e1rez, Oaxaca, a 30 de octubre de 2024.- En el marco&#8230;<\/p>\n","protected":false},"author":4,"featured_media":33500,"comment_status":"","ping_status":"open","sticky":false,"template":"","format":"standard","meta":{"footnotes":""},"categories":[9],"tags":[192,180,171,26,45],"jetpack_sharing_enabled":true,"featured_image_urls":{"full":["https:\/\/contextoanalisisperiodistico.com\/wp-content\/uploads\/2024\/10\/IMG_20241031_094858.jpg",720,485,false],"thumbnail":["https:\/\/contextoanalisisperiodistico.com\/wp-content\/uploads\/2024\/10\/IMG_20241031_094858-150x150.jpg",150,150,true],"medium":["https:\/\/contextoanalisisperiodistico.com\/wp-content\/uploads\/2024\/10\/IMG_20241031_094858-300x202.jpg",300,202,true],"medium_large":["https:\/\/contextoanalisisperiodistico.com\/wp-content\/uploads\/2024\/10\/IMG_20241031_094858.jpg",640,431,false],"large":["https:\/\/contextoanalisisperiodistico.com\/wp-content\/uploads\/2024\/10\/IMG_20241031_094858.jpg",640,431,false],"1536x1536":["https:\/\/contextoanalisisperiodistico.com\/wp-content\/uploads\/2024\/10\/IMG_20241031_094858.jpg",720,485,false],"2048x2048":["https:\/\/contextoanalisisperiodistico.com\/wp-content\/uploads\/2024\/10\/IMG_20241031_094858.jpg",720,485,false],"covernews-slider-full":["https:\/\/contextoanalisisperiodistico.com\/wp-content\/uploads\/2024\/10\/IMG_20241031_094858.jpg",720,485,false],"covernews-slider-center":["https:\/\/contextoanalisisperiodistico.com\/wp-content\/uploads\/2024\/10\/IMG_20241031_094858.jpg",720,485,false],"covernews-featured":["https:\/\/contextoanalisisperiodistico.com\/wp-content\/uploads\/2024\/10\/IMG_20241031_094858.jpg",720,485,false],"covernews-medium":["https:\/\/contextoanalisisperiodistico.com\/wp-content\/uploads\/2024\/10\/IMG_20241031_094858-540x340.jpg",540,340,true],"covernews-medium-square":["https:\/\/contextoanalisisperiodistico.com\/wp-content\/uploads\/2024\/10\/IMG_20241031_094858-400x250.jpg",400,250,true]},"author_info":{"display_name":"Mario Gir\u00f3n","author_link":"https:\/\/contextoanalisisperiodistico.com\/index.php\/author\/director\/"},"category_info":"<a href=\"https:\/\/contextoanalisisperiodistico.com\/index.php\/category\/politica\/\" rel=\"category tag\">Pol\u00edtica<\/a>","tag_info":"Pol\u00edtica","comment_count":"0","jetpack_featured_media_url":"https:\/\/contextoanalisisperiodistico.com\/wp-content\/uploads\/2024\/10\/IMG_20241031_094858.jpg","_links":{"self":[{"href":"https:\/\/contextoanalisisperiodistico.com\/index.php\/wp-json\/wp\/v2\/posts\/33505"}],"collection":[{"href":"https:\/\/contextoanalisisperiodistico.com\/index.php\/wp-json\/wp\/v2\/posts"}],"about":[{"href":"https:\/\/contextoanalisisperiodistico.com\/index.php\/wp-json\/wp\/v2\/types\/post"}],"author":[{"embeddable":true,"href":"https:\/\/contextoanalisisperiodistico.com\/index.php\/wp-json\/wp\/v2\/users\/4"}],"replies":[{"embeddable":true,"href":"https:\/\/contextoanalisisperiodistico.com\/index.php\/wp-json\/wp\/v2\/comments?post=33505"}],"version-history":[{"count":0,"href":"https:\/\/contextoanalisisperiodistico.com\/index.php\/wp-json\/wp\/v2\/posts\/33505\/revisions"}],"wp:featuredmedia":[{"embeddable":true,"href":"https:\/\/contextoanalisisperiodistico.com\/index.php\/wp-json\/wp\/v2\/media\/33500"}],"wp:attachment":[{"href":"https:\/\/contextoanalisisperiodistico.com\/index.php\/wp-json\/wp\/v2\/media?parent=33505"}],"wp:term":[{"taxonomy":"category","embeddable":true,"href":"https:\/\/contextoanalisisperiodistico.com\/index.php\/wp-json\/wp\/v2\/categories?post=33505"},{"taxonomy":"post_tag","embeddable":true,"href":"https:\/\/contextoanalisisperiodistico.com\/index.php\/wp-json\/wp\/v2\/tags?post=33505"}],"curies":[{"name":"wp","href":"https:\/\/api.w.org\/{rel}","templated":true}]}}