{"id":33448,"date":"2024-10-29T19:16:54","date_gmt":"2024-10-30T01:16:54","guid":{"rendered":"https:\/\/contextoanalisisperiodistico.com\/index.php\/2024\/10\/29\/sin-validez-oficio-que-circula-con-dias-de-asueto-autorizados-para-la-base-trabajadora-de-sso-imss-bienestar\/"},"modified":"2024-10-29T19:16:54","modified_gmt":"2024-10-30T01:16:54","slug":"sin-validez-oficio-que-circula-con-dias-de-asueto-autorizados-para-la-base-trabajadora-de-sso-imss-bienestar","status":"publish","type":"post","link":"https:\/\/contextoanalisisperiodistico.com\/index.php\/2024\/10\/29\/sin-validez-oficio-que-circula-con-dias-de-asueto-autorizados-para-la-base-trabajadora-de-sso-imss-bienestar\/","title":{"rendered":"Sin validez, oficio que circula con d\u00edas de asueto autorizados para la base trabajadora de SSO- IMSS-Bienestar"},"content":{"rendered":"<div id=\"fb-root\"><\/div>\n\n<p>Servicios de Salud de Oaxaca (SSO) &#8211; IMSS-Bienestar informan que no han emitido un documento oficial respecto a d\u00edas de asueto para personal transferido y no transferido por la temporada de D\u00eda de Muertos y que el oficio que circula en las redes sociales, se\u00f1alando los d\u00edas 30, 31 de octubre y 1 de noviembre como inh\u00e1biles de manera escalonada a quienes laboran en estas instituciones, no tiene validez.<\/p>\n\n\n\n<p>En este sentido, SSO-IMSS-Bienestar se\u00f1ala que emitir\u00e1n la calendarizaci\u00f3n correspondiente a trav\u00e9s de un comunicado, en donde seguir\u00e1n un lineamiento conjunto de fechas y evitar as\u00ed situaciones que generen confusi\u00f3n.<\/p>\n\n\n\n<p>Por ello, se invita a quienes laboran en estas instituciones no abandonar sus horarios de trabajo, con el fin de evitar sanciones y cubrir el horario laboral correspondiente, as\u00ed como seguir las indicaciones y comunicados que se emitan desde las instancias oficiales correspondientes.<\/p>\n\n\n\n<p>-0-<\/p>\n","protected":false},"excerpt":{"rendered":"<p>Servicios de Salud de Oaxaca (SSO) &#8211; IMSS-Bienestar informan que no han emitido un documento&#8230;<\/p>\n","protected":false},"author":4,"featured_media":33447,"comment_status":"","ping_status":"open","sticky":false,"template":"","format":"standard","meta":{"footnotes":""},"categories":[9],"tags":[],"jetpack_sharing_enabled":true,"featured_image_urls":{"full":["https:\/\/contextoanalisisperiodistico.com\/wp-content\/uploads\/2024\/10\/IMG-20241007-WA0094-2.jpg",1024,1024,false],"thumbnail":["https:\/\/contextoanalisisperiodistico.com\/wp-content\/uploads\/2024\/10\/IMG-20241007-WA0094-2-150x150.jpg",150,150,true],"medium":["https:\/\/contextoanalisisperiodistico.com\/wp-content\/uploads\/2024\/10\/IMG-20241007-WA0094-2-300x300.jpg",300,300,true],"medium_large":["https:\/\/contextoanalisisperiodistico.com\/wp-content\/uploads\/2024\/10\/IMG-20241007-WA0094-2-768x768.jpg",640,640,true],"large":["https:\/\/contextoanalisisperiodistico.com\/wp-content\/uploads\/2024\/10\/IMG-20241007-WA0094-2.jpg",640,640,false],"1536x1536":["https:\/\/contextoanalisisperiodistico.com\/wp-content\/uploads\/2024\/10\/IMG-20241007-WA0094-2.jpg",1024,1024,false],"2048x2048":["https:\/\/contextoanalisisperiodistico.com\/wp-content\/uploads\/2024\/10\/IMG-20241007-WA0094-2.jpg",1024,1024,false],"covernews-slider-full":["https:\/\/contextoanalisisperiodistico.com\/wp-content\/uploads\/2024\/10\/IMG-20241007-WA0094-2-1024x715.jpg",1024,715,true],"covernews-slider-center":["https:\/\/contextoanalisisperiodistico.com\/wp-content\/uploads\/2024\/10\/IMG-20241007-WA0094-2-800x500.jpg",800,500,true],"covernews-featured":["https:\/\/contextoanalisisperiodistico.com\/wp-content\/uploads\/2024\/10\/IMG-20241007-WA0094-2.jpg",1024,1024,false],"covernews-medium":["https:\/\/contextoanalisisperiodistico.com\/wp-content\/uploads\/2024\/10\/IMG-20241007-WA0094-2-540x340.jpg",540,340,true],"covernews-medium-square":["https:\/\/contextoanalisisperiodistico.com\/wp-content\/uploads\/2024\/10\/IMG-20241007-WA0094-2-400x250.jpg",400,250,true]},"author_info":{"display_name":"Mario Gir\u00f3n","author_link":"https:\/\/contextoanalisisperiodistico.com\/index.php\/author\/director\/"},"category_info":"<a href=\"https:\/\/contextoanalisisperiodistico.com\/index.php\/category\/politica\/\" rel=\"category tag\">Pol\u00edtica<\/a>","tag_info":"Pol\u00edtica","comment_count":"0","jetpack_featured_media_url":"https:\/\/contextoanalisisperiodistico.com\/wp-content\/uploads\/2024\/10\/IMG-20241007-WA0094-2.jpg","_links":{"self":[{"href":"https:\/\/contextoanalisisperiodistico.com\/index.php\/wp-json\/wp\/v2\/posts\/33448"}],"collection":[{"href":"https:\/\/contextoanalisisperiodistico.com\/index.php\/wp-json\/wp\/v2\/posts"}],"about":[{"href":"https:\/\/contextoanalisisperiodistico.com\/index.php\/wp-json\/wp\/v2\/types\/post"}],"author":[{"embeddable":true,"href":"https:\/\/contextoanalisisperiodistico.com\/index.php\/wp-json\/wp\/v2\/users\/4"}],"replies":[{"embeddable":true,"href":"https:\/\/contextoanalisisperiodistico.com\/index.php\/wp-json\/wp\/v2\/comments?post=33448"}],"version-history":[{"count":0,"href":"https:\/\/contextoanalisisperiodistico.com\/index.php\/wp-json\/wp\/v2\/posts\/33448\/revisions"}],"wp:featuredmedia":[{"embeddable":true,"href":"https:\/\/contextoanalisisperiodistico.com\/index.php\/wp-json\/wp\/v2\/media\/33447"}],"wp:attachment":[{"href":"https:\/\/contextoanalisisperiodistico.com\/index.php\/wp-json\/wp\/v2\/media?parent=33448"}],"wp:term":[{"taxonomy":"category","embeddable":true,"href":"https:\/\/contextoanalisisperiodistico.com\/index.php\/wp-json\/wp\/v2\/categories?post=33448"},{"taxonomy":"post_tag","embeddable":true,"href":"https:\/\/contextoanalisisperiodistico.com\/index.php\/wp-json\/wp\/v2\/tags?post=33448"}],"curies":[{"name":"wp","href":"https:\/\/api.w.org\/{rel}","templated":true}]}}