{"id":33442,"date":"2024-10-29T16:59:02","date_gmt":"2024-10-29T22:59:02","guid":{"rendered":"https:\/\/contextoanalisisperiodistico.com\/index.php\/2024\/10\/29\/sego-vigilara-que-no-haya-impunidad-para-quien-lucre-con-la-lucha-social-tomando-casetas-de-peaje\/"},"modified":"2024-10-29T17:02:55","modified_gmt":"2024-10-29T23:02:55","slug":"sego-vigilara-que-no-haya-impunidad-para-quien-lucre-con-la-lucha-social-tomando-casetas-de-peaje","status":"publish","type":"post","link":"https:\/\/contextoanalisisperiodistico.com\/index.php\/2024\/10\/29\/sego-vigilara-que-no-haya-impunidad-para-quien-lucre-con-la-lucha-social-tomando-casetas-de-peaje\/","title":{"rendered":"Sego vigilar\u00e1 la no&nbsp; impunidad para quien lucre tomando casetas de peaje&nbsp;"},"content":{"rendered":"<div id=\"fb-root\"><\/div>\n\n<p>\u2022 Asegura Secretario de Gobierno que la lucha social no debe mezclarse con dichas pr\u00e1cticas que debemos erradicar en la entidad<\/p>\n\n\n\n<p>Oaxaca de Ju\u00e1rez, Oax. 29 de octubre de 2024.- Luego de que un grupo de 38 personas fueran detenidas por tomar casetas de peaje en Oaxaca, sin ning\u00fan argumento s\u00f3lido, condicionando el paso a cambio de dinero y con dudosa procedencia, el secretario de Gobierno Jes\u00fas Romero L\u00f3pez inform\u00f3 que dicho grupo ya se encuentra haciendo frente a procesos que requieren las instancias correspondientes por estas acciones.<\/p>\n\n\n\n<p>El encargado de la pol\u00edtica interna detall\u00f3 que las personas fueron detenidas luego de que se realizara un operativo por parte de la Polic\u00eda Estatal, a petici\u00f3n de una instancia perteneciente al Banco Nacional de Obras y Servicios P\u00fablicos (Banobras), luego de que se detect\u00f3 a un grupo de personas que hab\u00eda realizado 11 tomas de casetas de peaje.<\/p>\n\n\n\n<p>La agrupaci\u00f3n daba paso condicionado a las y los automovilistas por un pago de 100 pesos, quienes de acuerdo con los Delegados de Paz de la Secretar\u00eda de Gobierno no se identificaban con alguna organizaci\u00f3n social.<\/p>\n\n\n\n<p>Romero L\u00f3pez dijo que dichas personas rechazaban la atenci\u00f3n o alguna mesa de di\u00e1logo propuesta con alguna instituci\u00f3n federal o estatal; por el contrario, argumentaban la recuperaci\u00f3n de sus recursos para sus supuestas colonias.<\/p>\n\n\n\n<p>Detall\u00f3 que de agosto a octubre se han presentado 19 tomas en la caseta de Huitzo y Suchixtlahuaca por este grupo de personas, representando para ellos un ingreso de poco m\u00e1s de 4 millones de pesos.<\/p>\n\n\n\n<p>\u201cEsto es un delito grave, incluso hubo una reforma a nivel nacional, ya que se detectaron c\u00e9lulas que operaban de esta manera; nosotros detectamos en el primer semestre del a\u00f1o, a personas que ven\u00edan con autobuses de Puebla a tomar casetas de Oaxaca, habr\u00eda que distinguir la lucha social de esto\u201d, afirm\u00f3.<\/p>\n\n\n\n<p>\u201cEsto es un negocio y est\u00e1n detenidos ante la Fiscal\u00eda General de la Rep\u00fablica y lo que sabemos es que la instituci\u00f3n responsable que pertenece a Banobras ir\u00e1 hasta las \u00faltimas consecuencias, que sirva de ejemplo que es incorrecto y no habr\u00e1 impunidad en Oaxaca, finaliz\u00f3.<\/p>\n\n\n\n<p>-0-<\/p>\n\n\n\n<figure class=\"wp-block-image size-large\"><img fetchpriority=\"high\" decoding=\"async\" width=\"1024\" height=\"576\" src=\"https:\/\/contextoanalisisperiodistico.com\/wp-content\/uploads\/2024\/10\/img-20241029-wa01723249049548705112620-1024x576.jpg\" alt=\"\" class=\"wp-image-33441\" srcset=\"https:\/\/contextoanalisisperiodistico.com\/wp-content\/uploads\/2024\/10\/img-20241029-wa01723249049548705112620-1024x576.jpg 1024w, https:\/\/contextoanalisisperiodistico.com\/wp-content\/uploads\/2024\/10\/img-20241029-wa01723249049548705112620-300x169.jpg 300w, https:\/\/contextoanalisisperiodistico.com\/wp-content\/uploads\/2024\/10\/img-20241029-wa01723249049548705112620-768x432.jpg 768w, https:\/\/contextoanalisisperiodistico.com\/wp-content\/uploads\/2024\/10\/img-20241029-wa01723249049548705112620.jpg 1500w\" sizes=\"(max-width: 1024px) 100vw, 1024px\" \/><\/figure>\n","protected":false},"excerpt":{"rendered":"<p>\u2022 Asegura Secretario de Gobierno que la lucha social no debe mezclarse con dichas pr\u00e1cticas&#8230;<\/p>\n","protected":false},"author":4,"featured_media":33440,"comment_status":"closed","ping_status":"open","sticky":false,"template":"","format":"standard","meta":{"footnotes":""},"categories":[9],"tags":[],"jetpack_sharing_enabled":true,"featured_image_urls":{"full":["https:\/\/contextoanalisisperiodistico.com\/wp-content\/uploads\/2024\/10\/IMG-20241029-WA0171.jpg",1500,844,false],"thumbnail":["https:\/\/contextoanalisisperiodistico.com\/wp-content\/uploads\/2024\/10\/IMG-20241029-WA0171-150x150.jpg",150,150,true],"medium":["https:\/\/contextoanalisisperiodistico.com\/wp-content\/uploads\/2024\/10\/IMG-20241029-WA0171-300x169.jpg",300,169,true],"medium_large":["https:\/\/contextoanalisisperiodistico.com\/wp-content\/uploads\/2024\/10\/IMG-20241029-WA0171-768x432.jpg",640,360,true],"large":["https:\/\/contextoanalisisperiodistico.com\/wp-content\/uploads\/2024\/10\/IMG-20241029-WA0171-1024x576.jpg",640,360,true],"1536x1536":["https:\/\/contextoanalisisperiodistico.com\/wp-content\/uploads\/2024\/10\/IMG-20241029-WA0171.jpg",1500,844,false],"2048x2048":["https:\/\/contextoanalisisperiodistico.com\/wp-content\/uploads\/2024\/10\/IMG-20241029-WA0171.jpg",1500,844,false],"covernews-slider-full":["https:\/\/contextoanalisisperiodistico.com\/wp-content\/uploads\/2024\/10\/IMG-20241029-WA0171-1115x715.jpg",1115,715,true],"covernews-slider-center":["https:\/\/contextoanalisisperiodistico.com\/wp-content\/uploads\/2024\/10\/IMG-20241029-WA0171-800x500.jpg",800,500,true],"covernews-featured":["https:\/\/contextoanalisisperiodistico.com\/wp-content\/uploads\/2024\/10\/IMG-20241029-WA0171-1024x576.jpg",1024,576,true],"covernews-medium":["https:\/\/contextoanalisisperiodistico.com\/wp-content\/uploads\/2024\/10\/IMG-20241029-WA0171-540x340.jpg",540,340,true],"covernews-medium-square":["https:\/\/contextoanalisisperiodistico.com\/wp-content\/uploads\/2024\/10\/IMG-20241029-WA0171-400x250.jpg",400,250,true]},"author_info":{"display_name":"Mario Gir\u00f3n","author_link":"https:\/\/contextoanalisisperiodistico.com\/index.php\/author\/director\/"},"category_info":"<a href=\"https:\/\/contextoanalisisperiodistico.com\/index.php\/category\/politica\/\" rel=\"category tag\">Pol\u00edtica<\/a>","tag_info":"Pol\u00edtica","comment_count":"0","jetpack_featured_media_url":"https:\/\/contextoanalisisperiodistico.com\/wp-content\/uploads\/2024\/10\/IMG-20241029-WA0171.jpg","_links":{"self":[{"href":"https:\/\/contextoanalisisperiodistico.com\/index.php\/wp-json\/wp\/v2\/posts\/33442"}],"collection":[{"href":"https:\/\/contextoanalisisperiodistico.com\/index.php\/wp-json\/wp\/v2\/posts"}],"about":[{"href":"https:\/\/contextoanalisisperiodistico.com\/index.php\/wp-json\/wp\/v2\/types\/post"}],"author":[{"embeddable":true,"href":"https:\/\/contextoanalisisperiodistico.com\/index.php\/wp-json\/wp\/v2\/users\/4"}],"replies":[{"embeddable":true,"href":"https:\/\/contextoanalisisperiodistico.com\/index.php\/wp-json\/wp\/v2\/comments?post=33442"}],"version-history":[{"count":1,"href":"https:\/\/contextoanalisisperiodistico.com\/index.php\/wp-json\/wp\/v2\/posts\/33442\/revisions"}],"predecessor-version":[{"id":33443,"href":"https:\/\/contextoanalisisperiodistico.com\/index.php\/wp-json\/wp\/v2\/posts\/33442\/revisions\/33443"}],"wp:featuredmedia":[{"embeddable":true,"href":"https:\/\/contextoanalisisperiodistico.com\/index.php\/wp-json\/wp\/v2\/media\/33440"}],"wp:attachment":[{"href":"https:\/\/contextoanalisisperiodistico.com\/index.php\/wp-json\/wp\/v2\/media?parent=33442"}],"wp:term":[{"taxonomy":"category","embeddable":true,"href":"https:\/\/contextoanalisisperiodistico.com\/index.php\/wp-json\/wp\/v2\/categories?post=33442"},{"taxonomy":"post_tag","embeddable":true,"href":"https:\/\/contextoanalisisperiodistico.com\/index.php\/wp-json\/wp\/v2\/tags?post=33442"}],"curies":[{"name":"wp","href":"https:\/\/api.w.org\/{rel}","templated":true}]}}