{"id":33439,"date":"2024-10-29T16:21:47","date_gmt":"2024-10-29T22:21:47","guid":{"rendered":"https:\/\/contextoanalisisperiodistico.com\/index.php\/2024\/10\/29\/invitan-disfrutar-del-altar-monumental-en-palacio-de-gobierno\/"},"modified":"2024-10-29T16:21:47","modified_gmt":"2024-10-29T22:21:47","slug":"invitan-disfrutar-del-altar-monumental-en-palacio-de-gobierno","status":"publish","type":"post","link":"https:\/\/contextoanalisisperiodistico.com\/index.php\/2024\/10\/29\/invitan-disfrutar-del-altar-monumental-en-palacio-de-gobierno\/","title":{"rendered":"Invitan disfrutar del altar monumental en Palacio de Gobierno"},"content":{"rendered":"<div id=\"fb-root\"><\/div>\n\n<p>\u2022 Las familias pueden admirar esta exposici\u00f3n de 9:00 a 21:00 horas<\/p>\n\n\n\n<figure class=\"wp-block-image size-large\"><img fetchpriority=\"high\" decoding=\"async\" width=\"900\" height=\"600\" src=\"https:\/\/contextoanalisisperiodistico.com\/wp-content\/uploads\/2024\/10\/img-20241029-wa01615389472474295369201.jpg\" alt=\"\" class=\"wp-image-33436\" srcset=\"https:\/\/contextoanalisisperiodistico.com\/wp-content\/uploads\/2024\/10\/img-20241029-wa01615389472474295369201.jpg 900w, https:\/\/contextoanalisisperiodistico.com\/wp-content\/uploads\/2024\/10\/img-20241029-wa01615389472474295369201-300x200.jpg 300w, https:\/\/contextoanalisisperiodistico.com\/wp-content\/uploads\/2024\/10\/img-20241029-wa01615389472474295369201-768x512.jpg 768w\" sizes=\"(max-width: 900px) 100vw, 900px\" \/><\/figure>\n\n\n\n<figure class=\"wp-block-image\"><img decoding=\"async\" width=\"200\" height=\"300\" src=\"https:\/\/contextoanalisisperiodistico.com\/wp-content\/uploads\/2024\/10\/img-20241029-wa01646652022193067803657-200x300.jpg\" alt=\"\" class=\"wp-image-33437\" srcset=\"https:\/\/contextoanalisisperiodistico.com\/wp-content\/uploads\/2024\/10\/img-20241029-wa01646652022193067803657-200x300.jpg 200w, https:\/\/contextoanalisisperiodistico.com\/wp-content\/uploads\/2024\/10\/img-20241029-wa01646652022193067803657.jpg 600w\" sizes=\"(max-width: 200px) 100vw, 200px\" \/><\/figure>\n\n\n\n<figure class=\"wp-block-image\"><img decoding=\"async\" width=\"300\" height=\"200\" src=\"https:\/\/contextoanalisisperiodistico.com\/wp-content\/uploads\/2024\/10\/img-20241029-wa01627239880464105800595-300x200.jpg\" alt=\"\" class=\"wp-image-33438\" srcset=\"https:\/\/contextoanalisisperiodistico.com\/wp-content\/uploads\/2024\/10\/img-20241029-wa01627239880464105800595-300x200.jpg 300w, https:\/\/contextoanalisisperiodistico.com\/wp-content\/uploads\/2024\/10\/img-20241029-wa01627239880464105800595-768x512.jpg 768w, https:\/\/contextoanalisisperiodistico.com\/wp-content\/uploads\/2024\/10\/img-20241029-wa01627239880464105800595.jpg 900w\" sizes=\"(max-width: 300px) 100vw, 300px\" \/><\/figure>\n\n\n\n<p>Oaxaca de Ju\u00e1rez, Oax. 29 de octubre de 2024.- Con una ofrenda de frutas como j\u00edcamas, calabazas y cacahuates colocados sobre papel picado, el altar monumental ubicado en Palacio de Gobierno comparte con las y los oaxaque\u00f1os, as\u00ed como visitantes nacionales y extranjeros, la festividad del D\u00eda de Muertos.<\/p>\n\n\n\n<p>Este espacio al cual se invita a disfrutar, se encuentra abierto al p\u00fablico a partir de este lunes, en un horario de 9:00 a 21:00 horas.<\/p>\n\n\n\n<p>La representaci\u00f3n de una colorida calenda con festivas calaveras de papel mach\u00e9 en tama\u00f1o real, que representan a las ocho regiones de Oaxaca, forman parte de esta presentaci\u00f3n que comparte la cultura y tradiciones de los pueblos, donde reina la m\u00fasica y el folclor.<\/p>\n\n\n\n<p>En esta obra que plasma la tradici\u00f3n mexicana, 700 macetas de flor de cempas\u00fachil adornan el lugar para guiar, junto con las velas que tambi\u00e9n est\u00e1n colocadas en los siete escalones que conforman la estructura, las almas de quienes regresan del m\u00e1s all\u00e1.<\/p>\n\n\n\n<p>En los costados tambi\u00e9n se puede apreciar dos tapetes de arena que muestran la imagen de las v\u00edrgenes de la Soledad y de Juquila, veneradas mayormente en Oaxaca.<\/p>\n\n\n\n<p>Quienes asistan tambi\u00e9n podr\u00e1n disfrutar de la Exposici\u00f3n fotogr\u00e1fica de leyendas que comparten algunas historias urbanas populares de la entidad como La carreta de la muerte, Las monjas de los Siete Pr\u00edncipes, La viuda que tom\u00f3 el taxi, entre otras.<\/p>\n\n\n\n<p>De esta manera, se invita a las familias a que visiten este altar monumental que comparte el festejo de las y los oaxaque\u00f1as en la tradicional festividad del D\u00eda de Muertos.<\/p>\n\n\n\n<p>-0-<\/p>\n","protected":false},"excerpt":{"rendered":"<p>\u2022 Las familias pueden admirar esta exposici\u00f3n de 9:00 a 21:00 horas Oaxaca de Ju\u00e1rez,&#8230;<\/p>\n","protected":false},"author":4,"featured_media":33435,"comment_status":"","ping_status":"open","sticky":false,"template":"","format":"standard","meta":{"footnotes":""},"categories":[3],"tags":[],"jetpack_sharing_enabled":true,"featured_image_urls":{"full":["https:\/\/contextoanalisisperiodistico.com\/wp-content\/uploads\/2024\/10\/IMG-20241029-WA0163.jpg",900,600,false],"thumbnail":["https:\/\/contextoanalisisperiodistico.com\/wp-content\/uploads\/2024\/10\/IMG-20241029-WA0163-150x150.jpg",150,150,true],"medium":["https:\/\/contextoanalisisperiodistico.com\/wp-content\/uploads\/2024\/10\/IMG-20241029-WA0163-300x200.jpg",300,200,true],"medium_large":["https:\/\/contextoanalisisperiodistico.com\/wp-content\/uploads\/2024\/10\/IMG-20241029-WA0163-768x512.jpg",640,427,true],"large":["https:\/\/contextoanalisisperiodistico.com\/wp-content\/uploads\/2024\/10\/IMG-20241029-WA0163.jpg",640,427,false],"1536x1536":["https:\/\/contextoanalisisperiodistico.com\/wp-content\/uploads\/2024\/10\/IMG-20241029-WA0163.jpg",900,600,false],"2048x2048":["https:\/\/contextoanalisisperiodistico.com\/wp-content\/uploads\/2024\/10\/IMG-20241029-WA0163.jpg",900,600,false],"covernews-slider-full":["https:\/\/contextoanalisisperiodistico.com\/wp-content\/uploads\/2024\/10\/IMG-20241029-WA0163.jpg",900,600,false],"covernews-slider-center":["https:\/\/contextoanalisisperiodistico.com\/wp-content\/uploads\/2024\/10\/IMG-20241029-WA0163-800x500.jpg",800,500,true],"covernews-featured":["https:\/\/contextoanalisisperiodistico.com\/wp-content\/uploads\/2024\/10\/IMG-20241029-WA0163.jpg",900,600,false],"covernews-medium":["https:\/\/contextoanalisisperiodistico.com\/wp-content\/uploads\/2024\/10\/IMG-20241029-WA0163-540x340.jpg",540,340,true],"covernews-medium-square":["https:\/\/contextoanalisisperiodistico.com\/wp-content\/uploads\/2024\/10\/IMG-20241029-WA0163-400x250.jpg",400,250,true]},"author_info":{"display_name":"Mario Gir\u00f3n","author_link":"https:\/\/contextoanalisisperiodistico.com\/index.php\/author\/director\/"},"category_info":"<a href=\"https:\/\/contextoanalisisperiodistico.com\/index.php\/category\/ciudad\/\" rel=\"category tag\">Ciudad<\/a>","tag_info":"Ciudad","comment_count":"0","jetpack_featured_media_url":"https:\/\/contextoanalisisperiodistico.com\/wp-content\/uploads\/2024\/10\/IMG-20241029-WA0163.jpg","_links":{"self":[{"href":"https:\/\/contextoanalisisperiodistico.com\/index.php\/wp-json\/wp\/v2\/posts\/33439"}],"collection":[{"href":"https:\/\/contextoanalisisperiodistico.com\/index.php\/wp-json\/wp\/v2\/posts"}],"about":[{"href":"https:\/\/contextoanalisisperiodistico.com\/index.php\/wp-json\/wp\/v2\/types\/post"}],"author":[{"embeddable":true,"href":"https:\/\/contextoanalisisperiodistico.com\/index.php\/wp-json\/wp\/v2\/users\/4"}],"replies":[{"embeddable":true,"href":"https:\/\/contextoanalisisperiodistico.com\/index.php\/wp-json\/wp\/v2\/comments?post=33439"}],"version-history":[{"count":0,"href":"https:\/\/contextoanalisisperiodistico.com\/index.php\/wp-json\/wp\/v2\/posts\/33439\/revisions"}],"wp:featuredmedia":[{"embeddable":true,"href":"https:\/\/contextoanalisisperiodistico.com\/index.php\/wp-json\/wp\/v2\/media\/33435"}],"wp:attachment":[{"href":"https:\/\/contextoanalisisperiodistico.com\/index.php\/wp-json\/wp\/v2\/media?parent=33439"}],"wp:term":[{"taxonomy":"category","embeddable":true,"href":"https:\/\/contextoanalisisperiodistico.com\/index.php\/wp-json\/wp\/v2\/categories?post=33439"},{"taxonomy":"post_tag","embeddable":true,"href":"https:\/\/contextoanalisisperiodistico.com\/index.php\/wp-json\/wp\/v2\/tags?post=33439"}],"curies":[{"name":"wp","href":"https:\/\/api.w.org\/{rel}","templated":true}]}}