{"id":33428,"date":"2024-10-29T13:52:01","date_gmt":"2024-10-29T19:52:01","guid":{"rendered":"https:\/\/contextoanalisisperiodistico.com\/index.php\/2024\/10\/29\/despliega-sso-operativo-de-vigilancia-sanitaria-por-dia-de-muertos\/"},"modified":"2024-10-29T13:52:01","modified_gmt":"2024-10-29T19:52:01","slug":"despliega-sso-operativo-de-vigilancia-sanitaria-por-dia-de-muertos","status":"publish","type":"post","link":"https:\/\/contextoanalisisperiodistico.com\/index.php\/2024\/10\/29\/despliega-sso-operativo-de-vigilancia-sanitaria-por-dia-de-muertos\/","title":{"rendered":"Despliega SSO Operativo de Vigilancia Sanitaria por D\u00eda de Muertos"},"content":{"rendered":"<div id=\"fb-root\"><\/div>\n\n<p>\u2022 Del 28 de octubre al 2 de noviembre, personal verificador especializado visitar\u00e1 aproximadamente 200 establecimientos a los alrededores de panteones y verbenas<\/p>\n\n\n\n<figure class=\"wp-block-image size-large\"><img fetchpriority=\"high\" decoding=\"async\" width=\"675\" height=\"900\" src=\"https:\/\/contextoanalisisperiodistico.com\/wp-content\/uploads\/2024\/10\/img-20241029-wa01082041648082780053326.jpg\" alt=\"\" class=\"wp-image-33427\" srcset=\"https:\/\/contextoanalisisperiodistico.com\/wp-content\/uploads\/2024\/10\/img-20241029-wa01082041648082780053326.jpg 675w, https:\/\/contextoanalisisperiodistico.com\/wp-content\/uploads\/2024\/10\/img-20241029-wa01082041648082780053326-225x300.jpg 225w\" sizes=\"(max-width: 675px) 100vw, 675px\" \/><\/figure>\n\n\n\n<figure class=\"wp-block-image\"><img decoding=\"async\" width=\"300\" height=\"169\" src=\"https:\/\/contextoanalisisperiodistico.com\/wp-content\/uploads\/2024\/10\/img-20241029-wa01064071324240095199926-300x169.jpg\" alt=\"\" class=\"wp-image-33426\" srcset=\"https:\/\/contextoanalisisperiodistico.com\/wp-content\/uploads\/2024\/10\/img-20241029-wa01064071324240095199926-300x169.jpg 300w, https:\/\/contextoanalisisperiodistico.com\/wp-content\/uploads\/2024\/10\/img-20241029-wa01064071324240095199926-768x432.jpg 768w, https:\/\/contextoanalisisperiodistico.com\/wp-content\/uploads\/2024\/10\/img-20241029-wa01064071324240095199926.jpg 900w\" sizes=\"(max-width: 300px) 100vw, 300px\" \/><\/figure>\n\n\n\n<p>\u2022 Recomiendan a la poblaci\u00f3n emplear medidas higi\u00e9nicas<\/p>\n\n\n\n<p>Oaxaca de Ju\u00e1rez, Oax. 29 de octubre de 2024.- Como parte de la celebraci\u00f3n del D\u00eda de Muertos, Servicios de Salud de Oaxaca (SSO) a trav\u00e9s de la Direcci\u00f3n de Regulaci\u00f3n y Fomento Sanitario, despleg\u00f3 un operativo de vigilancia en los establecimientos que preparan o manipulan alimentos y bebidas, as\u00ed como los eventos gastron\u00f3micos masivos.<\/p>\n\n\n\n<p>La directora de la unidad, Andrea Ram\u00f3n Garc\u00eda dijo que, siguiendo la instrucci\u00f3n del Gobernador Salom\u00f3n Jara Cruz y del Encargado de Despacho de los SSO, Efr\u00e9n Emmanuel Jarqu\u00edn Gonz\u00e1lez, se busca prevenir riesgos y da\u00f1os a la salud de las personas visitantes locales, nacionales e internacionales durante esta celebraci\u00f3n que concluir\u00e1 el 2 de noviembre.<\/p>\n\n\n\n<p>Expuso que con base a la normatividad vigente se busca que cada persona que maneje o prepare alimentos cumpla con las buenas pr\u00e1cticas sanitarias en el proceso de la elaboraci\u00f3n de comida y bebidas, porte la indumentaria correspondiente como bata o mandil de color blanco, y emplee las medidas de higiene personal como u\u00f1as cortas al ras y sin pintura, usar cubrepelo, no portar anillos o aretes.<\/p>\n\n\n\n<p>Agreg\u00f3 que personal verificador especializado, acudir\u00e1 a diversos eventos para realizar la vigilancia sanitaria en aproximadamente 200 establecimientos, incluyendo de preparaci\u00f3n y expendio de pan y chocolate.<\/p>\n\n\n\n<p>Tambi\u00e9n realizar\u00e1n saneamiento b\u00e1sico en los panteones Jard\u00edn, General, y Exmarquezado de Oaxaca de Ju\u00e1rez; Las flores de Santa Luc\u00eda; pante\u00f3n Viejo y pante\u00f3n Mictlancihuatl de Santa Cruz Xoxocotl\u00e1n y sus alrededores.<\/p>\n\n\n\n<p>En la Feria del Pan y el Chocolate en la Plaza de la Danza, y un operativo en ferias y verbenas instaladas en la periferia de los panteones: General, Xoxocotl\u00e1n y Jard\u00edn los d\u00edas 1 y 2 de noviembre.<\/p>\n\n\n\n<p>La funcionaria, exhort\u00f3 a la poblaci\u00f3n que asiste a las festividades de los Fieles Difuntos para que tomen en cuenta las medidas higi\u00e9nicas como el lavado de manos con agua y jab\u00f3n antes de comer, despu\u00e9s de ir al ba\u00f1o y al cambiar el pa\u00f1al de un beb\u00e9, para prevenir enfermedades diarreicas y abrigarse ante las bajas temperaturas para protegerse de las infecciones respiratorias y no conducir bajo los efectos del alcohol para evitar accidentes.<br \/>-0-<\/p>\n","protected":false},"excerpt":{"rendered":"<p>\u2022 Del 28 de octubre al 2 de noviembre, personal verificador especializado visitar\u00e1 aproximadamente 200&#8230;<\/p>\n","protected":false},"author":4,"featured_media":33425,"comment_status":"","ping_status":"open","sticky":false,"template":"","format":"standard","meta":{"footnotes":""},"categories":[92],"tags":[],"jetpack_sharing_enabled":true,"featured_image_urls":{"full":["https:\/\/contextoanalisisperiodistico.com\/wp-content\/uploads\/2024\/10\/IMG-20241029-WA0105.jpg",675,900,false],"thumbnail":["https:\/\/contextoanalisisperiodistico.com\/wp-content\/uploads\/2024\/10\/IMG-20241029-WA0105-150x150.jpg",150,150,true],"medium":["https:\/\/contextoanalisisperiodistico.com\/wp-content\/uploads\/2024\/10\/IMG-20241029-WA0105-225x300.jpg",225,300,true],"medium_large":["https:\/\/contextoanalisisperiodistico.com\/wp-content\/uploads\/2024\/10\/IMG-20241029-WA0105.jpg",640,853,false],"large":["https:\/\/contextoanalisisperiodistico.com\/wp-content\/uploads\/2024\/10\/IMG-20241029-WA0105.jpg",640,853,false],"1536x1536":["https:\/\/contextoanalisisperiodistico.com\/wp-content\/uploads\/2024\/10\/IMG-20241029-WA0105.jpg",675,900,false],"2048x2048":["https:\/\/contextoanalisisperiodistico.com\/wp-content\/uploads\/2024\/10\/IMG-20241029-WA0105.jpg",675,900,false],"covernews-slider-full":["https:\/\/contextoanalisisperiodistico.com\/wp-content\/uploads\/2024\/10\/IMG-20241029-WA0105-675x715.jpg",675,715,true],"covernews-slider-center":["https:\/\/contextoanalisisperiodistico.com\/wp-content\/uploads\/2024\/10\/IMG-20241029-WA0105-675x500.jpg",675,500,true],"covernews-featured":["https:\/\/contextoanalisisperiodistico.com\/wp-content\/uploads\/2024\/10\/IMG-20241029-WA0105.jpg",675,900,false],"covernews-medium":["https:\/\/contextoanalisisperiodistico.com\/wp-content\/uploads\/2024\/10\/IMG-20241029-WA0105-540x340.jpg",540,340,true],"covernews-medium-square":["https:\/\/contextoanalisisperiodistico.com\/wp-content\/uploads\/2024\/10\/IMG-20241029-WA0105-400x250.jpg",400,250,true]},"author_info":{"display_name":"Mario Gir\u00f3n","author_link":"https:\/\/contextoanalisisperiodistico.com\/index.php\/author\/director\/"},"category_info":"<a href=\"https:\/\/contextoanalisisperiodistico.com\/index.php\/category\/salud\/\" rel=\"category tag\">Salud<\/a>","tag_info":"Salud","comment_count":"0","jetpack_featured_media_url":"https:\/\/contextoanalisisperiodistico.com\/wp-content\/uploads\/2024\/10\/IMG-20241029-WA0105.jpg","_links":{"self":[{"href":"https:\/\/contextoanalisisperiodistico.com\/index.php\/wp-json\/wp\/v2\/posts\/33428"}],"collection":[{"href":"https:\/\/contextoanalisisperiodistico.com\/index.php\/wp-json\/wp\/v2\/posts"}],"about":[{"href":"https:\/\/contextoanalisisperiodistico.com\/index.php\/wp-json\/wp\/v2\/types\/post"}],"author":[{"embeddable":true,"href":"https:\/\/contextoanalisisperiodistico.com\/index.php\/wp-json\/wp\/v2\/users\/4"}],"replies":[{"embeddable":true,"href":"https:\/\/contextoanalisisperiodistico.com\/index.php\/wp-json\/wp\/v2\/comments?post=33428"}],"version-history":[{"count":0,"href":"https:\/\/contextoanalisisperiodistico.com\/index.php\/wp-json\/wp\/v2\/posts\/33428\/revisions"}],"wp:featuredmedia":[{"embeddable":true,"href":"https:\/\/contextoanalisisperiodistico.com\/index.php\/wp-json\/wp\/v2\/media\/33425"}],"wp:attachment":[{"href":"https:\/\/contextoanalisisperiodistico.com\/index.php\/wp-json\/wp\/v2\/media?parent=33428"}],"wp:term":[{"taxonomy":"category","embeddable":true,"href":"https:\/\/contextoanalisisperiodistico.com\/index.php\/wp-json\/wp\/v2\/categories?post=33428"},{"taxonomy":"post_tag","embeddable":true,"href":"https:\/\/contextoanalisisperiodistico.com\/index.php\/wp-json\/wp\/v2\/tags?post=33428"}],"curies":[{"name":"wp","href":"https:\/\/api.w.org\/{rel}","templated":true}]}}