{"id":33423,"date":"2024-10-29T13:17:38","date_gmt":"2024-10-29T19:17:38","guid":{"rendered":"https:\/\/contextoanalisisperiodistico.com\/index.php\/2024\/10\/29\/capacitacion-a-concesionarias-y-operadoras-del-transporte-publico\/"},"modified":"2024-10-29T13:18:44","modified_gmt":"2024-10-29T19:18:44","slug":"capacitacion-a-concesionarias-y-operadoras-del-transporte-publico","status":"publish","type":"post","link":"https:\/\/contextoanalisisperiodistico.com\/index.php\/2024\/10\/29\/capacitacion-a-concesionarias-y-operadoras-del-transporte-publico\/","title":{"rendered":"Capacitan a operadoras y concesionarias del transporte p\u00fablico"},"content":{"rendered":"<div id=\"fb-root\"><\/div>\n\n<p>\u2022 Brinda Semovi conocimientos sobre Normatividad para una Movilidad Segura e Incluyente<\/p>\n\n\n\n<p>San Antonio de la Cal, Oax. 29 de octubre de 2024. Con el prop\u00f3sito de fortalecer las competencias de quienes integran el sistema de transporte p\u00fablico, la Secretar\u00eda de Movilidad (Semovi) impulsa un programa de capacitaci\u00f3n para promover conocimientos, conductas y h\u00e1bitos centrados en la protecci\u00f3n de las personas usuarias y seguridad vial.<\/p>\n\n\n\n<p>De enero a septiembre de este a\u00f1o, la Semovi imparti\u00f3 145 capacitaciones sobre Normatividad para una Movilidad Segura e Incluyente, en beneficio de 6 mil 954 personas concesionarias y operadoras del transporte p\u00fablico de diversas regiones del estado.<\/p>\n\n\n\n<p>Este programa tiene como objetivo que los conocimientos adquiridos se traduzcan en mejoras tangibles para el servicio de transporte que se ofrece a las personas usuarias en Oaxaca.<\/p>\n\n\n\n<p>Las capacitaciones abarcan temas fundamentales como desarrollo humano, perspectiva de g\u00e9nero, prevenci\u00f3n de violencia, cultura de la movilidad, seguridad vial y normatividad, lo que permite a quienes participan desarrollar habilidades esenciales para mejorar la calidad y seguridad del servicio de transporte.<\/p>\n\n\n\n<p>Se imparten en la sede de la dependencia en la colonia Reforma, en la capital del estado, los d\u00edas martes, mi\u00e9rcoles y jueves, y de forma masiva una vez al mes en las instalaciones de avenida Carlos Gracida, en el municipio de San Antonio de la Cal.<\/p>\n\n\n\n<p>En las distintas regiones del estado, se llevan a cabo dos veces al mes, de acuerdo con la solicitud de cada demarcaci\u00f3n.<\/p>\n\n\n\n<p>Este esfuerzo de formaci\u00f3n, contin\u00faa con el firme prop\u00f3sito de consolidar un servicio de transporte p\u00fablico m\u00e1s seguro, incluyente y eficiente, en beneficio de todas y todos los oaxaque\u00f1os.<\/p>\n\n\n\n<p>-0-<\/p>\n\n\n\n<figure class=\"wp-block-image size-large\"><img fetchpriority=\"high\" decoding=\"async\" width=\"900\" height=\"675\" src=\"https:\/\/contextoanalisisperiodistico.com\/wp-content\/uploads\/2024\/10\/img-20241029-wa01007060018838116246993.jpg\" alt=\"\" class=\"wp-image-33419\" srcset=\"https:\/\/contextoanalisisperiodistico.com\/wp-content\/uploads\/2024\/10\/img-20241029-wa01007060018838116246993.jpg 900w, https:\/\/contextoanalisisperiodistico.com\/wp-content\/uploads\/2024\/10\/img-20241029-wa01007060018838116246993-300x225.jpg 300w, https:\/\/contextoanalisisperiodistico.com\/wp-content\/uploads\/2024\/10\/img-20241029-wa01007060018838116246993-768x576.jpg 768w\" sizes=\"(max-width: 900px) 100vw, 900px\" \/><\/figure>\n\n\n\n<figure class=\"wp-block-image\"><img decoding=\"async\" width=\"300\" height=\"226\" src=\"https:\/\/contextoanalisisperiodistico.com\/wp-content\/uploads\/2024\/10\/img-20241029-wa00975989159029864868487-300x226.jpg\" alt=\"\" class=\"wp-image-33420\" srcset=\"https:\/\/contextoanalisisperiodistico.com\/wp-content\/uploads\/2024\/10\/img-20241029-wa00975989159029864868487-300x226.jpg 300w, https:\/\/contextoanalisisperiodistico.com\/wp-content\/uploads\/2024\/10\/img-20241029-wa00975989159029864868487-768x578.jpg 768w, https:\/\/contextoanalisisperiodistico.com\/wp-content\/uploads\/2024\/10\/img-20241029-wa00975989159029864868487.jpg 900w\" sizes=\"(max-width: 300px) 100vw, 300px\" \/><\/figure>\n\n\n\n<figure class=\"wp-block-image\"><img decoding=\"async\" width=\"1024\" height=\"768\" src=\"https:\/\/contextoanalisisperiodistico.com\/wp-content\/uploads\/2024\/10\/img-20241029-wa00998633231082396720376-1024x768.jpg\" alt=\"\" class=\"wp-image-33421\" srcset=\"https:\/\/contextoanalisisperiodistico.com\/wp-content\/uploads\/2024\/10\/img-20241029-wa00998633231082396720376-1024x768.jpg 1024w, https:\/\/contextoanalisisperiodistico.com\/wp-content\/uploads\/2024\/10\/img-20241029-wa00998633231082396720376-300x225.jpg 300w, https:\/\/contextoanalisisperiodistico.com\/wp-content\/uploads\/2024\/10\/img-20241029-wa00998633231082396720376-768x576.jpg 768w, https:\/\/contextoanalisisperiodistico.com\/wp-content\/uploads\/2024\/10\/img-20241029-wa00998633231082396720376.jpg 1280w\" sizes=\"(max-width: 1024px) 100vw, 1024px\" \/><\/figure>\n\n\n\n<figure class=\"wp-block-image\"><img loading=\"lazy\" decoding=\"async\" width=\"1024\" height=\"771\" src=\"https:\/\/contextoanalisisperiodistico.com\/wp-content\/uploads\/2024\/10\/img-20241029-wa0096673519257985711556-1024x771.jpg\" alt=\"\" class=\"wp-image-33422\" srcset=\"https:\/\/contextoanalisisperiodistico.com\/wp-content\/uploads\/2024\/10\/img-20241029-wa0096673519257985711556-1024x771.jpg 1024w, https:\/\/contextoanalisisperiodistico.com\/wp-content\/uploads\/2024\/10\/img-20241029-wa0096673519257985711556-300x226.jpg 300w, https:\/\/contextoanalisisperiodistico.com\/wp-content\/uploads\/2024\/10\/img-20241029-wa0096673519257985711556-768x578.jpg 768w, https:\/\/contextoanalisisperiodistico.com\/wp-content\/uploads\/2024\/10\/img-20241029-wa0096673519257985711556-1536x1156.jpg 1536w, https:\/\/contextoanalisisperiodistico.com\/wp-content\/uploads\/2024\/10\/img-20241029-wa0096673519257985711556.jpg 1600w\" sizes=\"(max-width: 1024px) 100vw, 1024px\" \/><\/figure>\n","protected":false},"excerpt":{"rendered":"<p>\u2022 Brinda Semovi conocimientos sobre Normatividad para una Movilidad Segura e Incluyente San Antonio de&#8230;<\/p>\n","protected":false},"author":4,"featured_media":33418,"comment_status":"closed","ping_status":"open","sticky":false,"template":"","format":"standard","meta":{"footnotes":""},"categories":[3],"tags":[],"jetpack_sharing_enabled":true,"featured_image_urls":{"full":["https:\/\/contextoanalisisperiodistico.com\/wp-content\/uploads\/2024\/10\/IMG-20241029-WA0098.jpg",1600,1204,false],"thumbnail":["https:\/\/contextoanalisisperiodistico.com\/wp-content\/uploads\/2024\/10\/IMG-20241029-WA0098-150x150.jpg",150,150,true],"medium":["https:\/\/contextoanalisisperiodistico.com\/wp-content\/uploads\/2024\/10\/IMG-20241029-WA0098-300x226.jpg",300,226,true],"medium_large":["https:\/\/contextoanalisisperiodistico.com\/wp-content\/uploads\/2024\/10\/IMG-20241029-WA0098-768x578.jpg",640,482,true],"large":["https:\/\/contextoanalisisperiodistico.com\/wp-content\/uploads\/2024\/10\/IMG-20241029-WA0098-1024x771.jpg",640,482,true],"1536x1536":["https:\/\/contextoanalisisperiodistico.com\/wp-content\/uploads\/2024\/10\/IMG-20241029-WA0098-1536x1156.jpg",1536,1156,true],"2048x2048":["https:\/\/contextoanalisisperiodistico.com\/wp-content\/uploads\/2024\/10\/IMG-20241029-WA0098.jpg",1600,1204,false],"covernews-slider-full":["https:\/\/contextoanalisisperiodistico.com\/wp-content\/uploads\/2024\/10\/IMG-20241029-WA0098-1115x715.jpg",1115,715,true],"covernews-slider-center":["https:\/\/contextoanalisisperiodistico.com\/wp-content\/uploads\/2024\/10\/IMG-20241029-WA0098-800x500.jpg",800,500,true],"covernews-featured":["https:\/\/contextoanalisisperiodistico.com\/wp-content\/uploads\/2024\/10\/IMG-20241029-WA0098-1024x771.jpg",1024,771,true],"covernews-medium":["https:\/\/contextoanalisisperiodistico.com\/wp-content\/uploads\/2024\/10\/IMG-20241029-WA0098-540x340.jpg",540,340,true],"covernews-medium-square":["https:\/\/contextoanalisisperiodistico.com\/wp-content\/uploads\/2024\/10\/IMG-20241029-WA0098-400x250.jpg",400,250,true]},"author_info":{"display_name":"Mario Gir\u00f3n","author_link":"https:\/\/contextoanalisisperiodistico.com\/index.php\/author\/director\/"},"category_info":"<a href=\"https:\/\/contextoanalisisperiodistico.com\/index.php\/category\/ciudad\/\" rel=\"category tag\">Ciudad<\/a>","tag_info":"Ciudad","comment_count":"0","jetpack_featured_media_url":"https:\/\/contextoanalisisperiodistico.com\/wp-content\/uploads\/2024\/10\/IMG-20241029-WA0098.jpg","_links":{"self":[{"href":"https:\/\/contextoanalisisperiodistico.com\/index.php\/wp-json\/wp\/v2\/posts\/33423"}],"collection":[{"href":"https:\/\/contextoanalisisperiodistico.com\/index.php\/wp-json\/wp\/v2\/posts"}],"about":[{"href":"https:\/\/contextoanalisisperiodistico.com\/index.php\/wp-json\/wp\/v2\/types\/post"}],"author":[{"embeddable":true,"href":"https:\/\/contextoanalisisperiodistico.com\/index.php\/wp-json\/wp\/v2\/users\/4"}],"replies":[{"embeddable":true,"href":"https:\/\/contextoanalisisperiodistico.com\/index.php\/wp-json\/wp\/v2\/comments?post=33423"}],"version-history":[{"count":1,"href":"https:\/\/contextoanalisisperiodistico.com\/index.php\/wp-json\/wp\/v2\/posts\/33423\/revisions"}],"predecessor-version":[{"id":33424,"href":"https:\/\/contextoanalisisperiodistico.com\/index.php\/wp-json\/wp\/v2\/posts\/33423\/revisions\/33424"}],"wp:featuredmedia":[{"embeddable":true,"href":"https:\/\/contextoanalisisperiodistico.com\/index.php\/wp-json\/wp\/v2\/media\/33418"}],"wp:attachment":[{"href":"https:\/\/contextoanalisisperiodistico.com\/index.php\/wp-json\/wp\/v2\/media?parent=33423"}],"wp:term":[{"taxonomy":"category","embeddable":true,"href":"https:\/\/contextoanalisisperiodistico.com\/index.php\/wp-json\/wp\/v2\/categories?post=33423"},{"taxonomy":"post_tag","embeddable":true,"href":"https:\/\/contextoanalisisperiodistico.com\/index.php\/wp-json\/wp\/v2\/tags?post=33423"}],"curies":[{"name":"wp","href":"https:\/\/api.w.org\/{rel}","templated":true}]}}