{"id":33412,"date":"2024-10-29T12:36:14","date_gmt":"2024-10-29T18:36:14","guid":{"rendered":"https:\/\/contextoanalisisperiodistico.com\/index.php\/2024\/10\/29\/oaxaca-avanza-en-el-combate-a-la-corrupcion-y-transparencia-publica\/"},"modified":"2024-10-29T12:37:03","modified_gmt":"2024-10-29T18:37:03","slug":"oaxaca-avanza-en-el-combate-a-la-corrupcion-y-transparencia-publica","status":"publish","type":"post","link":"https:\/\/contextoanalisisperiodistico.com\/index.php\/2024\/10\/29\/oaxaca-avanza-en-el-combate-a-la-corrupcion-y-transparencia-publica\/","title":{"rendered":"Oaxaca avanza en combate a la corrupci\u00f3n y transparencia p\u00fablica"},"content":{"rendered":"<div id=\"fb-root\"><\/div>\n\n<p>\u2022 El Mandatario estatal reafirma su compromiso con el pueblo; se han presentado denuncias ante el TJAyCCO y la Fiscal\u00eda Anticorrupci\u00f3n de Oaxaca<\/p>\n\n\n\n<figure class=\"wp-block-image size-large\"><img fetchpriority=\"high\" decoding=\"async\" width=\"800\" height=\"533\" src=\"https:\/\/contextoanalisisperiodistico.com\/wp-content\/uploads\/2024\/10\/img-20241029-wa00821588047630523943491.jpg\" alt=\"\" class=\"wp-image-33411\" srcset=\"https:\/\/contextoanalisisperiodistico.com\/wp-content\/uploads\/2024\/10\/img-20241029-wa00821588047630523943491.jpg 800w, https:\/\/contextoanalisisperiodistico.com\/wp-content\/uploads\/2024\/10\/img-20241029-wa00821588047630523943491-300x200.jpg 300w, https:\/\/contextoanalisisperiodistico.com\/wp-content\/uploads\/2024\/10\/img-20241029-wa00821588047630523943491-768x512.jpg 768w\" sizes=\"(max-width: 800px) 100vw, 800px\" \/><\/figure>\n\n\n\n<figure class=\"wp-block-image\"><img decoding=\"async\" width=\"300\" height=\"193\" src=\"https:\/\/contextoanalisisperiodistico.com\/wp-content\/uploads\/2024\/10\/img-20241029-wa00811186757228949013030-300x193.jpg\" alt=\"\" class=\"wp-image-33410\" srcset=\"https:\/\/contextoanalisisperiodistico.com\/wp-content\/uploads\/2024\/10\/img-20241029-wa00811186757228949013030-300x193.jpg 300w, https:\/\/contextoanalisisperiodistico.com\/wp-content\/uploads\/2024\/10\/img-20241029-wa00811186757228949013030-768x494.jpg 768w, https:\/\/contextoanalisisperiodistico.com\/wp-content\/uploads\/2024\/10\/img-20241029-wa00811186757228949013030.jpg 800w\" sizes=\"(max-width: 300px) 100vw, 300px\" \/><\/figure>\n\n\n\n<p>Oaxaca de Ju\u00e1rez, Oax. 29 de octubre de 2024.- El Gobernador Salom\u00f3n Jara Cruz afirm\u00f3 que la administraci\u00f3n que encabeza asumi\u00f3, desde el primer d\u00eda, el combate a la corrupci\u00f3n y la transparencia p\u00fablica.<\/p>\n\n\n\n<p>En conferencia de prensa, el Mandatario estatal se\u00f1al\u00f3 que en el gobierno de la Primavera Oaxaque\u00f1a se han identificado y da continuidad a los procedimientos de responsabilidad administrativa de ejercicios fiscales anteriores.<\/p>\n\n\n\n<p>\u201cNunca antes se hab\u00eda informado de cara al pueblo sobre c\u00f3mo se adjudicaba y ejerc\u00eda la inversi\u00f3n p\u00fablica. Los resultados de las auditor\u00edas se escond\u00edan y se establec\u00edan relaciones de complicidad e impunidad\u201d, puntualiz\u00f3.<\/p>\n\n\n\n<p>En este sentido, Jara Cruz indic\u00f3 que se han presentado denuncias ante el Tribunal de Justicia Administrativa y Combate a la Corrupci\u00f3n del Estado de Oaxaca (TJAyCCO), as\u00ed como en la Fiscal\u00eda Anticorrupci\u00f3n del Estado, logrando as\u00ed sanciones e inhabilitaciones para las personas responsables.<\/p>\n\n\n\n<p>Ante representantes de los medios de comunicaci\u00f3n, la Secretar\u00eda de Honestidad, Transparencia y Funci\u00f3n P\u00fablica dio a conocer que en el ejercicio fiscal 2023 realiz\u00f3 20 auditor\u00edas de la Cuenta P\u00fablica 2022, con un monto fiscalizado mayor a 23 mil millones de pesos.<\/p>\n\n\n\n<p>Del total de las auditor\u00edas, 14 tienen observaci\u00f3n monetaria y se investigan a 10 dependencias por irregularidades detectadas en obras como el Centro Cultural \u00c1lvaro Carrillo, Centro de Convenciones de Santa Mar\u00eda Huatulco, S\u00edmbolos Patrios, Circuito Interior y Casa Quetzal.<\/p>\n\n\n\n<p>Dentro de las anomal\u00edas destacan pagos improcedentes, incumplimiento en materia de planeaci\u00f3n; programaci\u00f3n y presupuestaci\u00f3n, en obras p\u00fablicas y servicios relacionados con las mismas; retenciones efectuadas no enteradas, ejercidas indebidamente y saldo en cuenta; equipos de maquinaria entregados fuera del plazo establecido; entre otros.<\/p>\n\n\n\n<p>Como resultado de esta investigaci\u00f3n, se han turnado 12 expedientes al TJAyCCO por faltas graves. Adem\u00e1s de 158 audiencias iniciales con 122 faltas no graves y 36 graves.<\/p>\n\n\n\n<p>Aeronaves al servicio del pueblo para emergencias<\/p>\n\n\n\n<p>En este marco, el titular del Poder Ejecutivo destac\u00f3 que las dos aeronaves del Estado se utilizan para el servicio del pueblo, una como ambulancia y la otra para combatir incendios forestales. Hasta la fecha se han efectuado 343 servicios.<\/p>\n\n\n\n<p>\u201cLos helic\u00f3pteros ahora son para beneficio de todas y todos; est\u00e1n a disposici\u00f3n de quien lo requiera en un contexto de emergencia o asistencia humanitaria\u201d, dijo.<\/p>\n\n\n\n<p>Cabe destacar que el Gobierno del Estado adecu\u00f3 el equipo Agusta 109E con una camilla y material biom\u00e9dico para la realizaci\u00f3n de traslados aerom\u00e9dicos. En el Bell 407 se instal\u00f3 el sistema SIMPLEX Fire Attack para el combate frontal a los incendios forestales.<\/p>\n\n\n\n<p>-0-<\/p>\n","protected":false},"excerpt":{"rendered":"<p>\u2022 El Mandatario estatal reafirma su compromiso con el pueblo; se han presentado denuncias ante&#8230;<\/p>\n","protected":false},"author":4,"featured_media":33409,"comment_status":"closed","ping_status":"open","sticky":false,"template":"","format":"standard","meta":{"footnotes":""},"categories":[9],"tags":[],"jetpack_sharing_enabled":true,"featured_image_urls":{"full":["https:\/\/contextoanalisisperiodistico.com\/wp-content\/uploads\/2024\/10\/IMG-20241029-WA0080.jpg",800,1107,false],"thumbnail":["https:\/\/contextoanalisisperiodistico.com\/wp-content\/uploads\/2024\/10\/IMG-20241029-WA0080-150x150.jpg",150,150,true],"medium":["https:\/\/contextoanalisisperiodistico.com\/wp-content\/uploads\/2024\/10\/IMG-20241029-WA0080-217x300.jpg",217,300,true],"medium_large":["https:\/\/contextoanalisisperiodistico.com\/wp-content\/uploads\/2024\/10\/IMG-20241029-WA0080-768x1063.jpg",640,886,true],"large":["https:\/\/contextoanalisisperiodistico.com\/wp-content\/uploads\/2024\/10\/IMG-20241029-WA0080-740x1024.jpg",640,886,true],"1536x1536":["https:\/\/contextoanalisisperiodistico.com\/wp-content\/uploads\/2024\/10\/IMG-20241029-WA0080.jpg",800,1107,false],"2048x2048":["https:\/\/contextoanalisisperiodistico.com\/wp-content\/uploads\/2024\/10\/IMG-20241029-WA0080.jpg",800,1107,false],"covernews-slider-full":["https:\/\/contextoanalisisperiodistico.com\/wp-content\/uploads\/2024\/10\/IMG-20241029-WA0080-800x715.jpg",800,715,true],"covernews-slider-center":["https:\/\/contextoanalisisperiodistico.com\/wp-content\/uploads\/2024\/10\/IMG-20241029-WA0080-800x500.jpg",800,500,true],"covernews-featured":["https:\/\/contextoanalisisperiodistico.com\/wp-content\/uploads\/2024\/10\/IMG-20241029-WA0080.jpg",800,1107,false],"covernews-medium":["https:\/\/contextoanalisisperiodistico.com\/wp-content\/uploads\/2024\/10\/IMG-20241029-WA0080-540x340.jpg",540,340,true],"covernews-medium-square":["https:\/\/contextoanalisisperiodistico.com\/wp-content\/uploads\/2024\/10\/IMG-20241029-WA0080-400x250.jpg",400,250,true]},"author_info":{"display_name":"Mario Gir\u00f3n","author_link":"https:\/\/contextoanalisisperiodistico.com\/index.php\/author\/director\/"},"category_info":"<a href=\"https:\/\/contextoanalisisperiodistico.com\/index.php\/category\/politica\/\" rel=\"category tag\">Pol\u00edtica<\/a>","tag_info":"Pol\u00edtica","comment_count":"0","jetpack_featured_media_url":"https:\/\/contextoanalisisperiodistico.com\/wp-content\/uploads\/2024\/10\/IMG-20241029-WA0080.jpg","_links":{"self":[{"href":"https:\/\/contextoanalisisperiodistico.com\/index.php\/wp-json\/wp\/v2\/posts\/33412"}],"collection":[{"href":"https:\/\/contextoanalisisperiodistico.com\/index.php\/wp-json\/wp\/v2\/posts"}],"about":[{"href":"https:\/\/contextoanalisisperiodistico.com\/index.php\/wp-json\/wp\/v2\/types\/post"}],"author":[{"embeddable":true,"href":"https:\/\/contextoanalisisperiodistico.com\/index.php\/wp-json\/wp\/v2\/users\/4"}],"replies":[{"embeddable":true,"href":"https:\/\/contextoanalisisperiodistico.com\/index.php\/wp-json\/wp\/v2\/comments?post=33412"}],"version-history":[{"count":1,"href":"https:\/\/contextoanalisisperiodistico.com\/index.php\/wp-json\/wp\/v2\/posts\/33412\/revisions"}],"predecessor-version":[{"id":33413,"href":"https:\/\/contextoanalisisperiodistico.com\/index.php\/wp-json\/wp\/v2\/posts\/33412\/revisions\/33413"}],"wp:featuredmedia":[{"embeddable":true,"href":"https:\/\/contextoanalisisperiodistico.com\/index.php\/wp-json\/wp\/v2\/media\/33409"}],"wp:attachment":[{"href":"https:\/\/contextoanalisisperiodistico.com\/index.php\/wp-json\/wp\/v2\/media?parent=33412"}],"wp:term":[{"taxonomy":"category","embeddable":true,"href":"https:\/\/contextoanalisisperiodistico.com\/index.php\/wp-json\/wp\/v2\/categories?post=33412"},{"taxonomy":"post_tag","embeddable":true,"href":"https:\/\/contextoanalisisperiodistico.com\/index.php\/wp-json\/wp\/v2\/tags?post=33412"}],"curies":[{"name":"wp","href":"https:\/\/api.w.org\/{rel}","templated":true}]}}