{"id":33397,"date":"2024-10-28T21:17:49","date_gmt":"2024-10-29T03:17:49","guid":{"rendered":"https:\/\/contextoanalisisperiodistico.com\/index.php\/2024\/10\/28\/con-magna-comparsa-2024-iniciaran-festividades-de-dia-de-muertos-en-oaxaca-de-juarez\/"},"modified":"2024-10-28T21:22:59","modified_gmt":"2024-10-29T03:22:59","slug":"con-magna-comparsa-2024-iniciaran-festividades-de-dia-de-muertos-en-oaxaca-de-juarez","status":"publish","type":"post","link":"https:\/\/contextoanalisisperiodistico.com\/index.php\/2024\/10\/28\/con-magna-comparsa-2024-iniciaran-festividades-de-dia-de-muertos-en-oaxaca-de-juarez\/","title":{"rendered":"Con Magna Comparsa iniciar\u00e1 festividad D\u00eda de Muertos en Oaxaca de Ju\u00e1rez"},"content":{"rendered":"<div id=\"fb-root\"><\/div>\n\n<p class=\"MsoNormal\">&nbsp;<\/p>\n\n\n\n<figure class=\"wp-block-image size-large\"><img fetchpriority=\"high\" decoding=\"async\" width=\"682\" height=\"1024\" src=\"https:\/\/contextoanalisisperiodistico.com\/wp-content\/uploads\/2024\/10\/fotoblt281024284292206670357057006353-682x1024.jpg\" alt=\"\" class=\"wp-image-33395\" srcset=\"https:\/\/contextoanalisisperiodistico.com\/wp-content\/uploads\/2024\/10\/fotoblt281024284292206670357057006353-682x1024.jpg 682w, https:\/\/contextoanalisisperiodistico.com\/wp-content\/uploads\/2024\/10\/fotoblt281024284292206670357057006353-200x300.jpg 200w, https:\/\/contextoanalisisperiodistico.com\/wp-content\/uploads\/2024\/10\/fotoblt281024284292206670357057006353-768x1153.jpg 768w, https:\/\/contextoanalisisperiodistico.com\/wp-content\/uploads\/2024\/10\/fotoblt281024284292206670357057006353-1023x1536.jpg 1023w, https:\/\/contextoanalisisperiodistico.com\/wp-content\/uploads\/2024\/10\/fotoblt281024284292206670357057006353-1024x1537.jpg 1024w, https:\/\/contextoanalisisperiodistico.com\/wp-content\/uploads\/2024\/10\/fotoblt281024284292206670357057006353.jpg 1066w\" sizes=\"(max-width: 682px) 100vw, 682px\" \/><\/figure>\n\n\n\n<figure class=\"wp-block-image\"><img decoding=\"async\" width=\"1024\" height=\"682\" src=\"https:\/\/contextoanalisisperiodistico.com\/wp-content\/uploads\/2024\/10\/fotoblt2810241512104995092474093-1024x682.jpeg\" alt=\"\" class=\"wp-image-33396\" srcset=\"https:\/\/contextoanalisisperiodistico.com\/wp-content\/uploads\/2024\/10\/fotoblt2810241512104995092474093-1024x682.jpeg 1024w, https:\/\/contextoanalisisperiodistico.com\/wp-content\/uploads\/2024\/10\/fotoblt2810241512104995092474093-300x200.jpeg 300w, https:\/\/contextoanalisisperiodistico.com\/wp-content\/uploads\/2024\/10\/fotoblt2810241512104995092474093-768x512.jpeg 768w, https:\/\/contextoanalisisperiodistico.com\/wp-content\/uploads\/2024\/10\/fotoblt2810241512104995092474093-1536x1023.jpeg 1536w, https:\/\/contextoanalisisperiodistico.com\/wp-content\/uploads\/2024\/10\/fotoblt2810241512104995092474093.jpeg 1600w\" sizes=\"(max-width: 1024px) 100vw, 1024px\" \/><\/figure>\n\n\n\n<figure class=\"wp-block-image\"><img decoding=\"async\" width=\"682\" height=\"1024\" src=\"https:\/\/contextoanalisisperiodistico.com\/wp-content\/uploads\/2024\/10\/fotoblt281024282292008160064094613250-682x1024.jpg\" alt=\"\" class=\"wp-image-33394\" srcset=\"https:\/\/contextoanalisisperiodistico.com\/wp-content\/uploads\/2024\/10\/fotoblt281024282292008160064094613250-682x1024.jpg 682w, https:\/\/contextoanalisisperiodistico.com\/wp-content\/uploads\/2024\/10\/fotoblt281024282292008160064094613250-200x300.jpg 200w, https:\/\/contextoanalisisperiodistico.com\/wp-content\/uploads\/2024\/10\/fotoblt281024282292008160064094613250-768x1153.jpg 768w, https:\/\/contextoanalisisperiodistico.com\/wp-content\/uploads\/2024\/10\/fotoblt281024282292008160064094613250-1023x1536.jpg 1023w, https:\/\/contextoanalisisperiodistico.com\/wp-content\/uploads\/2024\/10\/fotoblt281024282292008160064094613250-1024x1537.jpg 1024w, https:\/\/contextoanalisisperiodistico.com\/wp-content\/uploads\/2024\/10\/fotoblt281024282292008160064094613250.jpg 1066w\" sizes=\"(max-width: 682px) 100vw, 682px\" \/><\/figure>\n\n\n\n<figure class=\"wp-block-image\"><img loading=\"lazy\" decoding=\"async\" width=\"240\" height=\"300\" src=\"https:\/\/contextoanalisisperiodistico.com\/wp-content\/uploads\/2024\/10\/fotoblt281024285292305597071345651637-240x300.jpg\" alt=\"\" class=\"wp-image-33393\" srcset=\"https:\/\/contextoanalisisperiodistico.com\/wp-content\/uploads\/2024\/10\/fotoblt281024285292305597071345651637-240x300.jpg 240w, https:\/\/contextoanalisisperiodistico.com\/wp-content\/uploads\/2024\/10\/fotoblt281024285292305597071345651637.jpg 768w\" sizes=\"(max-width: 240px) 100vw, 240px\" \/><\/figure>\n\n\n\n<ul class=\"wp-block-list\">\n<li><em>Recorrer\u00e1 las calles Dr. Aurelio Valdivieso, Macedonio Alcal\u00e1, Allende, Garc\u00eda Vigil y Avenida Morelos, para cerrar con el concierto inaugural a cargo de la banda \u201cLa Trakatera\u201d.<\/em><\/li>\n<\/ul>\n\n\n\n<p class=\"MsoNormal\">&nbsp;<\/p>\n\n\n\n<p class=\"MsoNormal\">Oaxaca de Ju\u00e1rez, Oaxaca, a 28 de octubre de 2024.- El Ayuntamiento de Oaxaca de Ju\u00e1rez a trav\u00e9s de la Secretar\u00eda de Fomento Tur\u00edstico afina detalles para la realizaci\u00f3n de la Magna Comparsa 2024, actividad que enmarca el inicio de las festividades de D\u00eda de Muertos en la capital oaxaque\u00f1a.<\/p>\n\n\n\n<p class=\"MsoNormal\">&nbsp;<\/p>\n\n\n\n<p class=\"MsoNormal\">Como parte del programa de eventos \u201cOaxaca siempre vive, nunca muere\u201d, este encuentro cultural se llevar\u00e1 a cabo el pr\u00f3ximo mi\u00e9rcoles 30 de octubre a las 18:00 horas, teniendo como punto de inicio el Z\u00f3calo capitalino y concluir\u00e1 en la Plaza de la Danza.&nbsp;<\/p>\n\n\n\n<p class=\"MsoNormal\">&nbsp;<\/p>\n\n\n\n<p class=\"MsoNormal\">Se prev\u00e9 que la comparsa recorrer\u00e1 las calles Dr. Aurelio Valdivieso, Macedonio Alcal\u00e1, Allende, Garc\u00eda Vigil y Avenida Morelos, para cerrar con el concierto inaugural a cargo de la banda \u201cLa Trakatera\u201d, evento totalmente gratuito que se realizar\u00e1 alrededor de las 20:00 horas.&nbsp;&nbsp;&nbsp;&nbsp;<\/p>\n\n\n\n<p class=\"MsoNormal\">&nbsp;<\/p>\n\n\n\n<p class=\"MsoNormal\">En la Magna Comparsa 2024 se espera la participaci\u00f3n de capitalinas y capitalinos provenientes de barrios, colonias, fraccionamientos, cabecera municipal y agencias, as\u00ed como pobladores de municipios aleda\u00f1os, colectivos y universidades.<\/p>\n\n\n\n<p class=\"MsoNormal\">&nbsp;<\/p>\n\n\n\n<p class=\"MsoNormal\">Con la fiesta de D\u00eda de Muertos, se celebra el retorno transitorio a la tierra de los familiares y seres queridos fallecidos; estas fiestas tienen cabida a finales de octubre y principios de noviembre, periodo que marca el ciclo de cosecha del ma\u00edz, cultivo predominante en el pa\u00eds.<\/p>\n\n\n\n<p class=\"MsoNormal\">&nbsp;<\/p>\n\n\n\n<p class=\"MsoNormal\">Del 30 de octubre al 2 de noviembre, se llevar\u00e1n a cabo una serie de actividades totalmente gratuitas que resaltar\u00e1n el patrimonio cultural de Oaxaca en esta temporada y la cartelera de eventos se puede encontrar en redes sociales del Ayuntamiento capitalino.<\/p>\n\n\n\n<p class=\"MsoNormal\">&nbsp;<\/p>\n","protected":false},"excerpt":{"rendered":"<p>&nbsp; &nbsp; Oaxaca de Ju\u00e1rez, Oaxaca, a 28 de octubre de 2024.- El Ayuntamiento de&#8230;<\/p>\n","protected":false},"author":4,"featured_media":33392,"comment_status":"closed","ping_status":"open","sticky":false,"template":"","format":"standard","meta":{"footnotes":""},"categories":[9],"tags":[192,180,171,26,45],"jetpack_sharing_enabled":true,"featured_image_urls":{"full":["https:\/\/contextoanalisisperiodistico.com\/wp-content\/uploads\/2024\/10\/FOTOBLT28102428329.jpeg",1066,1600,false],"thumbnail":["https:\/\/contextoanalisisperiodistico.com\/wp-content\/uploads\/2024\/10\/FOTOBLT28102428329-150x150.jpeg",150,150,true],"medium":["https:\/\/contextoanalisisperiodistico.com\/wp-content\/uploads\/2024\/10\/FOTOBLT28102428329-200x300.jpeg",200,300,true],"medium_large":["https:\/\/contextoanalisisperiodistico.com\/wp-content\/uploads\/2024\/10\/FOTOBLT28102428329-768x1153.jpeg",640,961,true],"large":["https:\/\/contextoanalisisperiodistico.com\/wp-content\/uploads\/2024\/10\/FOTOBLT28102428329-682x1024.jpeg",640,961,true],"1536x1536":["https:\/\/contextoanalisisperiodistico.com\/wp-content\/uploads\/2024\/10\/FOTOBLT28102428329-1023x1536.jpeg",1023,1536,true],"2048x2048":["https:\/\/contextoanalisisperiodistico.com\/wp-content\/uploads\/2024\/10\/FOTOBLT28102428329.jpeg",1066,1600,false],"covernews-slider-full":["https:\/\/contextoanalisisperiodistico.com\/wp-content\/uploads\/2024\/10\/FOTOBLT28102428329-1066x715.jpeg",1066,715,true],"covernews-slider-center":["https:\/\/contextoanalisisperiodistico.com\/wp-content\/uploads\/2024\/10\/FOTOBLT28102428329-800x500.jpeg",800,500,true],"covernews-featured":["https:\/\/contextoanalisisperiodistico.com\/wp-content\/uploads\/2024\/10\/FOTOBLT28102428329-1024x1537.jpeg",1024,1537,true],"covernews-medium":["https:\/\/contextoanalisisperiodistico.com\/wp-content\/uploads\/2024\/10\/FOTOBLT28102428329-540x340.jpeg",540,340,true],"covernews-medium-square":["https:\/\/contextoanalisisperiodistico.com\/wp-content\/uploads\/2024\/10\/FOTOBLT28102428329-400x250.jpeg",400,250,true]},"author_info":{"display_name":"Mario Gir\u00f3n","author_link":"https:\/\/contextoanalisisperiodistico.com\/index.php\/author\/director\/"},"category_info":"<a href=\"https:\/\/contextoanalisisperiodistico.com\/index.php\/category\/politica\/\" rel=\"category tag\">Pol\u00edtica<\/a>","tag_info":"Pol\u00edtica","comment_count":"0","jetpack_featured_media_url":"https:\/\/contextoanalisisperiodistico.com\/wp-content\/uploads\/2024\/10\/FOTOBLT28102428329.jpeg","_links":{"self":[{"href":"https:\/\/contextoanalisisperiodistico.com\/index.php\/wp-json\/wp\/v2\/posts\/33397"}],"collection":[{"href":"https:\/\/contextoanalisisperiodistico.com\/index.php\/wp-json\/wp\/v2\/posts"}],"about":[{"href":"https:\/\/contextoanalisisperiodistico.com\/index.php\/wp-json\/wp\/v2\/types\/post"}],"author":[{"embeddable":true,"href":"https:\/\/contextoanalisisperiodistico.com\/index.php\/wp-json\/wp\/v2\/users\/4"}],"replies":[{"embeddable":true,"href":"https:\/\/contextoanalisisperiodistico.com\/index.php\/wp-json\/wp\/v2\/comments?post=33397"}],"version-history":[{"count":1,"href":"https:\/\/contextoanalisisperiodistico.com\/index.php\/wp-json\/wp\/v2\/posts\/33397\/revisions"}],"predecessor-version":[{"id":33398,"href":"https:\/\/contextoanalisisperiodistico.com\/index.php\/wp-json\/wp\/v2\/posts\/33397\/revisions\/33398"}],"wp:featuredmedia":[{"embeddable":true,"href":"https:\/\/contextoanalisisperiodistico.com\/index.php\/wp-json\/wp\/v2\/media\/33392"}],"wp:attachment":[{"href":"https:\/\/contextoanalisisperiodistico.com\/index.php\/wp-json\/wp\/v2\/media?parent=33397"}],"wp:term":[{"taxonomy":"category","embeddable":true,"href":"https:\/\/contextoanalisisperiodistico.com\/index.php\/wp-json\/wp\/v2\/categories?post=33397"},{"taxonomy":"post_tag","embeddable":true,"href":"https:\/\/contextoanalisisperiodistico.com\/index.php\/wp-json\/wp\/v2\/tags?post=33397"}],"curies":[{"name":"wp","href":"https:\/\/api.w.org\/{rel}","templated":true}]}}