{"id":33341,"date":"2024-10-28T09:28:12","date_gmt":"2024-10-28T15:28:12","guid":{"rendered":"https:\/\/contextoanalisisperiodistico.com\/index.php\/2024\/10\/28\/citybus-oaxaca-beneficia-a-379-colonias-de-la-zona-metropolitana\/"},"modified":"2024-10-28T09:28:12","modified_gmt":"2024-10-28T15:28:12","slug":"citybus-oaxaca-beneficia-a-379-colonias-de-la-zona-metropolitana","status":"publish","type":"post","link":"https:\/\/contextoanalisisperiodistico.com\/index.php\/2024\/10\/28\/citybus-oaxaca-beneficia-a-379-colonias-de-la-zona-metropolitana\/","title":{"rendered":"Citybus Oaxaca beneficia a 379 colonias de la Zona Metropolitana"},"content":{"rendered":"<div id=\"fb-root\"><\/div>\n\n<p>San Antonio de la Cal, Oax. 28 de octubre de 2024.- En el marco del primer aniversario de la puesta en marcha del Citybus Oaxaca, la Secretar\u00eda de Movilidad (Semovi) destac\u00f3 que este servicio innovador marca un hito significativo en la recuperaci\u00f3n de la cobertura y modernizaci\u00f3n del transporte p\u00fablico colectivo.<\/p>\n\n\n\n<figure class=\"wp-block-image size-large\"><img fetchpriority=\"high\" decoding=\"async\" width=\"599\" height=\"900\" src=\"https:\/\/contextoanalisisperiodistico.com\/wp-content\/uploads\/2024\/10\/img-20241028-wa0030995995261489848666.jpg\" alt=\"\" class=\"wp-image-33340\" srcset=\"https:\/\/contextoanalisisperiodistico.com\/wp-content\/uploads\/2024\/10\/img-20241028-wa0030995995261489848666.jpg 599w, https:\/\/contextoanalisisperiodistico.com\/wp-content\/uploads\/2024\/10\/img-20241028-wa0030995995261489848666-200x300.jpg 200w\" sizes=\"(max-width: 599px) 100vw, 599px\" \/><\/figure>\n\n\n\n<p>Este sistema actualmente beneficia a 379 colonias de 12 municipios de la Zona Metropolitana de Oaxaca. Desde su lanzamiento, ha ampliado su recorrido de 53.50 kil\u00f3metros (km) con la entrada en operaci\u00f3n de las rutas RC01 y RC02, a 106.95 km con la puesta en marcha de las rutas RC03 y RC04, duplicando as\u00ed la distancia total y mejorando notablemente la conectividad entre localidades.<\/p>\n\n\n\n<p>La titular de la Semovi, Claudina de Gyves Mendoza resalt\u00f3 que este 2024 se han implementado mejoras significativas en la operaci\u00f3n de las rutas, horarios, frecuencias y paradas.<\/p>\n\n\n\n<p>Adem\u00e1s, por primera vez la ciudadan\u00eda cuenta con un servicio nocturno, lo que garantiza un transporte c\u00f3modo, accesible y seguro durante la noche.<\/p>\n\n\n\n<p>Con el objetivo de atender las necesidades de las mujeres, se han incorporado medidas de inclusi\u00f3n y seguridad con perspectiva de g\u00e9nero y fomento a la movilidad activa como el acceso de carriolas y bicicletas, as\u00ed como ascensos y descensos bajo demanda para mujeres, ni\u00f1as y adolescentes en los horarios que abarcan de las 21:00 a las 03:00 horas.<\/p>\n\n\n\n<p>\u201cEstas acciones reflejan el compromiso del Gobierno de la Primavera Oaxaque\u00f1a de mejorar y modernizar el transporte p\u00fablico colectivo, reparando una deuda hist\u00f3rica con el pueblo al brindar un servicio de transporte digno para todas y todos los oaxaque\u00f1os\u00bb, subray\u00f3 la funcionaria estatal.<\/p>\n\n\n\n<p>A un a\u00f1o de su puesta en marcha, el Citybus Oaxaca se consolida como una pieza clave en la transformaci\u00f3n del transporte p\u00fablico colectivo urbano, impulsando la movilidad sostenible y el bienestar de la poblaci\u00f3n.<\/p>\n\n\n\n<p>-0-<\/p>\n","protected":false},"excerpt":{"rendered":"<p>San Antonio de la Cal, Oax. 28 de octubre de 2024.- En el marco del&#8230;<\/p>\n","protected":false},"author":4,"featured_media":33339,"comment_status":"","ping_status":"open","sticky":false,"template":"","format":"standard","meta":{"footnotes":""},"categories":[3],"tags":[],"jetpack_sharing_enabled":true,"featured_image_urls":{"full":["https:\/\/contextoanalisisperiodistico.com\/wp-content\/uploads\/2024\/10\/IMG-20241028-WA0029.jpg",600,900,false],"thumbnail":["https:\/\/contextoanalisisperiodistico.com\/wp-content\/uploads\/2024\/10\/IMG-20241028-WA0029-150x150.jpg",150,150,true],"medium":["https:\/\/contextoanalisisperiodistico.com\/wp-content\/uploads\/2024\/10\/IMG-20241028-WA0029-200x300.jpg",200,300,true],"medium_large":["https:\/\/contextoanalisisperiodistico.com\/wp-content\/uploads\/2024\/10\/IMG-20241028-WA0029.jpg",600,900,false],"large":["https:\/\/contextoanalisisperiodistico.com\/wp-content\/uploads\/2024\/10\/IMG-20241028-WA0029.jpg",600,900,false],"1536x1536":["https:\/\/contextoanalisisperiodistico.com\/wp-content\/uploads\/2024\/10\/IMG-20241028-WA0029.jpg",600,900,false],"2048x2048":["https:\/\/contextoanalisisperiodistico.com\/wp-content\/uploads\/2024\/10\/IMG-20241028-WA0029.jpg",600,900,false],"covernews-slider-full":["https:\/\/contextoanalisisperiodistico.com\/wp-content\/uploads\/2024\/10\/IMG-20241028-WA0029-600x715.jpg",600,715,true],"covernews-slider-center":["https:\/\/contextoanalisisperiodistico.com\/wp-content\/uploads\/2024\/10\/IMG-20241028-WA0029-600x500.jpg",600,500,true],"covernews-featured":["https:\/\/contextoanalisisperiodistico.com\/wp-content\/uploads\/2024\/10\/IMG-20241028-WA0029.jpg",600,900,false],"covernews-medium":["https:\/\/contextoanalisisperiodistico.com\/wp-content\/uploads\/2024\/10\/IMG-20241028-WA0029-540x340.jpg",540,340,true],"covernews-medium-square":["https:\/\/contextoanalisisperiodistico.com\/wp-content\/uploads\/2024\/10\/IMG-20241028-WA0029-400x250.jpg",400,250,true]},"author_info":{"display_name":"Mario Gir\u00f3n","author_link":"https:\/\/contextoanalisisperiodistico.com\/index.php\/author\/director\/"},"category_info":"<a href=\"https:\/\/contextoanalisisperiodistico.com\/index.php\/category\/ciudad\/\" rel=\"category tag\">Ciudad<\/a>","tag_info":"Ciudad","comment_count":"0","jetpack_featured_media_url":"https:\/\/contextoanalisisperiodistico.com\/wp-content\/uploads\/2024\/10\/IMG-20241028-WA0029.jpg","_links":{"self":[{"href":"https:\/\/contextoanalisisperiodistico.com\/index.php\/wp-json\/wp\/v2\/posts\/33341"}],"collection":[{"href":"https:\/\/contextoanalisisperiodistico.com\/index.php\/wp-json\/wp\/v2\/posts"}],"about":[{"href":"https:\/\/contextoanalisisperiodistico.com\/index.php\/wp-json\/wp\/v2\/types\/post"}],"author":[{"embeddable":true,"href":"https:\/\/contextoanalisisperiodistico.com\/index.php\/wp-json\/wp\/v2\/users\/4"}],"replies":[{"embeddable":true,"href":"https:\/\/contextoanalisisperiodistico.com\/index.php\/wp-json\/wp\/v2\/comments?post=33341"}],"version-history":[{"count":0,"href":"https:\/\/contextoanalisisperiodistico.com\/index.php\/wp-json\/wp\/v2\/posts\/33341\/revisions"}],"wp:featuredmedia":[{"embeddable":true,"href":"https:\/\/contextoanalisisperiodistico.com\/index.php\/wp-json\/wp\/v2\/media\/33339"}],"wp:attachment":[{"href":"https:\/\/contextoanalisisperiodistico.com\/index.php\/wp-json\/wp\/v2\/media?parent=33341"}],"wp:term":[{"taxonomy":"category","embeddable":true,"href":"https:\/\/contextoanalisisperiodistico.com\/index.php\/wp-json\/wp\/v2\/categories?post=33341"},{"taxonomy":"post_tag","embeddable":true,"href":"https:\/\/contextoanalisisperiodistico.com\/index.php\/wp-json\/wp\/v2\/tags?post=33341"}],"curies":[{"name":"wp","href":"https:\/\/api.w.org\/{rel}","templated":true}]}}