{"id":33183,"date":"2024-10-24T20:53:02","date_gmt":"2024-10-25T02:53:02","guid":{"rendered":"https:\/\/contextoanalisisperiodistico.com\/index.php\/2024\/10\/24\/jefas-de-familia-de-valles-centrales-beneficiadas-con-la-tarjeta-margarita-maza\/"},"modified":"2024-10-24T20:53:43","modified_gmt":"2024-10-25T02:53:43","slug":"jefas-de-familia-de-valles-centrales-beneficiadas-con-la-tarjeta-margarita-maza","status":"publish","type":"post","link":"https:\/\/contextoanalisisperiodistico.com\/index.php\/2024\/10\/24\/jefas-de-familia-de-valles-centrales-beneficiadas-con-la-tarjeta-margarita-maza\/","title":{"rendered":"Jefas de familia de Valles Centrales, beneficiadas con tarjeta Margarita Maza"},"content":{"rendered":"<div id=\"fb-root\"><\/div>\n\n<p>\u2022 El gobierno de la Primavera Oaxaque\u00f1a trabaja para resarcir la deuda hist\u00f3rica con las mujeres, principalmente quienes habitan en pueblos y comunidades marginadas<\/p>\n\n\n\n<figure class=\"wp-block-image size-large\"><img fetchpriority=\"high\" decoding=\"async\" width=\"1024\" height=\"841\" src=\"https:\/\/contextoanalisisperiodistico.com\/wp-content\/uploads\/2024\/10\/img-20241024-wa02139147549328610650194-1024x841.jpg\" alt=\"\" class=\"wp-image-33179\" srcset=\"https:\/\/contextoanalisisperiodistico.com\/wp-content\/uploads\/2024\/10\/img-20241024-wa02139147549328610650194-1024x841.jpg 1024w, https:\/\/contextoanalisisperiodistico.com\/wp-content\/uploads\/2024\/10\/img-20241024-wa02139147549328610650194-300x246.jpg 300w, https:\/\/contextoanalisisperiodistico.com\/wp-content\/uploads\/2024\/10\/img-20241024-wa02139147549328610650194-768x631.jpg 768w, https:\/\/contextoanalisisperiodistico.com\/wp-content\/uploads\/2024\/10\/img-20241024-wa02139147549328610650194-1536x1261.jpg 1536w, https:\/\/contextoanalisisperiodistico.com\/wp-content\/uploads\/2024\/10\/img-20241024-wa02139147549328610650194.jpg 1600w\" sizes=\"(max-width: 1024px) 100vw, 1024px\" \/><\/figure>\n\n\n\n<figure class=\"wp-block-image\"><img decoding=\"async\" width=\"1024\" height=\"763\" src=\"https:\/\/contextoanalisisperiodistico.com\/wp-content\/uploads\/2024\/10\/img-20241024-wa02124825131992639036570-1024x763.jpg\" alt=\"\" class=\"wp-image-33181\" srcset=\"https:\/\/contextoanalisisperiodistico.com\/wp-content\/uploads\/2024\/10\/img-20241024-wa02124825131992639036570-1024x763.jpg 1024w, https:\/\/contextoanalisisperiodistico.com\/wp-content\/uploads\/2024\/10\/img-20241024-wa02124825131992639036570-300x224.jpg 300w, https:\/\/contextoanalisisperiodistico.com\/wp-content\/uploads\/2024\/10\/img-20241024-wa02124825131992639036570-768x572.jpg 768w, https:\/\/contextoanalisisperiodistico.com\/wp-content\/uploads\/2024\/10\/img-20241024-wa02124825131992639036570-1536x1144.jpg 1536w, https:\/\/contextoanalisisperiodistico.com\/wp-content\/uploads\/2024\/10\/img-20241024-wa02124825131992639036570.jpg 1600w\" sizes=\"(max-width: 1024px) 100vw, 1024px\" \/><\/figure>\n\n\n\n<figure class=\"wp-block-image\"><img decoding=\"async\" width=\"1024\" height=\"616\" src=\"https:\/\/contextoanalisisperiodistico.com\/wp-content\/uploads\/2024\/10\/img-20241024-wa02155409200465595237268-1024x616.jpg\" alt=\"\" class=\"wp-image-33180\" srcset=\"https:\/\/contextoanalisisperiodistico.com\/wp-content\/uploads\/2024\/10\/img-20241024-wa02155409200465595237268-1024x616.jpg 1024w, https:\/\/contextoanalisisperiodistico.com\/wp-content\/uploads\/2024\/10\/img-20241024-wa02155409200465595237268-300x180.jpg 300w, https:\/\/contextoanalisisperiodistico.com\/wp-content\/uploads\/2024\/10\/img-20241024-wa02155409200465595237268-768x462.jpg 768w, https:\/\/contextoanalisisperiodistico.com\/wp-content\/uploads\/2024\/10\/img-20241024-wa02155409200465595237268-1536x924.jpg 1536w, https:\/\/contextoanalisisperiodistico.com\/wp-content\/uploads\/2024\/10\/img-20241024-wa02155409200465595237268.jpg 1600w\" sizes=\"(max-width: 1024px) 100vw, 1024px\" \/><\/figure>\n\n\n\n<figure class=\"wp-block-image\"><img loading=\"lazy\" decoding=\"async\" width=\"1024\" height=\"735\" src=\"https:\/\/contextoanalisisperiodistico.com\/wp-content\/uploads\/2024\/10\/img-20241024-wa02112330258794398485438-1024x735.jpg\" alt=\"\" class=\"wp-image-33182\" srcset=\"https:\/\/contextoanalisisperiodistico.com\/wp-content\/uploads\/2024\/10\/img-20241024-wa02112330258794398485438-1024x735.jpg 1024w, https:\/\/contextoanalisisperiodistico.com\/wp-content\/uploads\/2024\/10\/img-20241024-wa02112330258794398485438-300x215.jpg 300w, https:\/\/contextoanalisisperiodistico.com\/wp-content\/uploads\/2024\/10\/img-20241024-wa02112330258794398485438-768x551.jpg 768w, https:\/\/contextoanalisisperiodistico.com\/wp-content\/uploads\/2024\/10\/img-20241024-wa02112330258794398485438-1536x1102.jpg 1536w, https:\/\/contextoanalisisperiodistico.com\/wp-content\/uploads\/2024\/10\/img-20241024-wa02112330258794398485438.jpg 1600w\" sizes=\"(max-width: 1024px) 100vw, 1024px\" \/><\/figure>\n\n\n\n<p>Oaxaca de Ju\u00e1rez, Oax, 24 de octubre de 2024.- Un total de 618 jefas de familia de 28 municipios de Valles Centrales fueron beneficiadas con la entrega de la Tarjeta Margarita Maza, apoyo econ\u00f3mico que contribuir\u00e1 a mejorar el ingreso y calidad de vida de sus hijas, hijos y de quienes tienen bajo su resguardo.<\/p>\n\n\n\n<p>Mediante la Secretar\u00eda de Bienestar, Tequio e Inclusi\u00f3n (Sebienti), en el Gimnasio Ricardo Flores Mag\u00f3n de la capital del estado, se congregaron las mujeres favorecidas, quienes son el centro de las pol\u00edticas p\u00fablicas de la administraci\u00f3n estatal, ya que representan la fortaleza de la sociedad oaxaque\u00f1a.<\/p>\n\n\n\n<p>A trav\u00e9s de la Tarjeta Margarita Maza, las jefas de familia de 18 a 64 a\u00f1os que tienen a su cargo menores de edad y personas con discapacidad, separadas, viudas o solteras, y son el sost\u00e9n de sus hogares, cuentan con un ingreso bimestral de 2 mil pesos para adquirir la canasta b\u00e1sica alimentaria y superar la pobreza extrema.<\/p>\n\n\n\n<p>Con estas acciones, el gobierno de la Primavera Oaxaque\u00f1a trabaja para resarcir la deuda hist\u00f3rica con las mujeres, principalmente quienes habitan en pueblos y comunidades marginadas.<\/p>\n\n\n\n<p>Las beneficiadas pertenecen a los municipios de Santa Cruz Xoxocotl\u00e1n, Villa de Zaachila, Tlacolula de Matamoros, Santa Luc\u00eda del Camino, San Vicente Coatl\u00e1n, San Pedro M\u00e1rtir, Oaxaca de Ju\u00e1rez, Santo Tom\u00e1s Mazaltepec, Santa Mar\u00eda Atzompa, San Pedro Quiatoni, Taniche, Tlalixtac de Cabrera, Zimatl\u00e1n de \u00c1lvarez y San Juan Bautista Jayacatl\u00e1n.<\/p>\n\n\n\n<p>As\u00ed como de Santa Mar\u00eda del Tule, San Juan Teitipac, San Juan Bautista Atatlahuca, San Mart\u00edn Lachil\u00e1, San Pedro Ixtlahuaca, Santa Mar\u00eda Zoquitl\u00e1n, Santiago Tlazoyaltepec, Santa Ana Tlapacoyan, Yaxe, Santa Mar\u00eda Coyotepec, Santiago Suchilquitongo, Villa D\u00edaz Ordaz, San Mart\u00edn de los Cansecos y Santa Ana del Valle.<\/p>\n\n\n\n<p>Con estas acciones se garantiza el bienestar de las familias oaxaque\u00f1as, con una pol\u00edtica social sin intermediarios y con los recursos necesarios para brindar bienestar a los sectores m\u00e1s vulnerables.<\/p>\n\n\n\n<p>-0-<\/p>\n","protected":false},"excerpt":{"rendered":"<p>\u2022 El gobierno de la Primavera Oaxaque\u00f1a trabaja para resarcir la deuda hist\u00f3rica con las&#8230;<\/p>\n","protected":false},"author":4,"featured_media":33178,"comment_status":"closed","ping_status":"open","sticky":false,"template":"","format":"standard","meta":{"footnotes":""},"categories":[9],"tags":[],"jetpack_sharing_enabled":true,"featured_image_urls":{"full":["https:\/\/contextoanalisisperiodistico.com\/wp-content\/uploads\/2024\/10\/IMG-20241024-WA0215.jpg",1600,962,false],"thumbnail":["https:\/\/contextoanalisisperiodistico.com\/wp-content\/uploads\/2024\/10\/IMG-20241024-WA0215-150x150.jpg",150,150,true],"medium":["https:\/\/contextoanalisisperiodistico.com\/wp-content\/uploads\/2024\/10\/IMG-20241024-WA0215-300x180.jpg",300,180,true],"medium_large":["https:\/\/contextoanalisisperiodistico.com\/wp-content\/uploads\/2024\/10\/IMG-20241024-WA0215-768x462.jpg",640,385,true],"large":["https:\/\/contextoanalisisperiodistico.com\/wp-content\/uploads\/2024\/10\/IMG-20241024-WA0215-1024x616.jpg",640,385,true],"1536x1536":["https:\/\/contextoanalisisperiodistico.com\/wp-content\/uploads\/2024\/10\/IMG-20241024-WA0215-1536x924.jpg",1536,924,true],"2048x2048":["https:\/\/contextoanalisisperiodistico.com\/wp-content\/uploads\/2024\/10\/IMG-20241024-WA0215.jpg",1600,962,false],"covernews-slider-full":["https:\/\/contextoanalisisperiodistico.com\/wp-content\/uploads\/2024\/10\/IMG-20241024-WA0215-1115x715.jpg",1115,715,true],"covernews-slider-center":["https:\/\/contextoanalisisperiodistico.com\/wp-content\/uploads\/2024\/10\/IMG-20241024-WA0215-800x500.jpg",800,500,true],"covernews-featured":["https:\/\/contextoanalisisperiodistico.com\/wp-content\/uploads\/2024\/10\/IMG-20241024-WA0215-1024x616.jpg",1024,616,true],"covernews-medium":["https:\/\/contextoanalisisperiodistico.com\/wp-content\/uploads\/2024\/10\/IMG-20241024-WA0215-540x340.jpg",540,340,true],"covernews-medium-square":["https:\/\/contextoanalisisperiodistico.com\/wp-content\/uploads\/2024\/10\/IMG-20241024-WA0215-400x250.jpg",400,250,true]},"author_info":{"display_name":"Mario Gir\u00f3n","author_link":"https:\/\/contextoanalisisperiodistico.com\/index.php\/author\/director\/"},"category_info":"<a href=\"https:\/\/contextoanalisisperiodistico.com\/index.php\/category\/politica\/\" rel=\"category tag\">Pol\u00edtica<\/a>","tag_info":"Pol\u00edtica","comment_count":"0","jetpack_featured_media_url":"https:\/\/contextoanalisisperiodistico.com\/wp-content\/uploads\/2024\/10\/IMG-20241024-WA0215.jpg","_links":{"self":[{"href":"https:\/\/contextoanalisisperiodistico.com\/index.php\/wp-json\/wp\/v2\/posts\/33183"}],"collection":[{"href":"https:\/\/contextoanalisisperiodistico.com\/index.php\/wp-json\/wp\/v2\/posts"}],"about":[{"href":"https:\/\/contextoanalisisperiodistico.com\/index.php\/wp-json\/wp\/v2\/types\/post"}],"author":[{"embeddable":true,"href":"https:\/\/contextoanalisisperiodistico.com\/index.php\/wp-json\/wp\/v2\/users\/4"}],"replies":[{"embeddable":true,"href":"https:\/\/contextoanalisisperiodistico.com\/index.php\/wp-json\/wp\/v2\/comments?post=33183"}],"version-history":[{"count":1,"href":"https:\/\/contextoanalisisperiodistico.com\/index.php\/wp-json\/wp\/v2\/posts\/33183\/revisions"}],"predecessor-version":[{"id":33184,"href":"https:\/\/contextoanalisisperiodistico.com\/index.php\/wp-json\/wp\/v2\/posts\/33183\/revisions\/33184"}],"wp:featuredmedia":[{"embeddable":true,"href":"https:\/\/contextoanalisisperiodistico.com\/index.php\/wp-json\/wp\/v2\/media\/33178"}],"wp:attachment":[{"href":"https:\/\/contextoanalisisperiodistico.com\/index.php\/wp-json\/wp\/v2\/media?parent=33183"}],"wp:term":[{"taxonomy":"category","embeddable":true,"href":"https:\/\/contextoanalisisperiodistico.com\/index.php\/wp-json\/wp\/v2\/categories?post=33183"},{"taxonomy":"post_tag","embeddable":true,"href":"https:\/\/contextoanalisisperiodistico.com\/index.php\/wp-json\/wp\/v2\/tags?post=33183"}],"curies":[{"name":"wp","href":"https:\/\/api.w.org\/{rel}","templated":true}]}}