{"id":33171,"date":"2024-10-24T19:26:27","date_gmt":"2024-10-25T01:26:27","guid":{"rendered":"https:\/\/contextoanalisisperiodistico.com\/index.php\/2024\/10\/24\/supervisa-salomon-jara-danos-en-la-universidad-para-el-bienestar-benito-juarez-de-san-ildefonso-villa-alta\/"},"modified":"2024-10-24T19:26:27","modified_gmt":"2024-10-25T01:26:27","slug":"supervisa-salomon-jara-danos-en-la-universidad-para-el-bienestar-benito-juarez-de-san-ildefonso-villa-alta","status":"publish","type":"post","link":"https:\/\/contextoanalisisperiodistico.com\/index.php\/2024\/10\/24\/supervisa-salomon-jara-danos-en-la-universidad-para-el-bienestar-benito-juarez-de-san-ildefonso-villa-alta\/","title":{"rendered":"Supervisa Salom\u00f3n Jara da\u00f1os en la Universidad para el Bienestar Benito Ju\u00e1rez de San Ildefonso Villa Alta"},"content":{"rendered":"<div id=\"fb-root\"><\/div>\n\n<p>San Ildefonso Villa Alta, Oax. 24 de octubre de 2024.- San Ildefonso Villa Alta, con su clima fr\u00edo y sus monta\u00f1as imponentes, amaneci\u00f3 bajo un cielo despejado; pero con un ambiente sombr\u00edo. La tormenta tropical Nadine dej\u00f3 su huella en la comunidad, y la Universidad para el Bienestar Benito Ju\u00e1rez, ventana al futuro para las juventudes de la sierra, fue una de las principales afectadas.<\/p>\n\n\n\n<figure class=\"wp-block-image size-large\"><img fetchpriority=\"high\" decoding=\"async\" width=\"900\" height=\"600\" src=\"https:\/\/contextoanalisisperiodistico.com\/wp-content\/uploads\/2024\/10\/img-20241024-wa01558214679358051359976.jpg\" alt=\"\" class=\"wp-image-33164\" srcset=\"https:\/\/contextoanalisisperiodistico.com\/wp-content\/uploads\/2024\/10\/img-20241024-wa01558214679358051359976.jpg 900w, https:\/\/contextoanalisisperiodistico.com\/wp-content\/uploads\/2024\/10\/img-20241024-wa01558214679358051359976-300x200.jpg 300w, https:\/\/contextoanalisisperiodistico.com\/wp-content\/uploads\/2024\/10\/img-20241024-wa01558214679358051359976-768x512.jpg 768w\" sizes=\"(max-width: 900px) 100vw, 900px\" \/><\/figure>\n\n\n\n<figure class=\"wp-block-image\"><img decoding=\"async\" width=\"279\" height=\"300\" src=\"https:\/\/contextoanalisisperiodistico.com\/wp-content\/uploads\/2024\/10\/img-20241024-wa01597471671582108762251-279x300.jpg\" alt=\"\" class=\"wp-image-33168\" srcset=\"https:\/\/contextoanalisisperiodistico.com\/wp-content\/uploads\/2024\/10\/img-20241024-wa01597471671582108762251-279x300.jpg 279w, https:\/\/contextoanalisisperiodistico.com\/wp-content\/uploads\/2024\/10\/img-20241024-wa01597471671582108762251-768x825.jpg 768w, https:\/\/contextoanalisisperiodistico.com\/wp-content\/uploads\/2024\/10\/img-20241024-wa01597471671582108762251.jpg 838w\" sizes=\"(max-width: 279px) 100vw, 279px\" \/><\/figure>\n\n\n\n<figure class=\"wp-block-image\"><img decoding=\"async\" width=\"300\" height=\"200\" src=\"https:\/\/contextoanalisisperiodistico.com\/wp-content\/uploads\/2024\/10\/img-20241024-wa01615262742381320058062-300x200.jpg\" alt=\"\" class=\"wp-image-33167\" srcset=\"https:\/\/contextoanalisisperiodistico.com\/wp-content\/uploads\/2024\/10\/img-20241024-wa01615262742381320058062-300x200.jpg 300w, https:\/\/contextoanalisisperiodistico.com\/wp-content\/uploads\/2024\/10\/img-20241024-wa01615262742381320058062-768x512.jpg 768w, https:\/\/contextoanalisisperiodistico.com\/wp-content\/uploads\/2024\/10\/img-20241024-wa01615262742381320058062.jpg 900w\" sizes=\"(max-width: 300px) 100vw, 300px\" \/><\/figure>\n\n\n\n<figure class=\"wp-block-image\"><img loading=\"lazy\" decoding=\"async\" width=\"300\" height=\"200\" src=\"https:\/\/contextoanalisisperiodistico.com\/wp-content\/uploads\/2024\/10\/img-20241024-wa01628558032203943156696-300x200.jpg\" alt=\"\" class=\"wp-image-33165\" srcset=\"https:\/\/contextoanalisisperiodistico.com\/wp-content\/uploads\/2024\/10\/img-20241024-wa01628558032203943156696-300x200.jpg 300w, https:\/\/contextoanalisisperiodistico.com\/wp-content\/uploads\/2024\/10\/img-20241024-wa01628558032203943156696-768x512.jpg 768w, https:\/\/contextoanalisisperiodistico.com\/wp-content\/uploads\/2024\/10\/img-20241024-wa01628558032203943156696.jpg 900w\" sizes=\"(max-width: 300px) 100vw, 300px\" \/><\/figure>\n\n\n\n<figure class=\"wp-block-image\"><img loading=\"lazy\" decoding=\"async\" width=\"300\" height=\"200\" src=\"https:\/\/contextoanalisisperiodistico.com\/wp-content\/uploads\/2024\/10\/img-20241024-wa01601601804548101303173-300x200.jpg\" alt=\"\" class=\"wp-image-33166\" srcset=\"https:\/\/contextoanalisisperiodistico.com\/wp-content\/uploads\/2024\/10\/img-20241024-wa01601601804548101303173-300x200.jpg 300w, https:\/\/contextoanalisisperiodistico.com\/wp-content\/uploads\/2024\/10\/img-20241024-wa01601601804548101303173-768x512.jpg 768w, https:\/\/contextoanalisisperiodistico.com\/wp-content\/uploads\/2024\/10\/img-20241024-wa01601601804548101303173.jpg 900w\" sizes=\"(max-width: 300px) 100vw, 300px\" \/><\/figure>\n\n\n\n<figure class=\"wp-block-image\"><img loading=\"lazy\" decoding=\"async\" width=\"300\" height=\"200\" src=\"https:\/\/contextoanalisisperiodistico.com\/wp-content\/uploads\/2024\/10\/img-20241024-wa01561465369771603215976-300x200.jpg\" alt=\"\" class=\"wp-image-33169\" srcset=\"https:\/\/contextoanalisisperiodistico.com\/wp-content\/uploads\/2024\/10\/img-20241024-wa01561465369771603215976-300x200.jpg 300w, https:\/\/contextoanalisisperiodistico.com\/wp-content\/uploads\/2024\/10\/img-20241024-wa01561465369771603215976-768x512.jpg 768w, https:\/\/contextoanalisisperiodistico.com\/wp-content\/uploads\/2024\/10\/img-20241024-wa01561465369771603215976.jpg 900w\" sizes=\"(max-width: 300px) 100vw, 300px\" \/><\/figure>\n\n\n\n<figure class=\"wp-block-image\"><img loading=\"lazy\" decoding=\"async\" width=\"300\" height=\"200\" src=\"https:\/\/contextoanalisisperiodistico.com\/wp-content\/uploads\/2024\/10\/img-20241024-wa0158689760194899830825-300x200.jpg\" alt=\"\" class=\"wp-image-33170\" srcset=\"https:\/\/contextoanalisisperiodistico.com\/wp-content\/uploads\/2024\/10\/img-20241024-wa0158689760194899830825-300x200.jpg 300w, https:\/\/contextoanalisisperiodistico.com\/wp-content\/uploads\/2024\/10\/img-20241024-wa0158689760194899830825-768x512.jpg 768w, https:\/\/contextoanalisisperiodistico.com\/wp-content\/uploads\/2024\/10\/img-20241024-wa0158689760194899830825.jpg 900w\" sizes=\"(max-width: 300px) 100vw, 300px\" \/><\/figure>\n\n\n\n<p>Un deslizamiento de ladera caus\u00f3 graves da\u00f1os en varias \u00e1reas clave de la instituci\u00f3n: los sanitarios, la biblioteca, la sala audiovisual y un aula quedaron severamente afectados.<\/p>\n\n\n\n<p>Pasado medio d\u00eda, el Gobernador Salom\u00f3n Jara Cruz, sorteando derrumbes, algunos tramos a pie, debido al mal estado de los caminos, lleg\u00f3 al lugar para supervisar los da\u00f1os. Lo recibi\u00f3 Diego Audelo Cordero, el coordinador de la universidad.<\/p>\n\n\n\n<p>El ambiente era de tensi\u00f3n contenida. Mientras Jara Cruz caminaba por los pasillos, Audelo Cordero le explicaba la situaci\u00f3n.<\/p>\n\n\n\n<p>La universidad, que es un s\u00edmbolo de esperanza para las juventudes de esta regi\u00f3n, est\u00e1 ahora seriamente comprometida. Los sanitarios, indispensables para el funcionamiento cotidiano, se da\u00f1aron con fisuras a su alrededor.<\/p>\n\n\n\n<p>El Gobernador, atent\u00f3 a la situaci\u00f3n y tras palpar esta problem\u00e1tica, no dudo en solidarizarse y afirm\u00f3 que la administraci\u00f3n estatal tomar\u00e1 medidas inmediatas, principalmente un estudio profundo de mec\u00e1nica de suelos para entender la estabilidad de la zona, antes de realizar cualquier reconstrucci\u00f3n.<\/p>\n\n\n\n<p>\u201cLas juventudes y su educaci\u00f3n merecen la atenci\u00f3n del gobierno, esto es una prioridad y as\u00ed ser\u00e1n atendidas. No est\u00e1n solos, vamos a trabajar para que tengan un lugar adecuado y seguro para la formaci\u00f3n educativa y profesional\u201d, dijo.<\/p>\n\n\n\n<p>Al terminar la supervisi\u00f3n, el ambiente en la universidad segu\u00eda siendo de preocupaci\u00f3n, pero tambi\u00e9n de esperanza. El titular del Poder Ejecutivo se retir\u00f3, no sin antes reiterar su apoyo y que la Primavera Oaxaque\u00f1a regresar\u00e1 la calidez a esta poblaci\u00f3n.<\/p>\n\n\n\n<p>San Ildefonso, con su clima fresco y su suelo inestable, seguir\u00e1 siendo un reto constante para quienes aqu\u00ed habitan y estudian. Pero la universidad, al igual que su gente, demostrar\u00e1 que incluso frente a las adversidades de la naturaleza, la educaci\u00f3n no se detiene.<\/p>\n\n\n\n<p>-0-<\/p>\n","protected":false},"excerpt":{"rendered":"<p>San Ildefonso Villa Alta, Oax. 24 de octubre de 2024.- San Ildefonso Villa Alta, con&#8230;<\/p>\n","protected":false},"author":4,"featured_media":33163,"comment_status":"","ping_status":"open","sticky":false,"template":"","format":"standard","meta":{"footnotes":""},"categories":[9],"tags":[],"jetpack_sharing_enabled":true,"featured_image_urls":{"full":["https:\/\/contextoanalisisperiodistico.com\/wp-content\/uploads\/2024\/10\/IMG-20241024-WA0154.jpg",900,600,false],"thumbnail":["https:\/\/contextoanalisisperiodistico.com\/wp-content\/uploads\/2024\/10\/IMG-20241024-WA0154-150x150.jpg",150,150,true],"medium":["https:\/\/contextoanalisisperiodistico.com\/wp-content\/uploads\/2024\/10\/IMG-20241024-WA0154-300x200.jpg",300,200,true],"medium_large":["https:\/\/contextoanalisisperiodistico.com\/wp-content\/uploads\/2024\/10\/IMG-20241024-WA0154-768x512.jpg",640,427,true],"large":["https:\/\/contextoanalisisperiodistico.com\/wp-content\/uploads\/2024\/10\/IMG-20241024-WA0154.jpg",640,427,false],"1536x1536":["https:\/\/contextoanalisisperiodistico.com\/wp-content\/uploads\/2024\/10\/IMG-20241024-WA0154.jpg",900,600,false],"2048x2048":["https:\/\/contextoanalisisperiodistico.com\/wp-content\/uploads\/2024\/10\/IMG-20241024-WA0154.jpg",900,600,false],"covernews-slider-full":["https:\/\/contextoanalisisperiodistico.com\/wp-content\/uploads\/2024\/10\/IMG-20241024-WA0154.jpg",900,600,false],"covernews-slider-center":["https:\/\/contextoanalisisperiodistico.com\/wp-content\/uploads\/2024\/10\/IMG-20241024-WA0154-800x500.jpg",800,500,true],"covernews-featured":["https:\/\/contextoanalisisperiodistico.com\/wp-content\/uploads\/2024\/10\/IMG-20241024-WA0154.jpg",900,600,false],"covernews-medium":["https:\/\/contextoanalisisperiodistico.com\/wp-content\/uploads\/2024\/10\/IMG-20241024-WA0154-540x340.jpg",540,340,true],"covernews-medium-square":["https:\/\/contextoanalisisperiodistico.com\/wp-content\/uploads\/2024\/10\/IMG-20241024-WA0154-400x250.jpg",400,250,true]},"author_info":{"display_name":"Mario Gir\u00f3n","author_link":"https:\/\/contextoanalisisperiodistico.com\/index.php\/author\/director\/"},"category_info":"<a href=\"https:\/\/contextoanalisisperiodistico.com\/index.php\/category\/politica\/\" rel=\"category tag\">Pol\u00edtica<\/a>","tag_info":"Pol\u00edtica","comment_count":"0","jetpack_featured_media_url":"https:\/\/contextoanalisisperiodistico.com\/wp-content\/uploads\/2024\/10\/IMG-20241024-WA0154.jpg","_links":{"self":[{"href":"https:\/\/contextoanalisisperiodistico.com\/index.php\/wp-json\/wp\/v2\/posts\/33171"}],"collection":[{"href":"https:\/\/contextoanalisisperiodistico.com\/index.php\/wp-json\/wp\/v2\/posts"}],"about":[{"href":"https:\/\/contextoanalisisperiodistico.com\/index.php\/wp-json\/wp\/v2\/types\/post"}],"author":[{"embeddable":true,"href":"https:\/\/contextoanalisisperiodistico.com\/index.php\/wp-json\/wp\/v2\/users\/4"}],"replies":[{"embeddable":true,"href":"https:\/\/contextoanalisisperiodistico.com\/index.php\/wp-json\/wp\/v2\/comments?post=33171"}],"version-history":[{"count":0,"href":"https:\/\/contextoanalisisperiodistico.com\/index.php\/wp-json\/wp\/v2\/posts\/33171\/revisions"}],"wp:featuredmedia":[{"embeddable":true,"href":"https:\/\/contextoanalisisperiodistico.com\/index.php\/wp-json\/wp\/v2\/media\/33163"}],"wp:attachment":[{"href":"https:\/\/contextoanalisisperiodistico.com\/index.php\/wp-json\/wp\/v2\/media?parent=33171"}],"wp:term":[{"taxonomy":"category","embeddable":true,"href":"https:\/\/contextoanalisisperiodistico.com\/index.php\/wp-json\/wp\/v2\/categories?post=33171"},{"taxonomy":"post_tag","embeddable":true,"href":"https:\/\/contextoanalisisperiodistico.com\/index.php\/wp-json\/wp\/v2\/tags?post=33171"}],"curies":[{"name":"wp","href":"https:\/\/api.w.org\/{rel}","templated":true}]}}