{"id":3317,"date":"2022-05-18T18:40:51","date_gmt":"2022-05-18T23:40:51","guid":{"rendered":"http:\/\/contextoanalisisperiodistico.com.mx\/2022\/05\/18\/ven-con-beneplacito-la-operacion-conjunta-oaxaca-de-juarez-en-el-mercado-de-abasto\/"},"modified":"2022-05-18T18:40:51","modified_gmt":"2022-05-18T23:40:51","slug":"ven-con-beneplacito-la-operacion-conjunta-oaxaca-de-juarez-en-el-mercado-de-abasto","status":"publish","type":"post","link":"https:\/\/contextoanalisisperiodistico.com\/index.php\/2022\/05\/18\/ven-con-beneplacito-la-operacion-conjunta-oaxaca-de-juarez-en-el-mercado-de-abasto\/","title":{"rendered":"Ven con benepl\u00e1cito la \u201cOperaci\u00f3n Conjunta Oaxaca de Ju\u00e1rez\u201d en el mercado de Abasto"},"content":{"rendered":"<div id=\"fb-root\"><\/div>\n\n<p>La presencia de elementos de los tres \u00f3rganos de gobierno que participan en la \u201cOperaci\u00f3n Conjunta Oaxaca de Ju\u00e1rez\u201d es vista con benepl\u00e1cito por comerciantes y sus l\u00edderes del mercado de Abasto.<\/p>\n\n\n\n<p>Al dar a conocer lo anterior, el Secretario de Seguridad Ciudadana, Movilidad y Protecci\u00f3n Civil, Ra\u00fal \u00c1vila Ibarra, se\u00f1al\u00f3 que el operativo conjunto se logr\u00f3 gracia a la coordinaci\u00f3n que existe entre la Guardia Nacional, Secretar\u00eda de Seguridad P\u00fablica de Oaxaca (SSPO) y el municipio capitalino.<\/p>\n\n\n\n<p>Detall\u00f3 que la segunda quincena de abril, cuando se inici\u00f3 la \u201cOperaci\u00f3n Conjunta Oaxaca de Ju\u00e1rez\u201d se reforz\u00f3 la vigilancia en todas las \u00e1reas del mercado de Abasto y sus inmediaciones.<\/p>\n\n\n\n<p>Adem\u00e1s de realizar recorridos apoyados con patrullas y motopatrullas, se aplican patrullajes pie tierra en las zonas con m\u00e1s reportes de incidencia.<\/p>\n\n\n\n<p>De manera conjunta, elementos de la Guardia Nacional, Polic\u00eda Estatal y Polic\u00eda Municipal tambi\u00e9n han instalado filtros de control preventivo provisional para asegurar veh\u00edculos irregulares, con reporte de robo o alg\u00fan objeto prohibido.<\/p>\n\n\n\n<p>\u00c1vila Ibarra, dijo que dentro de esas acciones, se logr\u00f3 tambi\u00e9n la detenci\u00f3n de dos personas del sexo femenino que presuntamente se dedican al narcomenudeo al tener en su poder 87 dosis de hero\u00edna; 60 de piedra; 41 de cristal; 45 de coca\u00edna y 3 de mariguana.<\/p>\n\n\n\n<p>Este mi\u00e9rcoles, durante el operativo conjunto, el secretario general de la \u201cOrganizaci\u00f3n 18 de Agosto\u201d, Mario Escudero Ram\u00edrez, agradeci\u00f3 la labor que realizan los cuerpos de seguridad y les obsequi\u00f3 una caja de mango, adem\u00e1s de reconocer que desde que se implementaron los recorridos conjuntos, ha aumentado la afluencia de compradores en las distintas zonas.<\/p>\n\n\n\n<figure class=\"wp-block-image size-large\"><img decoding=\"async\" src=\"https:\/\/contextoinformacionyanalisisperiodistico.files.wordpress.com\/2022\/05\/img-20220518-wa0058.jpg\" alt=\"\" class=\"wp-image-3313\" \/><\/figure>\n\n\n\n<figure class=\"wp-block-image\"><img decoding=\"async\" src=\"https:\/\/contextoinformacionyanalisisperiodistico.files.wordpress.com\/2022\/05\/img-20220518-wa0059.jpg\" alt=\"\" class=\"wp-image-3314\" \/><\/figure>\n\n\n\n<figure class=\"wp-block-image\"><img decoding=\"async\" src=\"https:\/\/contextoinformacionyanalisisperiodistico.files.wordpress.com\/2022\/05\/img-20220518-wa0060.jpg\" alt=\"\" class=\"wp-image-3315\" \/><\/figure>\n\n\n\n<figure class=\"wp-block-image\"><img decoding=\"async\" src=\"https:\/\/contextoinformacionyanalisisperiodistico.files.wordpress.com\/2022\/05\/img-20220518-wa0061.jpg\" alt=\"\" class=\"wp-image-3316\" \/><\/figure>\n","protected":false},"excerpt":{"rendered":"<p>La presencia de elementos de los tres \u00f3rganos de gobierno que participan en la \u201cOperaci\u00f3n&#8230;<\/p>\n","protected":false},"author":2,"featured_media":0,"comment_status":"open","ping_status":"open","sticky":false,"template":"","format":"standard","meta":{"footnotes":""},"categories":[3,7],"tags":[],"jetpack_sharing_enabled":true,"featured_image_urls":{"full":"","thumbnail":"","medium":"","medium_large":"","large":"","1536x1536":"","2048x2048":"","covernews-slider-full":"","covernews-slider-center":"","covernews-featured":"","covernews-medium":"","covernews-medium-square":""},"author_info":{"display_name":"Miguel","author_link":"https:\/\/contextoanalisisperiodistico.com\/index.php\/author\/editor\/"},"category_info":"<a href=\"https:\/\/contextoanalisisperiodistico.com\/index.php\/category\/ciudad\/\" rel=\"category tag\">Ciudad<\/a> <a href=\"https:\/\/contextoanalisisperiodistico.com\/index.php\/category\/municipios\/\" rel=\"category tag\">Municipios<\/a>","tag_info":"Municipios","comment_count":"0","jetpack_featured_media_url":"","_links":{"self":[{"href":"https:\/\/contextoanalisisperiodistico.com\/index.php\/wp-json\/wp\/v2\/posts\/3317"}],"collection":[{"href":"https:\/\/contextoanalisisperiodistico.com\/index.php\/wp-json\/wp\/v2\/posts"}],"about":[{"href":"https:\/\/contextoanalisisperiodistico.com\/index.php\/wp-json\/wp\/v2\/types\/post"}],"author":[{"embeddable":true,"href":"https:\/\/contextoanalisisperiodistico.com\/index.php\/wp-json\/wp\/v2\/users\/2"}],"replies":[{"embeddable":true,"href":"https:\/\/contextoanalisisperiodistico.com\/index.php\/wp-json\/wp\/v2\/comments?post=3317"}],"version-history":[{"count":0,"href":"https:\/\/contextoanalisisperiodistico.com\/index.php\/wp-json\/wp\/v2\/posts\/3317\/revisions"}],"wp:attachment":[{"href":"https:\/\/contextoanalisisperiodistico.com\/index.php\/wp-json\/wp\/v2\/media?parent=3317"}],"wp:term":[{"taxonomy":"category","embeddable":true,"href":"https:\/\/contextoanalisisperiodistico.com\/index.php\/wp-json\/wp\/v2\/categories?post=3317"},{"taxonomy":"post_tag","embeddable":true,"href":"https:\/\/contextoanalisisperiodistico.com\/index.php\/wp-json\/wp\/v2\/tags?post=3317"}],"curies":[{"name":"wp","href":"https:\/\/api.w.org\/{rel}","templated":true}]}}