{"id":33130,"date":"2024-10-24T14:37:39","date_gmt":"2024-10-24T20:37:39","guid":{"rendered":"https:\/\/contextoanalisisperiodistico.com\/index.php\/2024\/10\/24\/que-investigue-judicatura-posibles-delitos-de-paristas-contra-la-administracion-de-justicia-nino-morales\/"},"modified":"2024-10-24T14:37:39","modified_gmt":"2024-10-24T20:37:39","slug":"que-investigue-judicatura-posibles-delitos-de-paristas-contra-la-administracion-de-justicia-nino-morales","status":"publish","type":"post","link":"https:\/\/contextoanalisisperiodistico.com\/index.php\/2024\/10\/24\/que-investigue-judicatura-posibles-delitos-de-paristas-contra-la-administracion-de-justicia-nino-morales\/","title":{"rendered":"Que investigue Judicatura posibles delitos de paristas contra la administraci\u00f3n de justicia: Nino Morales"},"content":{"rendered":"<div id=\"fb-root\"><\/div>\n\n<p>\u2022 Paro, ha dejado miles de casos sin resolver, como el del periodista, Ciro G\u00f3mez Leyva<\/p>\n\n\n\n<p>Nadie en el Poder Judicial puede ordenar dar marcha atr\u00e1s a la reforma que aprob\u00f3 el Constituyente Permanente y, el Consejo de la Judicatura, deber\u00e1 investigar y sancionar no solo a la jueza Nancy Ju\u00e1rez, que ha pedido anular el decreto promulgado en el Diario Oficial, sino a quienes est\u00e1n obstruyendo la aplicaci\u00f3n de la justicia y ya afectaron m\u00e1s de un mill\u00f3n de casos en curso.<\/p>\n\n\n\n<p>As\u00ed lo afirm\u00f3 el senador por Oaxaca Antonino Morales Toledo, quien demand\u00f3 que la jueza Ju\u00e1rez Salas sea suspendida de su cargo en el Juzgado D\u00e9cimo Noveno de Distrito en Coatzacoalcos, Veracruz, debido al negro historial que precede su actuaci\u00f3n y que va desde el acoso laboral hasta el descuido en el cumplimiento de funciones.<\/p>\n\n\n\n<p>El legislador zapoteco, advirti\u00f3 que los juzgadores que se oponen a la reforma judicial, encabezados por su l\u00edder Patricia Aguayo, incurren en la probable comisi\u00f3n de delitos contra la administraci\u00f3n de la Justicia, pero adem\u00e1s su actuaci\u00f3n se podr\u00eda agravar porque han amagado con boicotear y frenar judicios en asuntos de inter\u00e9s fundamental y prioritario del Gobierno federal, inclusive de orden econ\u00f3mico.<\/p>\n\n\n\n<p>\u201cNos enfrentamos a una verdadera autocracia, pero la raz\u00f3n y el derecho est\u00e1 de nuestro lado y la voluntad del pueblo ya decidi\u00f3 a favor de un Poder Judicial democr\u00e1tico\u201d, indic\u00f3.<\/p>\n\n\n\n<p>Nino Morales refiri\u00f3 que la ministra de la Suprema Corte, Lenia Batres, calcul\u00f3 un da\u00f1o econ\u00f3mico hasta hoy de m\u00e1s de 11 mil 706 millones de pesos, por el paro de labores del poder judicial iniciado el 16 de agosto.<\/p>\n\n\n\n<p>\u201cNo podemos permitir que siga esta afectaci\u00f3n, no solo econ\u00f3mica, sino que vulnera derechos de las y los mexicanos a tener una justicia pronta y expedita. Es hora de que el Consejo de la de Judicatura los llame a cuentas\u201d, reclam\u00f3 el legislador oaxaque\u00f1o.<\/p>\n\n\n\n<p>Quien record\u00f3 que el paro en el Poder Judicial impact\u00f3 en la suspensi\u00f3n de audiencias en juicios laborales, administrativos, penales y de amparo que han dejado casos sin resolver, como recientemente mencion\u00f3 el periodista Ciro G\u00f3mez Leyva, quien dijo que un d\u00eda antes del paro se realizar\u00eda la audiencia en la que se iba a imputar al \u201cPatr\u00f3n\u201d por tentativa de homicidio en su contra.<\/p>\n\n\n\n<p>Adem\u00e1s, ha dejado a mujeres v\u00edctimas de violencia intrafamiliar en la indefensi\u00f3n, a madres de familia sin el juicio de pensi\u00f3n para sus hijos, demandas de divorcio sin resoluci\u00f3n, \u201ces decir, temas que directamente le pegan a una familia, pero otros muy delicados que tienen que ver con el cambio de medidas cautelares o de sentencia, juicios de extradici\u00f3n o de extinci\u00f3n de dominio\u201d.<\/p>\n\n\n\n<p>En ese sentido, Antonino Morales se\u00f1al\u00f3 que la jueza que orden\u00f3 retirar el decreto de la reforma judicial no tiene facultades para ello, pero tampoco calidad moral porque ha quedado exhibido su negro historial con quejas de diversos tipos ante el Consejo de la Judicatura que desde 2021 la suspendi\u00f3 por tres denuncias por desempe\u00f1o deficiente, incumplimiento del horario de trabajo, nepotismo, acoso laboral.<\/p>\n\n\n\n<p>Otro tema grave, acus\u00f3 el senador Nino Morales, es que ya fue investigada por denuncias de falta de profesionalismo y abusos de funciones.<\/p>\n\n\n\n<p><\/p>\n\n\n\n<p><\/p>\n","protected":false},"excerpt":{"rendered":"<p>\u2022 Paro, ha dejado miles de casos sin resolver, como el del periodista, Ciro G\u00f3mez&#8230;<\/p>\n","protected":false},"author":4,"featured_media":33129,"comment_status":"","ping_status":"open","sticky":false,"template":"","format":"standard","meta":{"footnotes":""},"categories":[9],"tags":[20,22,182,195],"jetpack_sharing_enabled":true,"featured_image_urls":{"full":["https:\/\/contextoanalisisperiodistico.com\/wp-content\/uploads\/2024\/10\/IMG-20241024-WA0082.jpg",1600,1070,false],"thumbnail":["https:\/\/contextoanalisisperiodistico.com\/wp-content\/uploads\/2024\/10\/IMG-20241024-WA0082-150x150.jpg",150,150,true],"medium":["https:\/\/contextoanalisisperiodistico.com\/wp-content\/uploads\/2024\/10\/IMG-20241024-WA0082-300x201.jpg",300,201,true],"medium_large":["https:\/\/contextoanalisisperiodistico.com\/wp-content\/uploads\/2024\/10\/IMG-20241024-WA0082-768x514.jpg",640,428,true],"large":["https:\/\/contextoanalisisperiodistico.com\/wp-content\/uploads\/2024\/10\/IMG-20241024-WA0082-1024x685.jpg",640,428,true],"1536x1536":["https:\/\/contextoanalisisperiodistico.com\/wp-content\/uploads\/2024\/10\/IMG-20241024-WA0082-1536x1027.jpg",1536,1027,true],"2048x2048":["https:\/\/contextoanalisisperiodistico.com\/wp-content\/uploads\/2024\/10\/IMG-20241024-WA0082.jpg",1600,1070,false],"covernews-slider-full":["https:\/\/contextoanalisisperiodistico.com\/wp-content\/uploads\/2024\/10\/IMG-20241024-WA0082-1115x715.jpg",1115,715,true],"covernews-slider-center":["https:\/\/contextoanalisisperiodistico.com\/wp-content\/uploads\/2024\/10\/IMG-20241024-WA0082-800x500.jpg",800,500,true],"covernews-featured":["https:\/\/contextoanalisisperiodistico.com\/wp-content\/uploads\/2024\/10\/IMG-20241024-WA0082-1024x685.jpg",1024,685,true],"covernews-medium":["https:\/\/contextoanalisisperiodistico.com\/wp-content\/uploads\/2024\/10\/IMG-20241024-WA0082-540x340.jpg",540,340,true],"covernews-medium-square":["https:\/\/contextoanalisisperiodistico.com\/wp-content\/uploads\/2024\/10\/IMG-20241024-WA0082-400x250.jpg",400,250,true]},"author_info":{"display_name":"Mario Gir\u00f3n","author_link":"https:\/\/contextoanalisisperiodistico.com\/index.php\/author\/director\/"},"category_info":"<a href=\"https:\/\/contextoanalisisperiodistico.com\/index.php\/category\/politica\/\" rel=\"category tag\">Pol\u00edtica<\/a>","tag_info":"Pol\u00edtica","comment_count":"0","jetpack_featured_media_url":"https:\/\/contextoanalisisperiodistico.com\/wp-content\/uploads\/2024\/10\/IMG-20241024-WA0082.jpg","_links":{"self":[{"href":"https:\/\/contextoanalisisperiodistico.com\/index.php\/wp-json\/wp\/v2\/posts\/33130"}],"collection":[{"href":"https:\/\/contextoanalisisperiodistico.com\/index.php\/wp-json\/wp\/v2\/posts"}],"about":[{"href":"https:\/\/contextoanalisisperiodistico.com\/index.php\/wp-json\/wp\/v2\/types\/post"}],"author":[{"embeddable":true,"href":"https:\/\/contextoanalisisperiodistico.com\/index.php\/wp-json\/wp\/v2\/users\/4"}],"replies":[{"embeddable":true,"href":"https:\/\/contextoanalisisperiodistico.com\/index.php\/wp-json\/wp\/v2\/comments?post=33130"}],"version-history":[{"count":0,"href":"https:\/\/contextoanalisisperiodistico.com\/index.php\/wp-json\/wp\/v2\/posts\/33130\/revisions"}],"wp:featuredmedia":[{"embeddable":true,"href":"https:\/\/contextoanalisisperiodistico.com\/index.php\/wp-json\/wp\/v2\/media\/33129"}],"wp:attachment":[{"href":"https:\/\/contextoanalisisperiodistico.com\/index.php\/wp-json\/wp\/v2\/media?parent=33130"}],"wp:term":[{"taxonomy":"category","embeddable":true,"href":"https:\/\/contextoanalisisperiodistico.com\/index.php\/wp-json\/wp\/v2\/categories?post=33130"},{"taxonomy":"post_tag","embeddable":true,"href":"https:\/\/contextoanalisisperiodistico.com\/index.php\/wp-json\/wp\/v2\/tags?post=33130"}],"curies":[{"name":"wp","href":"https:\/\/api.w.org\/{rel}","templated":true}]}}