{"id":3311,"date":"2022-05-18T15:19:48","date_gmt":"2022-05-18T20:19:48","guid":{"rendered":"http:\/\/contextoanalisisperiodistico.com.mx\/2022\/05\/18\/captura-policia-municipal-a-joven-por-robo-de-celular-con-valor-de-11-mil-pesos\/"},"modified":"2022-05-18T15:19:48","modified_gmt":"2022-05-18T20:19:48","slug":"captura-policia-municipal-a-joven-por-robo-de-celular-con-valor-de-11-mil-pesos","status":"publish","type":"post","link":"https:\/\/contextoanalisisperiodistico.com\/index.php\/2022\/05\/18\/captura-policia-municipal-a-joven-por-robo-de-celular-con-valor-de-11-mil-pesos\/","title":{"rendered":"Captura polic\u00eda municipal a joven por robo de celular con valor de 11 mil pesos"},"content":{"rendered":"<div id=\"fb-root\"><\/div>\n\n<p>Polic\u00edas municipales adscritos a la Unidad de Atenci\u00f3n a V\u00edctimas por Raz\u00f3n de G\u00e9nero realizaron la detenci\u00f3n de una persona cuando escapaba luego de que presuntamente rob\u00f3 un tel\u00e9fono celular.<\/p>\n\n\n\n<p>El Secretario de Seguridad Ciudadana, Movilidad y Protecci\u00f3n Civil, Ra\u00fal \u00c1vila Ibarra, dio a conocer que los hechos ocurrieron la ma\u00f1ana de este mi\u00e9rcoles cuando los elementos de Proximidad Social realizaban labores de prevenci\u00f3n y vigilancia en el centro de la ciudad.<\/p>\n\n\n\n<p>Al circular en la calle de Trujano, frente a un establecimiento de venta de tel\u00e9fonos celulares, observaron que un sujeto sali\u00f3 corriendo del mismo, al mismo tiempo una empleada sali\u00f3 tras \u00e9l y comenz\u00f3 a pedir auxilio.<\/p>\n\n\n\n<p>La acci\u00f3n fue detectada por los elementos, quienes junto con la empleada le dieron seguimiento al presunto ladr\u00f3n y lo interceptaron metros adelante, observando que el sujeto lanzaba un objeto al suelo. Al acercarse, descubrieron que se trataba del tel\u00e9fono del que se hab\u00eda apoderado en el establecimiento.<\/p>\n\n\n\n<p>La empleada dijo que minutos antes, el desconocido lleg\u00f3 al local y le pidi\u00f3 que le mostrara un tel\u00e9fono, cuyo costo supera los 11 mil pesos. Pero una vez que lo tuvo en sus manos, sali\u00f3 corriendo del local, por lo cual pidi\u00f3 su detenci\u00f3n. El presunto responsable dijo llamarse Hades U. Z. de 26 a\u00f1os de edad, quien fue consignado a la Fiscal\u00eda General del Estado para determinar su situaci\u00f3n jur\u00eddica.<\/p>\n\n\n\n<p>Al respecto, el secretario \u00c1vila Ibarra indico que los elementos de la Polic\u00eda Municipal mantienen patrullajes de prevenci\u00f3n, disuasi\u00f3n y vigilancia de manera permanente en la jurisdicci\u00f3n para garantizar la seguridad p\u00fablica.<\/p>\n","protected":false},"excerpt":{"rendered":"<p>Polic\u00edas municipales adscritos a la Unidad de Atenci\u00f3n a V\u00edctimas por Raz\u00f3n de G\u00e9nero realizaron&#8230;<\/p>\n","protected":false},"author":2,"featured_media":0,"comment_status":"open","ping_status":"open","sticky":false,"template":"","format":"standard","meta":{"footnotes":""},"categories":[10],"tags":[],"jetpack_sharing_enabled":true,"featured_image_urls":{"full":"","thumbnail":"","medium":"","medium_large":"","large":"","1536x1536":"","2048x2048":"","covernews-slider-full":"","covernews-slider-center":"","covernews-featured":"","covernews-medium":"","covernews-medium-square":""},"author_info":{"display_name":"Miguel","author_link":"https:\/\/contextoanalisisperiodistico.com\/index.php\/author\/editor\/"},"category_info":"<a href=\"https:\/\/contextoanalisisperiodistico.com\/index.php\/category\/seguridad\/\" rel=\"category tag\">Seguridad<\/a>","tag_info":"Seguridad","comment_count":"0","jetpack_featured_media_url":"","_links":{"self":[{"href":"https:\/\/contextoanalisisperiodistico.com\/index.php\/wp-json\/wp\/v2\/posts\/3311"}],"collection":[{"href":"https:\/\/contextoanalisisperiodistico.com\/index.php\/wp-json\/wp\/v2\/posts"}],"about":[{"href":"https:\/\/contextoanalisisperiodistico.com\/index.php\/wp-json\/wp\/v2\/types\/post"}],"author":[{"embeddable":true,"href":"https:\/\/contextoanalisisperiodistico.com\/index.php\/wp-json\/wp\/v2\/users\/2"}],"replies":[{"embeddable":true,"href":"https:\/\/contextoanalisisperiodistico.com\/index.php\/wp-json\/wp\/v2\/comments?post=3311"}],"version-history":[{"count":0,"href":"https:\/\/contextoanalisisperiodistico.com\/index.php\/wp-json\/wp\/v2\/posts\/3311\/revisions"}],"wp:attachment":[{"href":"https:\/\/contextoanalisisperiodistico.com\/index.php\/wp-json\/wp\/v2\/media?parent=3311"}],"wp:term":[{"taxonomy":"category","embeddable":true,"href":"https:\/\/contextoanalisisperiodistico.com\/index.php\/wp-json\/wp\/v2\/categories?post=3311"},{"taxonomy":"post_tag","embeddable":true,"href":"https:\/\/contextoanalisisperiodistico.com\/index.php\/wp-json\/wp\/v2\/tags?post=3311"}],"curies":[{"name":"wp","href":"https:\/\/api.w.org\/{rel}","templated":true}]}}