{"id":33107,"date":"2024-10-23T20:59:42","date_gmt":"2024-10-24T02:59:42","guid":{"rendered":"https:\/\/contextoanalisisperiodistico.com\/index.php\/2024\/10\/23\/en-jurisdiccion-sanitaria-valles-centrales-tercera-reunion-de-municipios-por-la-salud\/"},"modified":"2024-10-23T20:59:42","modified_gmt":"2024-10-24T02:59:42","slug":"en-jurisdiccion-sanitaria-valles-centrales-tercera-reunion-de-municipios-por-la-salud","status":"publish","type":"post","link":"https:\/\/contextoanalisisperiodistico.com\/index.php\/2024\/10\/23\/en-jurisdiccion-sanitaria-valles-centrales-tercera-reunion-de-municipios-por-la-salud\/","title":{"rendered":"En Jurisdicci\u00f3n Sanitaria Valles Centrales, tercera reuni\u00f3n de Municipios por la Salud"},"content":{"rendered":"<div id=\"fb-root\"><\/div>\n\n<p>\u2022 Con la participaci\u00f3n de 25 autoridades municipales se acord\u00f3 impulsar y fortalecer la participaci\u00f3n de pol\u00edticas en el desarrollo de entornos favorables para la salud<\/p>\n\n\n\n<p>Oaxaca de Ju\u00e1rez, Oax. 23 de octubre de 2024.- A fin de compartir experiencias, proyectos y acciones para mejorar el bienestar de la poblaci\u00f3n, Servicios de Salud de Oaxaca (SSO), a trav\u00e9s de la Jurisdicci\u00f3n Sanitaria 1 Valles Centrales, realizaron la tercera reuni\u00f3n de Municipios por la Salud.<\/p>\n\n\n\n<p>En el encuentro se acord\u00f3 impulsar y fortalecer la participaci\u00f3n de las autoridades municipales en el desarrollo de entornos favorables para la salud, as\u00ed como de competencias y el empoderamiento de la poblaci\u00f3n, en acciones de promoci\u00f3n y autocuidado, se\u00f1al\u00f3, la jefa Jurisdiccional, Aurelia Guerra Mart\u00ednez.<\/p>\n\n\n\n<p>A\u00f1adi\u00f3 que la indicaci\u00f3n del encargado del despacho de los SSO, Efr\u00e9n Emmanuel Jarqu\u00edn Gonz\u00e1lez, es de establecer espacios que permitan sumar esfuerzos e involucrar a todos los sectores como son instituciones de salud, sociedad y gobierno para favorecer acciones que se traducen en condiciones efectivas para que las y los oaxaque\u00f1os mejoren su salud, calidad de vida y se favorezca el desarrollo social de la entidad.<\/p>\n\n\n\n<p>Durante la reuni\u00f3n se abord\u00f3 el panorama epidemiol\u00f3gico de los padecimientos m\u00e1s comunes que aquejan a las localidades de Valles Centrales, como es el caso del virus del dengue, al respecto hizo un llamado para sumarse a la estrategia de Patio Limpio, lo cual permitir\u00e1 reducir el n\u00famero de casos, ya que la colaboraci\u00f3n de los Ayuntamientos es fundamental para disminuir la reproducci\u00f3n del mosquito transmisor.<\/p>\n\n\n\n<p>Del mismo modo, se dieron a conocer las atribuciones y alcances de las autoridades municipales en materia de cuidado y fomento sanitario, as\u00ed como la importancia de la regulaci\u00f3n sanitaria de comercios y tratamiento adecuado del agua, por mencionar algunas.<\/p>\n\n\n\n<p>Finalmente, Guerra Mart\u00ednez agradeci\u00f3 la participaci\u00f3n activa y entusiasta de las autoridades, al compartir experiencias de \u00e9xito que enriquecen el desarrollo de pol\u00edticas p\u00fablicas enfocadas en la prevenci\u00f3n de enfermedades y consolidar generaciones saludables.<\/p>\n\n\n\n<p>Se cont\u00f3 con la participaci\u00f3n de 25 municipios, entre ellos Villa de Zaachila, Guadalupe Etla, Teotitl\u00e1n de Flores Mag\u00f3n, San Lorenzo Cacaotepec y San Agust\u00edn de las Juntas.<br \/>-0-<\/p>\n\n\n\n<figure class=\"wp-block-image size-large\"><img fetchpriority=\"high\" decoding=\"async\" width=\"1024\" height=\"576\" src=\"https:\/\/contextoanalisisperiodistico.com\/wp-content\/uploads\/2024\/10\/img-20241023-wa01913675570029115908146-1024x576.jpg\" alt=\"\" class=\"wp-image-33105\" srcset=\"https:\/\/contextoanalisisperiodistico.com\/wp-content\/uploads\/2024\/10\/img-20241023-wa01913675570029115908146-1024x576.jpg 1024w, https:\/\/contextoanalisisperiodistico.com\/wp-content\/uploads\/2024\/10\/img-20241023-wa01913675570029115908146-300x169.jpg 300w, https:\/\/contextoanalisisperiodistico.com\/wp-content\/uploads\/2024\/10\/img-20241023-wa01913675570029115908146-768x432.jpg 768w, https:\/\/contextoanalisisperiodistico.com\/wp-content\/uploads\/2024\/10\/img-20241023-wa01913675570029115908146-1536x864.jpg 1536w, https:\/\/contextoanalisisperiodistico.com\/wp-content\/uploads\/2024\/10\/img-20241023-wa01913675570029115908146.jpg 1600w\" sizes=\"(max-width: 1024px) 100vw, 1024px\" \/><\/figure>\n\n\n\n<figure class=\"wp-block-image\"><img decoding=\"async\" width=\"1024\" height=\"612\" src=\"https:\/\/contextoanalisisperiodistico.com\/wp-content\/uploads\/2024\/10\/img-20241023-wa01908249870463567529071-1024x612.jpg\" alt=\"\" class=\"wp-image-33106\" srcset=\"https:\/\/contextoanalisisperiodistico.com\/wp-content\/uploads\/2024\/10\/img-20241023-wa01908249870463567529071-1024x612.jpg 1024w, https:\/\/contextoanalisisperiodistico.com\/wp-content\/uploads\/2024\/10\/img-20241023-wa01908249870463567529071-300x179.jpg 300w, https:\/\/contextoanalisisperiodistico.com\/wp-content\/uploads\/2024\/10\/img-20241023-wa01908249870463567529071-768x459.jpg 768w, https:\/\/contextoanalisisperiodistico.com\/wp-content\/uploads\/2024\/10\/img-20241023-wa01908249870463567529071-1536x919.jpg 1536w, https:\/\/contextoanalisisperiodistico.com\/wp-content\/uploads\/2024\/10\/img-20241023-wa01908249870463567529071.jpg 1600w\" sizes=\"(max-width: 1024px) 100vw, 1024px\" \/><\/figure>\n","protected":false},"excerpt":{"rendered":"<p>\u2022 Con la participaci\u00f3n de 25 autoridades municipales se acord\u00f3 impulsar y fortalecer la participaci\u00f3n&#8230;<\/p>\n","protected":false},"author":4,"featured_media":33104,"comment_status":"","ping_status":"open","sticky":false,"template":"","format":"standard","meta":{"footnotes":""},"categories":[9],"tags":[],"jetpack_sharing_enabled":true,"featured_image_urls":{"full":["https:\/\/contextoanalisisperiodistico.com\/wp-content\/uploads\/2024\/10\/IMG-20241023-WA0189.jpg",1600,866,false],"thumbnail":["https:\/\/contextoanalisisperiodistico.com\/wp-content\/uploads\/2024\/10\/IMG-20241023-WA0189-150x150.jpg",150,150,true],"medium":["https:\/\/contextoanalisisperiodistico.com\/wp-content\/uploads\/2024\/10\/IMG-20241023-WA0189-300x162.jpg",300,162,true],"medium_large":["https:\/\/contextoanalisisperiodistico.com\/wp-content\/uploads\/2024\/10\/IMG-20241023-WA0189-768x416.jpg",640,347,true],"large":["https:\/\/contextoanalisisperiodistico.com\/wp-content\/uploads\/2024\/10\/IMG-20241023-WA0189-1024x554.jpg",640,346,true],"1536x1536":["https:\/\/contextoanalisisperiodistico.com\/wp-content\/uploads\/2024\/10\/IMG-20241023-WA0189-1536x831.jpg",1536,831,true],"2048x2048":["https:\/\/contextoanalisisperiodistico.com\/wp-content\/uploads\/2024\/10\/IMG-20241023-WA0189.jpg",1600,866,false],"covernews-slider-full":["https:\/\/contextoanalisisperiodistico.com\/wp-content\/uploads\/2024\/10\/IMG-20241023-WA0189-1115x715.jpg",1115,715,true],"covernews-slider-center":["https:\/\/contextoanalisisperiodistico.com\/wp-content\/uploads\/2024\/10\/IMG-20241023-WA0189-800x500.jpg",800,500,true],"covernews-featured":["https:\/\/contextoanalisisperiodistico.com\/wp-content\/uploads\/2024\/10\/IMG-20241023-WA0189-1024x554.jpg",1024,554,true],"covernews-medium":["https:\/\/contextoanalisisperiodistico.com\/wp-content\/uploads\/2024\/10\/IMG-20241023-WA0189-540x340.jpg",540,340,true],"covernews-medium-square":["https:\/\/contextoanalisisperiodistico.com\/wp-content\/uploads\/2024\/10\/IMG-20241023-WA0189-400x250.jpg",400,250,true]},"author_info":{"display_name":"Mario Gir\u00f3n","author_link":"https:\/\/contextoanalisisperiodistico.com\/index.php\/author\/director\/"},"category_info":"<a href=\"https:\/\/contextoanalisisperiodistico.com\/index.php\/category\/politica\/\" rel=\"category tag\">Pol\u00edtica<\/a>","tag_info":"Pol\u00edtica","comment_count":"0","jetpack_featured_media_url":"https:\/\/contextoanalisisperiodistico.com\/wp-content\/uploads\/2024\/10\/IMG-20241023-WA0189.jpg","_links":{"self":[{"href":"https:\/\/contextoanalisisperiodistico.com\/index.php\/wp-json\/wp\/v2\/posts\/33107"}],"collection":[{"href":"https:\/\/contextoanalisisperiodistico.com\/index.php\/wp-json\/wp\/v2\/posts"}],"about":[{"href":"https:\/\/contextoanalisisperiodistico.com\/index.php\/wp-json\/wp\/v2\/types\/post"}],"author":[{"embeddable":true,"href":"https:\/\/contextoanalisisperiodistico.com\/index.php\/wp-json\/wp\/v2\/users\/4"}],"replies":[{"embeddable":true,"href":"https:\/\/contextoanalisisperiodistico.com\/index.php\/wp-json\/wp\/v2\/comments?post=33107"}],"version-history":[{"count":0,"href":"https:\/\/contextoanalisisperiodistico.com\/index.php\/wp-json\/wp\/v2\/posts\/33107\/revisions"}],"wp:featuredmedia":[{"embeddable":true,"href":"https:\/\/contextoanalisisperiodistico.com\/index.php\/wp-json\/wp\/v2\/media\/33104"}],"wp:attachment":[{"href":"https:\/\/contextoanalisisperiodistico.com\/index.php\/wp-json\/wp\/v2\/media?parent=33107"}],"wp:term":[{"taxonomy":"category","embeddable":true,"href":"https:\/\/contextoanalisisperiodistico.com\/index.php\/wp-json\/wp\/v2\/categories?post=33107"},{"taxonomy":"post_tag","embeddable":true,"href":"https:\/\/contextoanalisisperiodistico.com\/index.php\/wp-json\/wp\/v2\/tags?post=33107"}],"curies":[{"name":"wp","href":"https:\/\/api.w.org\/{rel}","templated":true}]}}