{"id":33103,"date":"2024-10-23T20:52:08","date_gmt":"2024-10-24T02:52:08","guid":{"rendered":"https:\/\/contextoanalisisperiodistico.com\/index.php\/2024\/10\/23\/anuncian-a-personas-ganadoras-del-premio-estatal-del-deporte-2024\/"},"modified":"2024-10-23T20:52:08","modified_gmt":"2024-10-24T02:52:08","slug":"anuncian-a-personas-ganadoras-del-premio-estatal-del-deporte-2024","status":"publish","type":"post","link":"https:\/\/contextoanalisisperiodistico.com\/index.php\/2024\/10\/23\/anuncian-a-personas-ganadoras-del-premio-estatal-del-deporte-2024\/","title":{"rendered":"Anuncian a personas ganadoras del Premio Estatal del Deporte 2024"},"content":{"rendered":"<div id=\"fb-root\"><\/div>\n\n<p>\u2022 La paraciclista Gilda Andrea Hern\u00e1ndez Ram\u00edrez y el taekwondo\u00edn William de Jes\u00fas Arroyo Reyes obtuvieron la categor\u00eda Mejor Deportista<\/p>\n\n\n\n<figure class=\"wp-block-image size-large\"><img fetchpriority=\"high\" decoding=\"async\" width=\"1024\" height=\"682\" src=\"https:\/\/contextoanalisisperiodistico.com\/wp-content\/uploads\/2024\/10\/img-20241023-wa01484816710980908005935-1024x682.jpg\" alt=\"\" class=\"wp-image-33101\" srcset=\"https:\/\/contextoanalisisperiodistico.com\/wp-content\/uploads\/2024\/10\/img-20241023-wa01484816710980908005935-1024x682.jpg 1024w, https:\/\/contextoanalisisperiodistico.com\/wp-content\/uploads\/2024\/10\/img-20241023-wa01484816710980908005935-300x200.jpg 300w, https:\/\/contextoanalisisperiodistico.com\/wp-content\/uploads\/2024\/10\/img-20241023-wa01484816710980908005935-768x512.jpg 768w, https:\/\/contextoanalisisperiodistico.com\/wp-content\/uploads\/2024\/10\/img-20241023-wa01484816710980908005935-1536x1023.jpg 1536w, https:\/\/contextoanalisisperiodistico.com\/wp-content\/uploads\/2024\/10\/img-20241023-wa01484816710980908005935.jpg 1600w\" sizes=\"(max-width: 1024px) 100vw, 1024px\" \/><\/figure>\n\n\n\n<figure class=\"wp-block-image\"><img decoding=\"async\" width=\"1024\" height=\"682\" src=\"https:\/\/contextoanalisisperiodistico.com\/wp-content\/uploads\/2024\/10\/img-20241023-wa01503152654343377884279-1024x682.jpg\" alt=\"\" class=\"wp-image-33102\" srcset=\"https:\/\/contextoanalisisperiodistico.com\/wp-content\/uploads\/2024\/10\/img-20241023-wa01503152654343377884279-1024x682.jpg 1024w, https:\/\/contextoanalisisperiodistico.com\/wp-content\/uploads\/2024\/10\/img-20241023-wa01503152654343377884279-300x200.jpg 300w, https:\/\/contextoanalisisperiodistico.com\/wp-content\/uploads\/2024\/10\/img-20241023-wa01503152654343377884279-768x512.jpg 768w, https:\/\/contextoanalisisperiodistico.com\/wp-content\/uploads\/2024\/10\/img-20241023-wa01503152654343377884279-1536x1023.jpg 1536w, https:\/\/contextoanalisisperiodistico.com\/wp-content\/uploads\/2024\/10\/img-20241023-wa01503152654343377884279.jpg 1600w\" sizes=\"(max-width: 1024px) 100vw, 1024px\" \/><\/figure>\n\n\n\n<figure class=\"wp-block-image\"><img decoding=\"async\" width=\"300\" height=\"200\" src=\"https:\/\/contextoanalisisperiodistico.com\/wp-content\/uploads\/2024\/10\/img-20241023-wa015128441369466365664-300x200.jpg\" alt=\"\" class=\"wp-image-33100\" srcset=\"https:\/\/contextoanalisisperiodistico.com\/wp-content\/uploads\/2024\/10\/img-20241023-wa015128441369466365664-300x200.jpg 300w, https:\/\/contextoanalisisperiodistico.com\/wp-content\/uploads\/2024\/10\/img-20241023-wa015128441369466365664.jpg 720w\" sizes=\"(max-width: 300px) 100vw, 300px\" \/><\/figure>\n\n\n\n<p>\u2022 El galard\u00f3n de la categor\u00eda Entrenador fue para V\u00edctor Hugo Arroyo Granados de taekwondo y David Mart\u00ednez Arcos de parapowerlifting<\/p>\n\n\n\n<p>Oaxaca de Ju\u00e1rez, Oax. 23 de octubre de 2024.- El Instituto del Deporte (Indeporte) anunci\u00f3 a las personas ganadoras del Premio Estatal del Deporte 2024, el m\u00e1ximo galard\u00f3n que otorga el Gobierno de Oaxaca a las y los atletas, entrenadores y promotores por su trayectoria y m\u00e9rito en el \u00e1mbito deportivo.<\/p>\n\n\n\n<p>Despu\u00e9s de evaluar minuciosamente los logros obtenidos del 11 de octubre del 2023 al 11 de octubre de 2024, el jurado calificador seleccion\u00f3 de entre 15 candidaturas a la paraciclista Gilda Andrea Hern\u00e1ndez Ram\u00edrez y al taekwondo\u00edn William de Jes\u00fas Arroyo Reyes en la categor\u00eda Mejor Deportista.<\/p>\n\n\n\n<p>El galard\u00f3n de la categor\u00eda Entrenador fue para V\u00edctor Hugo Arroyo Granados de taekwondo y David Mart\u00ednez Arcos de parapowerlifting.<\/p>\n\n\n\n<p>La ceremonia de premiaci\u00f3n se llevar\u00e1 a cabo en el marco del Desfile C\u00edvico Deportivo del Aniversario de la Revoluci\u00f3n Mexicana. Se entregar\u00e1n medallas conmemorativas y la bolsa de premiaci\u00f3n econ\u00f3mica de 110 mil pesos a David Mart\u00ednez Arcos, ya que, a diferencia de las otras tres personas, esta es la primera vez que \u00e9l gana este premio.<\/p>\n\n\n\n<p>El galard\u00f3n en la categor\u00eda Promoci\u00f3n del Deporte fue declarado desierto por el jurado, pues consideraron que ninguno de las y los aspirantes cumpl\u00eda con los requisitos.<\/p>\n\n\n\n<p>-0-<\/p>\n","protected":false},"excerpt":{"rendered":"<p>\u2022 La paraciclista Gilda Andrea Hern\u00e1ndez Ram\u00edrez y el taekwondo\u00edn William de Jes\u00fas Arroyo Reyes&#8230;<\/p>\n","protected":false},"author":4,"featured_media":33099,"comment_status":"","ping_status":"open","sticky":false,"template":"","format":"standard","meta":{"footnotes":""},"categories":[5],"tags":[],"jetpack_sharing_enabled":true,"featured_image_urls":{"full":["https:\/\/contextoanalisisperiodistico.com\/wp-content\/uploads\/2024\/10\/IMG-20241023-WA0149.jpg",1280,852,false],"thumbnail":["https:\/\/contextoanalisisperiodistico.com\/wp-content\/uploads\/2024\/10\/IMG-20241023-WA0149-150x150.jpg",150,150,true],"medium":["https:\/\/contextoanalisisperiodistico.com\/wp-content\/uploads\/2024\/10\/IMG-20241023-WA0149-300x200.jpg",300,200,true],"medium_large":["https:\/\/contextoanalisisperiodistico.com\/wp-content\/uploads\/2024\/10\/IMG-20241023-WA0149-768x511.jpg",640,426,true],"large":["https:\/\/contextoanalisisperiodistico.com\/wp-content\/uploads\/2024\/10\/IMG-20241023-WA0149-1024x682.jpg",640,426,true],"1536x1536":["https:\/\/contextoanalisisperiodistico.com\/wp-content\/uploads\/2024\/10\/IMG-20241023-WA0149.jpg",1280,852,false],"2048x2048":["https:\/\/contextoanalisisperiodistico.com\/wp-content\/uploads\/2024\/10\/IMG-20241023-WA0149.jpg",1280,852,false],"covernews-slider-full":["https:\/\/contextoanalisisperiodistico.com\/wp-content\/uploads\/2024\/10\/IMG-20241023-WA0149-1115x715.jpg",1115,715,true],"covernews-slider-center":["https:\/\/contextoanalisisperiodistico.com\/wp-content\/uploads\/2024\/10\/IMG-20241023-WA0149-800x500.jpg",800,500,true],"covernews-featured":["https:\/\/contextoanalisisperiodistico.com\/wp-content\/uploads\/2024\/10\/IMG-20241023-WA0149-1024x682.jpg",1024,682,true],"covernews-medium":["https:\/\/contextoanalisisperiodistico.com\/wp-content\/uploads\/2024\/10\/IMG-20241023-WA0149-540x340.jpg",540,340,true],"covernews-medium-square":["https:\/\/contextoanalisisperiodistico.com\/wp-content\/uploads\/2024\/10\/IMG-20241023-WA0149-400x250.jpg",400,250,true]},"author_info":{"display_name":"Mario Gir\u00f3n","author_link":"https:\/\/contextoanalisisperiodistico.com\/index.php\/author\/director\/"},"category_info":"<a href=\"https:\/\/contextoanalisisperiodistico.com\/index.php\/category\/deportes\/\" rel=\"category tag\">Deportes<\/a>","tag_info":"Deportes","comment_count":"0","jetpack_featured_media_url":"https:\/\/contextoanalisisperiodistico.com\/wp-content\/uploads\/2024\/10\/IMG-20241023-WA0149.jpg","_links":{"self":[{"href":"https:\/\/contextoanalisisperiodistico.com\/index.php\/wp-json\/wp\/v2\/posts\/33103"}],"collection":[{"href":"https:\/\/contextoanalisisperiodistico.com\/index.php\/wp-json\/wp\/v2\/posts"}],"about":[{"href":"https:\/\/contextoanalisisperiodistico.com\/index.php\/wp-json\/wp\/v2\/types\/post"}],"author":[{"embeddable":true,"href":"https:\/\/contextoanalisisperiodistico.com\/index.php\/wp-json\/wp\/v2\/users\/4"}],"replies":[{"embeddable":true,"href":"https:\/\/contextoanalisisperiodistico.com\/index.php\/wp-json\/wp\/v2\/comments?post=33103"}],"version-history":[{"count":0,"href":"https:\/\/contextoanalisisperiodistico.com\/index.php\/wp-json\/wp\/v2\/posts\/33103\/revisions"}],"wp:featuredmedia":[{"embeddable":true,"href":"https:\/\/contextoanalisisperiodistico.com\/index.php\/wp-json\/wp\/v2\/media\/33099"}],"wp:attachment":[{"href":"https:\/\/contextoanalisisperiodistico.com\/index.php\/wp-json\/wp\/v2\/media?parent=33103"}],"wp:term":[{"taxonomy":"category","embeddable":true,"href":"https:\/\/contextoanalisisperiodistico.com\/index.php\/wp-json\/wp\/v2\/categories?post=33103"},{"taxonomy":"post_tag","embeddable":true,"href":"https:\/\/contextoanalisisperiodistico.com\/index.php\/wp-json\/wp\/v2\/tags?post=33103"}],"curies":[{"name":"wp","href":"https:\/\/api.w.org\/{rel}","templated":true}]}}