{"id":33097,"date":"2024-10-23T20:43:31","date_gmt":"2024-10-24T02:43:31","guid":{"rendered":"https:\/\/contextoanalisisperiodistico.com\/index.php\/2024\/10\/23\/celebra-dif-oaxaca-la-caravana-rosa-ado-para-la-prevencion-del-cancer-de-mama\/"},"modified":"2024-10-23T20:44:51","modified_gmt":"2024-10-24T02:44:51","slug":"celebra-dif-oaxaca-la-caravana-rosa-ado-para-la-prevencion-del-cancer-de-mama","status":"publish","type":"post","link":"https:\/\/contextoanalisisperiodistico.com\/index.php\/2024\/10\/23\/celebra-dif-oaxaca-la-caravana-rosa-ado-para-la-prevencion-del-cancer-de-mama\/","title":{"rendered":"Celebra DIF Oaxaca la Caravana Rosa ADO para prevenir c\u00e1ncer de mama"},"content":{"rendered":"<div id=\"fb-root\"><\/div>\n\n<p>\u2022 La Presidenta Honoraria, Irma Bola\u00f1os Quijano y la directora general, Maribel Salinas Velasco participaron en el arranque de la caravana y entrega de pases de esta iniciativa que impulsa Mobility ADO y Fucam<\/p>\n\n\n\n<figure class=\"wp-block-image size-large\"><img fetchpriority=\"high\" decoding=\"async\" width=\"1024\" height=\"683\" src=\"https:\/\/contextoanalisisperiodistico.com\/wp-content\/uploads\/2024\/10\/img-20241023-wa01752682676632718125858-1024x683.jpg\" alt=\"\" class=\"wp-image-33096\" srcset=\"https:\/\/contextoanalisisperiodistico.com\/wp-content\/uploads\/2024\/10\/img-20241023-wa01752682676632718125858-1024x683.jpg 1024w, https:\/\/contextoanalisisperiodistico.com\/wp-content\/uploads\/2024\/10\/img-20241023-wa01752682676632718125858-300x200.jpg 300w, https:\/\/contextoanalisisperiodistico.com\/wp-content\/uploads\/2024\/10\/img-20241023-wa01752682676632718125858-768x512.jpg 768w, https:\/\/contextoanalisisperiodistico.com\/wp-content\/uploads\/2024\/10\/img-20241023-wa01752682676632718125858.jpg 1254w\" sizes=\"(max-width: 1024px) 100vw, 1024px\" \/><\/figure>\n\n\n\n<figure class=\"wp-block-image\"><img decoding=\"async\" width=\"1024\" height=\"682\" src=\"https:\/\/contextoanalisisperiodistico.com\/wp-content\/uploads\/2024\/10\/img-20241023-wa01771971959121079578956-1024x682.jpg\" alt=\"\" class=\"wp-image-33094\" srcset=\"https:\/\/contextoanalisisperiodistico.com\/wp-content\/uploads\/2024\/10\/img-20241023-wa01771971959121079578956-1024x682.jpg 1024w, https:\/\/contextoanalisisperiodistico.com\/wp-content\/uploads\/2024\/10\/img-20241023-wa01771971959121079578956-300x200.jpg 300w, https:\/\/contextoanalisisperiodistico.com\/wp-content\/uploads\/2024\/10\/img-20241023-wa01771971959121079578956-768x512.jpg 768w, https:\/\/contextoanalisisperiodistico.com\/wp-content\/uploads\/2024\/10\/img-20241023-wa01771971959121079578956.jpg 1280w\" sizes=\"(max-width: 1024px) 100vw, 1024px\" \/><\/figure>\n\n\n\n<figure class=\"wp-block-image\"><img decoding=\"async\" width=\"1024\" height=\"682\" src=\"https:\/\/contextoanalisisperiodistico.com\/wp-content\/uploads\/2024\/10\/img-20241023-wa01761954199245951787091-1024x682.jpg\" alt=\"\" class=\"wp-image-33095\" srcset=\"https:\/\/contextoanalisisperiodistico.com\/wp-content\/uploads\/2024\/10\/img-20241023-wa01761954199245951787091-1024x682.jpg 1024w, https:\/\/contextoanalisisperiodistico.com\/wp-content\/uploads\/2024\/10\/img-20241023-wa01761954199245951787091-300x200.jpg 300w, https:\/\/contextoanalisisperiodistico.com\/wp-content\/uploads\/2024\/10\/img-20241023-wa01761954199245951787091-768x512.jpg 768w, https:\/\/contextoanalisisperiodistico.com\/wp-content\/uploads\/2024\/10\/img-20241023-wa01761954199245951787091.jpg 1280w\" sizes=\"(max-width: 1024px) 100vw, 1024px\" \/><\/figure>\n\n\n\n<p>Oaxaca de Ju\u00e1rez, Oax., 23 de octubre de 2024.- La Presidenta Honoraria del Sistema para el Desarrollo Integral de la Familia (DIF) Oaxaca, Irma Bola\u00f1os Quijano particip\u00f3 en el arranque y entrega de pases de la d\u00e9cimo tercera edici\u00f3n de la Caravana Rosa ADO, iniciativa que facilita mastograf\u00edas gratuitas y estudios complementarios para las mujeres de 40 a\u00f1os en adelante del centro, golfo, sur y sureste de M\u00e9xico.<\/p>\n\n\n\n<p>Con esta iniciativa de la empresa Mobility ADO y la Fundaci\u00f3n del C\u00e1ncer de Mama (Fucam), el organismo estatal busca que las oaxaque\u00f1as de las ocho regiones que habitan en localidades apartadas del estado accedan a este beneficio que impacta en el bienestar de miles de mujeres con una detecci\u00f3n temprana y tratamiento oportuno.<\/p>\n\n\n\n<p>El evento se realiz\u00f3 en el marco de la conmemoraci\u00f3n del Mes de Sensibilizaci\u00f3n sobre el C\u00e1ncer de Mama y cont\u00f3 con la presencia del gerente general de Mobility ADO Oaxaca, Eduardo Z\u00e1rate D\u00edaz y el director m\u00e9dico del Fucam Oaxaca, Javier Robles Castillo, en cuyo marco Bola\u00f1os Quijano reiter\u00f3 su benepl\u00e1cito porque entre las beneficiarias se tienen contempladas a mujeres que habitan en localidades apartadas del estado.<\/p>\n\n\n\n<p>En este tenor, la directora general del DIF Oaxaca, Maribel Salinas Velasco resalt\u00f3 el papel de empresas como ADO que durante a\u00f1os ha respondido a su compromiso social de promover la prevenci\u00f3n del c\u00e1ncer de mama en el pa\u00eds y de llevar el mensaje de concientizaci\u00f3n de este a\u00f1o denominado: \u201cDate unos minutos hoy para poder disfrutar millones de momentos ma\u00f1ana\u201d.<\/p>\n\n\n\n<p>Las ciudadanas que deseen acceder a este apoyo pueden solicitar su pase en la taquilla de la terminal ADO Oaxaca, ubicada en avenida 5 de Mayo n\u00famero 900 esquina calzada H\u00e9roes de Chapultepec, Barrio de San Mat\u00edas Jalatlaco, en la capital oaxaque\u00f1a, de 9:00 a 14:00 horas.<\/p>\n\n\n\n<p>Los requisitos son: ser mujeres de 40 a 69 a\u00f1os de edad; no estar lactando ni estar embarazada; tener por lo menos un a\u00f1o de haberse realizado el estudio de mastograf\u00eda y no presentar s\u00edntomas del padecimiento o de COVID-19; as\u00ed como disponer de un correo electr\u00f3nico para hacer llegar los resultados.<\/p>\n\n\n\n<p>-0-<\/p>\n","protected":false},"excerpt":{"rendered":"<p>\u2022 La Presidenta Honoraria, Irma Bola\u00f1os Quijano y la directora general, Maribel Salinas Velasco participaron&#8230;<\/p>\n","protected":false},"author":4,"featured_media":33093,"comment_status":"closed","ping_status":"open","sticky":false,"template":"","format":"standard","meta":{"footnotes":""},"categories":[9],"tags":[],"jetpack_sharing_enabled":true,"featured_image_urls":{"full":["https:\/\/contextoanalisisperiodistico.com\/wp-content\/uploads\/2024\/10\/IMG-20241023-WA0178.jpg",1280,853,false],"thumbnail":["https:\/\/contextoanalisisperiodistico.com\/wp-content\/uploads\/2024\/10\/IMG-20241023-WA0178-150x150.jpg",150,150,true],"medium":["https:\/\/contextoanalisisperiodistico.com\/wp-content\/uploads\/2024\/10\/IMG-20241023-WA0178-300x200.jpg",300,200,true],"medium_large":["https:\/\/contextoanalisisperiodistico.com\/wp-content\/uploads\/2024\/10\/IMG-20241023-WA0178-768x512.jpg",640,427,true],"large":["https:\/\/contextoanalisisperiodistico.com\/wp-content\/uploads\/2024\/10\/IMG-20241023-WA0178-1024x682.jpg",640,426,true],"1536x1536":["https:\/\/contextoanalisisperiodistico.com\/wp-content\/uploads\/2024\/10\/IMG-20241023-WA0178.jpg",1280,853,false],"2048x2048":["https:\/\/contextoanalisisperiodistico.com\/wp-content\/uploads\/2024\/10\/IMG-20241023-WA0178.jpg",1280,853,false],"covernews-slider-full":["https:\/\/contextoanalisisperiodistico.com\/wp-content\/uploads\/2024\/10\/IMG-20241023-WA0178-1115x715.jpg",1115,715,true],"covernews-slider-center":["https:\/\/contextoanalisisperiodistico.com\/wp-content\/uploads\/2024\/10\/IMG-20241023-WA0178-800x500.jpg",800,500,true],"covernews-featured":["https:\/\/contextoanalisisperiodistico.com\/wp-content\/uploads\/2024\/10\/IMG-20241023-WA0178-1024x682.jpg",1024,682,true],"covernews-medium":["https:\/\/contextoanalisisperiodistico.com\/wp-content\/uploads\/2024\/10\/IMG-20241023-WA0178-540x340.jpg",540,340,true],"covernews-medium-square":["https:\/\/contextoanalisisperiodistico.com\/wp-content\/uploads\/2024\/10\/IMG-20241023-WA0178-400x250.jpg",400,250,true]},"author_info":{"display_name":"Mario Gir\u00f3n","author_link":"https:\/\/contextoanalisisperiodistico.com\/index.php\/author\/director\/"},"category_info":"<a href=\"https:\/\/contextoanalisisperiodistico.com\/index.php\/category\/politica\/\" rel=\"category tag\">Pol\u00edtica<\/a>","tag_info":"Pol\u00edtica","comment_count":"0","jetpack_featured_media_url":"https:\/\/contextoanalisisperiodistico.com\/wp-content\/uploads\/2024\/10\/IMG-20241023-WA0178.jpg","_links":{"self":[{"href":"https:\/\/contextoanalisisperiodistico.com\/index.php\/wp-json\/wp\/v2\/posts\/33097"}],"collection":[{"href":"https:\/\/contextoanalisisperiodistico.com\/index.php\/wp-json\/wp\/v2\/posts"}],"about":[{"href":"https:\/\/contextoanalisisperiodistico.com\/index.php\/wp-json\/wp\/v2\/types\/post"}],"author":[{"embeddable":true,"href":"https:\/\/contextoanalisisperiodistico.com\/index.php\/wp-json\/wp\/v2\/users\/4"}],"replies":[{"embeddable":true,"href":"https:\/\/contextoanalisisperiodistico.com\/index.php\/wp-json\/wp\/v2\/comments?post=33097"}],"version-history":[{"count":1,"href":"https:\/\/contextoanalisisperiodistico.com\/index.php\/wp-json\/wp\/v2\/posts\/33097\/revisions"}],"predecessor-version":[{"id":33098,"href":"https:\/\/contextoanalisisperiodistico.com\/index.php\/wp-json\/wp\/v2\/posts\/33097\/revisions\/33098"}],"wp:featuredmedia":[{"embeddable":true,"href":"https:\/\/contextoanalisisperiodistico.com\/index.php\/wp-json\/wp\/v2\/media\/33093"}],"wp:attachment":[{"href":"https:\/\/contextoanalisisperiodistico.com\/index.php\/wp-json\/wp\/v2\/media?parent=33097"}],"wp:term":[{"taxonomy":"category","embeddable":true,"href":"https:\/\/contextoanalisisperiodistico.com\/index.php\/wp-json\/wp\/v2\/categories?post=33097"},{"taxonomy":"post_tag","embeddable":true,"href":"https:\/\/contextoanalisisperiodistico.com\/index.php\/wp-json\/wp\/v2\/tags?post=33097"}],"curies":[{"name":"wp","href":"https:\/\/api.w.org\/{rel}","templated":true}]}}