{"id":33092,"date":"2024-10-23T18:56:20","date_gmt":"2024-10-24T00:56:20","guid":{"rendered":"https:\/\/contextoanalisisperiodistico.com\/index.php\/2024\/10\/23\/exhorta-sso-eliminar-criaderos-del-mosquito-del-dengue-en-panteones-por-festividad-de-muertos\/"},"modified":"2024-10-23T18:56:20","modified_gmt":"2024-10-24T00:56:20","slug":"exhorta-sso-eliminar-criaderos-del-mosquito-del-dengue-en-panteones-por-festividad-de-muertos","status":"publish","type":"post","link":"https:\/\/contextoanalisisperiodistico.com\/index.php\/2024\/10\/23\/exhorta-sso-eliminar-criaderos-del-mosquito-del-dengue-en-panteones-por-festividad-de-muertos\/","title":{"rendered":"Exhorta SSO eliminar criaderos del mosquito del dengue en panteones por festividad de Muertos"},"content":{"rendered":"<div id=\"fb-root\"><\/div>\n\n<p>\u2022 Se registraron 29 casos nuevos de dengue, que suman tres mil 704 acumulados en toda la entidad<\/p>\n\n\n\n<p>Oaxaca de Ju\u00e1rez, Oax. 23 de octubre de 2024.- Previo a la celebraci\u00f3n del D\u00eda Muertos, Servicios de Salud de Oaxaca (SSO) exhorta a llevar a cabo recomendaciones para evitar la proliferaci\u00f3n del zancudo Aedes aegypti, transmisor del dengue, como limpiar las tumbas, sustituir las flores naturales por artificiales o colocarlas en arena h\u00fameda, adem\u00e1s de eliminar cualquier recipiente que pueda acumular agua en los panteones.<\/p>\n\n\n\n<p>Aunado a ello, la dependencia se\u00f1ala que al acudir a estos espacios se debe priorizar el uso de ropa de manga larga y pantalones gruesos, repelente contra zancudos cada cuatro horas, y en caso de colocar ofrendas en las viviendas, cambiar el agua de los floreros cada tercer d\u00eda.<\/p>\n\n\n\n<p>SSO especifica que al corte de la semana epidemiol\u00f3gica n\u00famero 42 se registraron, 29 casos nuevos de dengue, con un acumulado en la entidad de tres mil 704. Para este informe no se reportan registros de nuevas defunciones.<\/p>\n\n\n\n<p>De acuerdo con la clasificaci\u00f3n de los casos, mil 795 corresponden a Dengue No Grave (DNG), mil 655 a Dengue Con Signos de Alarma (DCSA), 254 corresponden a Dengue Grave (DG) y se mantienen un acumulado de 16 lamentables decesos.<\/p>\n\n\n\n<p>La Jurisdicci\u00f3n Sanitaria de Valles Centrales contabiliza un total de dos mil 898 casos con 12 decesos, seguido de la Costa con 420 y tres defunciones, el Istmo 209, Mixteca 61, Sierra 59 y Tuxtepec 57 casos, con una defunci\u00f3n.<\/p>\n\n\n\n<p>Los 29 nuevos casos reportados esta semana se encuentran distribuidos en 17 municipios de la entidad, siendo Oaxaca de Ju\u00e1rez el primer lugar con nueve pacientes, Santa Mar\u00eda Huatulco con tres, Asunci\u00f3n Ixtaltepec y San Pedro Mixtepec-Distrito 22 con dos cada uno, el resto de los casos con un solo registro.<\/p>\n\n\n\n<p>La instituci\u00f3n hace nuevamente el llamado para evitar la propagaci\u00f3n del vector con la eliminaci\u00f3n de criaderos potenciales, principalmente en los hogares, como lavar, tapar, voltear y tirar, acciones importantes que permitir\u00e1n reducir la cadena de contagios, adem\u00e1s de evitar complicaciones a la salud.<\/p>\n\n\n\n<p>Ante cualquier s\u00edntoma como fiebre, dolor de cabeza, en los huesos y articulaciones, p\u00e9rdida de apetito, dolor detr\u00e1s de los ojos y otros como n\u00e1useas, v\u00f3mito, dolor abdominal, erupci\u00f3n en la piel, y en caso grave sangrado por nariz y enc\u00edas, o moretones en la piel, las personas debes acudir a la unidad de salud m\u00e1s cercana y evitar la automedicaci\u00f3n.<br \/>-0-<\/p>\n\n\n\n<figure class=\"wp-block-image size-large\"><img fetchpriority=\"high\" decoding=\"async\" width=\"900\" height=\"506\" src=\"https:\/\/contextoanalisisperiodistico.com\/wp-content\/uploads\/2024\/10\/img-20241023-wa02428869741455303032306.jpg\" alt=\"\" class=\"wp-image-33091\" srcset=\"https:\/\/contextoanalisisperiodistico.com\/wp-content\/uploads\/2024\/10\/img-20241023-wa02428869741455303032306.jpg 900w, https:\/\/contextoanalisisperiodistico.com\/wp-content\/uploads\/2024\/10\/img-20241023-wa02428869741455303032306-300x169.jpg 300w, https:\/\/contextoanalisisperiodistico.com\/wp-content\/uploads\/2024\/10\/img-20241023-wa02428869741455303032306-768x432.jpg 768w\" sizes=\"(max-width: 900px) 100vw, 900px\" \/><\/figure>\n","protected":false},"excerpt":{"rendered":"<p>\u2022 Se registraron 29 casos nuevos de dengue, que suman tres mil 704 acumulados en&#8230;<\/p>\n","protected":false},"author":4,"featured_media":33090,"comment_status":"","ping_status":"open","sticky":false,"template":"","format":"standard","meta":{"footnotes":""},"categories":[9],"tags":[],"jetpack_sharing_enabled":true,"featured_image_urls":{"full":["https:\/\/contextoanalisisperiodistico.com\/wp-content\/uploads\/2024\/10\/IMG-20241023-WA0241.jpg",539,900,false],"thumbnail":["https:\/\/contextoanalisisperiodistico.com\/wp-content\/uploads\/2024\/10\/IMG-20241023-WA0241-150x150.jpg",150,150,true],"medium":["https:\/\/contextoanalisisperiodistico.com\/wp-content\/uploads\/2024\/10\/IMG-20241023-WA0241-180x300.jpg",180,300,true],"medium_large":["https:\/\/contextoanalisisperiodistico.com\/wp-content\/uploads\/2024\/10\/IMG-20241023-WA0241.jpg",539,900,false],"large":["https:\/\/contextoanalisisperiodistico.com\/wp-content\/uploads\/2024\/10\/IMG-20241023-WA0241.jpg",539,900,false],"1536x1536":["https:\/\/contextoanalisisperiodistico.com\/wp-content\/uploads\/2024\/10\/IMG-20241023-WA0241.jpg",539,900,false],"2048x2048":["https:\/\/contextoanalisisperiodistico.com\/wp-content\/uploads\/2024\/10\/IMG-20241023-WA0241.jpg",539,900,false],"covernews-slider-full":["https:\/\/contextoanalisisperiodistico.com\/wp-content\/uploads\/2024\/10\/IMG-20241023-WA0241-539x715.jpg",539,715,true],"covernews-slider-center":["https:\/\/contextoanalisisperiodistico.com\/wp-content\/uploads\/2024\/10\/IMG-20241023-WA0241-539x500.jpg",539,500,true],"covernews-featured":["https:\/\/contextoanalisisperiodistico.com\/wp-content\/uploads\/2024\/10\/IMG-20241023-WA0241.jpg",539,900,false],"covernews-medium":["https:\/\/contextoanalisisperiodistico.com\/wp-content\/uploads\/2024\/10\/IMG-20241023-WA0241-539x340.jpg",539,340,true],"covernews-medium-square":["https:\/\/contextoanalisisperiodistico.com\/wp-content\/uploads\/2024\/10\/IMG-20241023-WA0241-400x250.jpg",400,250,true]},"author_info":{"display_name":"Mario Gir\u00f3n","author_link":"https:\/\/contextoanalisisperiodistico.com\/index.php\/author\/director\/"},"category_info":"<a href=\"https:\/\/contextoanalisisperiodistico.com\/index.php\/category\/politica\/\" rel=\"category tag\">Pol\u00edtica<\/a>","tag_info":"Pol\u00edtica","comment_count":"0","jetpack_featured_media_url":"https:\/\/contextoanalisisperiodistico.com\/wp-content\/uploads\/2024\/10\/IMG-20241023-WA0241.jpg","_links":{"self":[{"href":"https:\/\/contextoanalisisperiodistico.com\/index.php\/wp-json\/wp\/v2\/posts\/33092"}],"collection":[{"href":"https:\/\/contextoanalisisperiodistico.com\/index.php\/wp-json\/wp\/v2\/posts"}],"about":[{"href":"https:\/\/contextoanalisisperiodistico.com\/index.php\/wp-json\/wp\/v2\/types\/post"}],"author":[{"embeddable":true,"href":"https:\/\/contextoanalisisperiodistico.com\/index.php\/wp-json\/wp\/v2\/users\/4"}],"replies":[{"embeddable":true,"href":"https:\/\/contextoanalisisperiodistico.com\/index.php\/wp-json\/wp\/v2\/comments?post=33092"}],"version-history":[{"count":0,"href":"https:\/\/contextoanalisisperiodistico.com\/index.php\/wp-json\/wp\/v2\/posts\/33092\/revisions"}],"wp:featuredmedia":[{"embeddable":true,"href":"https:\/\/contextoanalisisperiodistico.com\/index.php\/wp-json\/wp\/v2\/media\/33090"}],"wp:attachment":[{"href":"https:\/\/contextoanalisisperiodistico.com\/index.php\/wp-json\/wp\/v2\/media?parent=33092"}],"wp:term":[{"taxonomy":"category","embeddable":true,"href":"https:\/\/contextoanalisisperiodistico.com\/index.php\/wp-json\/wp\/v2\/categories?post=33092"},{"taxonomy":"post_tag","embeddable":true,"href":"https:\/\/contextoanalisisperiodistico.com\/index.php\/wp-json\/wp\/v2\/tags?post=33092"}],"curies":[{"name":"wp","href":"https:\/\/api.w.org\/{rel}","templated":true}]}}