{"id":33059,"date":"2024-10-23T09:19:50","date_gmt":"2024-10-23T15:19:50","guid":{"rendered":"https:\/\/contextoanalisisperiodistico.com\/index.php\/2024\/10\/23\/honra-sso-a-las-y-los-medicos-en-su-dia\/"},"modified":"2024-10-23T09:19:50","modified_gmt":"2024-10-23T15:19:50","slug":"honra-sso-a-las-y-los-medicos-en-su-dia","status":"publish","type":"post","link":"https:\/\/contextoanalisisperiodistico.com\/index.php\/2024\/10\/23\/honra-sso-a-las-y-los-medicos-en-su-dia\/","title":{"rendered":"Honra SSO a las y los m\u00e9dicos en su d\u00eda"},"content":{"rendered":"<div id=\"fb-root\"><\/div>\n\n<p>\u2022 Reconoce la vocaci\u00f3n de quienes desempe\u00f1an una de las profesiones m\u00e1s nobles<\/p>\n\n\n\n<figure class=\"wp-block-image size-large\"><img fetchpriority=\"high\" decoding=\"async\" width=\"900\" height=\"506\" src=\"https:\/\/contextoanalisisperiodistico.com\/wp-content\/uploads\/2024\/10\/img-20241023-wa00445803784799370491118.jpg\" alt=\"\" class=\"wp-image-33055\" srcset=\"https:\/\/contextoanalisisperiodistico.com\/wp-content\/uploads\/2024\/10\/img-20241023-wa00445803784799370491118.jpg 900w, https:\/\/contextoanalisisperiodistico.com\/wp-content\/uploads\/2024\/10\/img-20241023-wa00445803784799370491118-300x169.jpg 300w, https:\/\/contextoanalisisperiodistico.com\/wp-content\/uploads\/2024\/10\/img-20241023-wa00445803784799370491118-768x432.jpg 768w\" sizes=\"(max-width: 900px) 100vw, 900px\" \/><\/figure>\n\n\n\n<figure class=\"wp-block-image\"><img decoding=\"async\" width=\"300\" height=\"169\" src=\"https:\/\/contextoanalisisperiodistico.com\/wp-content\/uploads\/2024\/10\/img-20241023-wa00477119611880841922551-300x169.jpg\" alt=\"\" class=\"wp-image-33057\" srcset=\"https:\/\/contextoanalisisperiodistico.com\/wp-content\/uploads\/2024\/10\/img-20241023-wa00477119611880841922551-300x169.jpg 300w, https:\/\/contextoanalisisperiodistico.com\/wp-content\/uploads\/2024\/10\/img-20241023-wa00477119611880841922551-768x432.jpg 768w, https:\/\/contextoanalisisperiodistico.com\/wp-content\/uploads\/2024\/10\/img-20241023-wa00477119611880841922551.jpg 900w\" sizes=\"(max-width: 300px) 100vw, 300px\" \/><\/figure>\n\n\n\n<figure class=\"wp-block-image\"><img decoding=\"async\" width=\"300\" height=\"169\" src=\"https:\/\/contextoanalisisperiodistico.com\/wp-content\/uploads\/2024\/10\/img-20241023-wa00458811403703963977118-300x169.jpg\" alt=\"\" class=\"wp-image-33058\" srcset=\"https:\/\/contextoanalisisperiodistico.com\/wp-content\/uploads\/2024\/10\/img-20241023-wa00458811403703963977118-300x169.jpg 300w, https:\/\/contextoanalisisperiodistico.com\/wp-content\/uploads\/2024\/10\/img-20241023-wa00458811403703963977118-768x432.jpg 768w, https:\/\/contextoanalisisperiodistico.com\/wp-content\/uploads\/2024\/10\/img-20241023-wa00458811403703963977118.jpg 900w\" sizes=\"(max-width: 300px) 100vw, 300px\" \/><\/figure>\n\n\n\n<figure class=\"wp-block-image\"><img loading=\"lazy\" decoding=\"async\" width=\"300\" height=\"169\" src=\"https:\/\/contextoanalisisperiodistico.com\/wp-content\/uploads\/2024\/10\/img-20241023-wa00426002028509233852342-300x169.jpg\" alt=\"\" class=\"wp-image-33056\" srcset=\"https:\/\/contextoanalisisperiodistico.com\/wp-content\/uploads\/2024\/10\/img-20241023-wa00426002028509233852342-300x169.jpg 300w, https:\/\/contextoanalisisperiodistico.com\/wp-content\/uploads\/2024\/10\/img-20241023-wa00426002028509233852342-768x432.jpg 768w, https:\/\/contextoanalisisperiodistico.com\/wp-content\/uploads\/2024\/10\/img-20241023-wa00426002028509233852342.jpg 900w\" sizes=\"(max-width: 300px) 100vw, 300px\" \/><\/figure>\n\n\n\n<p>Oaxaca de Ju\u00e1rez, Oax. 23 de octubre de 2024.- En el D\u00eda de la y el M\u00e9dico, que se conmemora este 23 de octubre, el Encargado de Despacho de los Servicios de Salud de Oaxaca (SSO) Efr\u00e9n Emmanuel Jarqu\u00edn Gonz\u00e1lez reconoci\u00f3 la labor de estos profesionales de todo el sector salud quienes diariamente demuestran tenacidad, vocaci\u00f3n, dedicaci\u00f3n y esp\u00edritu de servicio, principalmente con las personas m\u00e1s necesitadas.<\/p>\n\n\n\n<p>\u201cHoy es un d\u00eda muy especial, un d\u00eda para rendir homenaje a todas y todos los profesionales de la medicina, quienes desempe\u00f1an una de las profesiones m\u00e1s nobles que existen. Portar una bata blanca, es un honor lleno de vocaci\u00f3n, es dedicar los d\u00edas enteros a cuidar la vida de los dem\u00e1s, estar al servicio de la salud de nuestra poblaci\u00f3n y construir, d\u00eda a d\u00eda, bienestar para todos\u201d, asegur\u00f3.<\/p>\n\n\n\n<p>Se\u00f1al\u00f3 que el gremio de m\u00e9dicos siempre se ha destacado por ejercer esta profesi\u00f3n con \u00e9tica, humanidad y generosidad; una labor fundamental no solo en los consultorios o quir\u00f3fanos, sino en todos esos proyectos de salud, en las investigaciones que realizan para mejorar los tratamientos, en cada una de las metas, profesiones que logran, para capacitarse y estar mejor preparados.<\/p>\n\n\n\n<p>\u201cEl trabajo que realizan no solo acompa\u00f1a al paciente, sino tambi\u00e9n a sus familias en los procesos de enfermedad; cada d\u00eda, ponen el alma para salvar vidas\u201d, dijo.<\/p>\n\n\n\n<p>Las y los m\u00e9dicos son aliados indispensables en la construcci\u00f3n de generaciones saludables, un pilar fuerte del sistema de salud que sostiene el futuro del Estado.<\/p>\n\n\n\n<p>Ser m\u00e9dico no es tarea f\u00e1cil, agreg\u00f3 en su mensaje, pero a pesar de los momentos dif\u00edciles en temas de salud que se han presentado en los \u00faltimos a\u00f1os, cada una de las y los profesionistas en la materia, han demostrado una y otra vez su fortaleza, profesionalismo y profundo sentido de responsabilidad.<\/p>\n\n\n\n<p>\u201cHoy quiero agradecerles, no solo en nombre de los Servicios de Salud de Oaxaca, sino en nombre de todas las personas a las que han cuidado, de aquellas vidas que han cambiado, y de todos los pacientes que han confiado en ustedes en sus momentos m\u00e1s vulnerables. Gracias por estar siempre en la l\u00ednea de batalla, por su solidaridad y por su esp\u00edritu incansable\u201d, precis\u00f3.<\/p>\n\n\n\n<p>El Encargado de Despacho de los SSO, las y los convoc\u00f3 a seguir adelante y trabajar en equipo, \u201cporque gracias a su desempe\u00f1o diario en las ocho regiones de la entidad, estamos construyendo un sistema de salud m\u00e1s s\u00f3lido, para que todas y todos puedan acceder a un servicio m\u00e9dico de calidad\u201d, concluy\u00f3.<br \/>-0-<\/p>\n","protected":false},"excerpt":{"rendered":"<p>\u2022 Reconoce la vocaci\u00f3n de quienes desempe\u00f1an una de las profesiones m\u00e1s nobles Oaxaca de&#8230;<\/p>\n","protected":false},"author":4,"featured_media":33054,"comment_status":"","ping_status":"open","sticky":false,"template":"","format":"standard","meta":{"footnotes":""},"categories":[9],"tags":[],"jetpack_sharing_enabled":true,"featured_image_urls":{"full":["https:\/\/contextoanalisisperiodistico.com\/wp-content\/uploads\/2024\/10\/IMG-20241023-WA0046.jpg",900,506,false],"thumbnail":["https:\/\/contextoanalisisperiodistico.com\/wp-content\/uploads\/2024\/10\/IMG-20241023-WA0046-150x150.jpg",150,150,true],"medium":["https:\/\/contextoanalisisperiodistico.com\/wp-content\/uploads\/2024\/10\/IMG-20241023-WA0046-300x169.jpg",300,169,true],"medium_large":["https:\/\/contextoanalisisperiodistico.com\/wp-content\/uploads\/2024\/10\/IMG-20241023-WA0046-768x432.jpg",640,360,true],"large":["https:\/\/contextoanalisisperiodistico.com\/wp-content\/uploads\/2024\/10\/IMG-20241023-WA0046.jpg",640,360,false],"1536x1536":["https:\/\/contextoanalisisperiodistico.com\/wp-content\/uploads\/2024\/10\/IMG-20241023-WA0046.jpg",900,506,false],"2048x2048":["https:\/\/contextoanalisisperiodistico.com\/wp-content\/uploads\/2024\/10\/IMG-20241023-WA0046.jpg",900,506,false],"covernews-slider-full":["https:\/\/contextoanalisisperiodistico.com\/wp-content\/uploads\/2024\/10\/IMG-20241023-WA0046.jpg",900,506,false],"covernews-slider-center":["https:\/\/contextoanalisisperiodistico.com\/wp-content\/uploads\/2024\/10\/IMG-20241023-WA0046-800x500.jpg",800,500,true],"covernews-featured":["https:\/\/contextoanalisisperiodistico.com\/wp-content\/uploads\/2024\/10\/IMG-20241023-WA0046.jpg",900,506,false],"covernews-medium":["https:\/\/contextoanalisisperiodistico.com\/wp-content\/uploads\/2024\/10\/IMG-20241023-WA0046-540x340.jpg",540,340,true],"covernews-medium-square":["https:\/\/contextoanalisisperiodistico.com\/wp-content\/uploads\/2024\/10\/IMG-20241023-WA0046-400x250.jpg",400,250,true]},"author_info":{"display_name":"Mario Gir\u00f3n","author_link":"https:\/\/contextoanalisisperiodistico.com\/index.php\/author\/director\/"},"category_info":"<a href=\"https:\/\/contextoanalisisperiodistico.com\/index.php\/category\/politica\/\" rel=\"category tag\">Pol\u00edtica<\/a>","tag_info":"Pol\u00edtica","comment_count":"0","jetpack_featured_media_url":"https:\/\/contextoanalisisperiodistico.com\/wp-content\/uploads\/2024\/10\/IMG-20241023-WA0046.jpg","_links":{"self":[{"href":"https:\/\/contextoanalisisperiodistico.com\/index.php\/wp-json\/wp\/v2\/posts\/33059"}],"collection":[{"href":"https:\/\/contextoanalisisperiodistico.com\/index.php\/wp-json\/wp\/v2\/posts"}],"about":[{"href":"https:\/\/contextoanalisisperiodistico.com\/index.php\/wp-json\/wp\/v2\/types\/post"}],"author":[{"embeddable":true,"href":"https:\/\/contextoanalisisperiodistico.com\/index.php\/wp-json\/wp\/v2\/users\/4"}],"replies":[{"embeddable":true,"href":"https:\/\/contextoanalisisperiodistico.com\/index.php\/wp-json\/wp\/v2\/comments?post=33059"}],"version-history":[{"count":0,"href":"https:\/\/contextoanalisisperiodistico.com\/index.php\/wp-json\/wp\/v2\/posts\/33059\/revisions"}],"wp:featuredmedia":[{"embeddable":true,"href":"https:\/\/contextoanalisisperiodistico.com\/index.php\/wp-json\/wp\/v2\/media\/33054"}],"wp:attachment":[{"href":"https:\/\/contextoanalisisperiodistico.com\/index.php\/wp-json\/wp\/v2\/media?parent=33059"}],"wp:term":[{"taxonomy":"category","embeddable":true,"href":"https:\/\/contextoanalisisperiodistico.com\/index.php\/wp-json\/wp\/v2\/categories?post=33059"},{"taxonomy":"post_tag","embeddable":true,"href":"https:\/\/contextoanalisisperiodistico.com\/index.php\/wp-json\/wp\/v2\/tags?post=33059"}],"curies":[{"name":"wp","href":"https:\/\/api.w.org\/{rel}","templated":true}]}}