{"id":32876,"date":"2024-10-19T11:39:00","date_gmt":"2024-10-19T17:39:00","guid":{"rendered":"https:\/\/contextoanalisisperiodistico.com\/index.php\/2024\/10\/19\/parque-primavera-oaxaquena-espacio-de-preservacion-de-la-biodiversidad\/"},"modified":"2024-10-19T11:43:49","modified_gmt":"2024-10-19T17:43:49","slug":"parque-primavera-oaxaquena-espacio-de-preservacion-de-la-biodiversidad","status":"publish","type":"post","link":"https:\/\/contextoanalisisperiodistico.com\/index.php\/2024\/10\/19\/parque-primavera-oaxaquena-espacio-de-preservacion-de-la-biodiversidad\/","title":{"rendered":"Parque Primavera Oaxaque\u00f1a, preservaci\u00f3n de la biodiversidad"},"content":{"rendered":"<div id=\"fb-root\"><\/div>\n\n<p>\u2022 El Gobernador Salom\u00f3n Jara realiz\u00f3 un recorrido de supervisi\u00f3n de este lugar, cuya primera etapa se prev\u00e9 inaugurar el pr\u00f3ximo mes<\/p>\n\n\n\n<figure class=\"wp-block-image size-large\"><img fetchpriority=\"high\" decoding=\"async\" width=\"800\" height=\"533\" src=\"https:\/\/contextoanalisisperiodistico.com\/wp-content\/uploads\/2024\/10\/img-20241019-wa00594425831996376708614.jpg\" alt=\"\" class=\"wp-image-32870\" srcset=\"https:\/\/contextoanalisisperiodistico.com\/wp-content\/uploads\/2024\/10\/img-20241019-wa00594425831996376708614.jpg 800w, https:\/\/contextoanalisisperiodistico.com\/wp-content\/uploads\/2024\/10\/img-20241019-wa00594425831996376708614-300x200.jpg 300w, https:\/\/contextoanalisisperiodistico.com\/wp-content\/uploads\/2024\/10\/img-20241019-wa00594425831996376708614-768x512.jpg 768w\" sizes=\"(max-width: 800px) 100vw, 800px\" \/><\/figure>\n\n\n\n<figure class=\"wp-block-image\"><img decoding=\"async\" width=\"300\" height=\"200\" src=\"https:\/\/contextoanalisisperiodistico.com\/wp-content\/uploads\/2024\/10\/img-20241019-wa00551684410622901823308-300x200.jpg\" alt=\"\" class=\"wp-image-32869\" srcset=\"https:\/\/contextoanalisisperiodistico.com\/wp-content\/uploads\/2024\/10\/img-20241019-wa00551684410622901823308-300x200.jpg 300w, https:\/\/contextoanalisisperiodistico.com\/wp-content\/uploads\/2024\/10\/img-20241019-wa00551684410622901823308-768x512.jpg 768w, https:\/\/contextoanalisisperiodistico.com\/wp-content\/uploads\/2024\/10\/img-20241019-wa00551684410622901823308.jpg 800w\" sizes=\"(max-width: 300px) 100vw, 300px\" \/><\/figure>\n\n\n\n<figure class=\"wp-block-image\"><img decoding=\"async\" width=\"300\" height=\"200\" src=\"https:\/\/contextoanalisisperiodistico.com\/wp-content\/uploads\/2024\/10\/img-20241019-wa00544267999214674882493-300x200.jpg\" alt=\"\" class=\"wp-image-32868\" srcset=\"https:\/\/contextoanalisisperiodistico.com\/wp-content\/uploads\/2024\/10\/img-20241019-wa00544267999214674882493-300x200.jpg 300w, https:\/\/contextoanalisisperiodistico.com\/wp-content\/uploads\/2024\/10\/img-20241019-wa00544267999214674882493-768x512.jpg 768w, https:\/\/contextoanalisisperiodistico.com\/wp-content\/uploads\/2024\/10\/img-20241019-wa00544267999214674882493.jpg 800w\" sizes=\"(max-width: 300px) 100vw, 300px\" \/><\/figure>\n\n\n\n<figure class=\"wp-block-image\"><img decoding=\"async\" src=\"file:\/\/\/data\/user\/0\/org.wordpress.android\/cache\/img-20241019-wa00574529743283971090583.jpg\" alt=\"\" class=\"wp-image-9784\"\/><\/figure>\n\n\n\n<figure class=\"wp-block-image\"><img loading=\"lazy\" decoding=\"async\" width=\"1024\" height=\"683\" src=\"https:\/\/contextoanalisisperiodistico.com\/wp-content\/uploads\/2024\/10\/img-20241019-wa0056148825464756802977-1024x683.jpg\" alt=\"\" class=\"wp-image-32872\" srcset=\"https:\/\/contextoanalisisperiodistico.com\/wp-content\/uploads\/2024\/10\/img-20241019-wa0056148825464756802977-1024x683.jpg 1024w, https:\/\/contextoanalisisperiodistico.com\/wp-content\/uploads\/2024\/10\/img-20241019-wa0056148825464756802977-300x200.jpg 300w, https:\/\/contextoanalisisperiodistico.com\/wp-content\/uploads\/2024\/10\/img-20241019-wa0056148825464756802977-768x512.jpg 768w, https:\/\/contextoanalisisperiodistico.com\/wp-content\/uploads\/2024\/10\/img-20241019-wa0056148825464756802977-1536x1024.jpg 1536w, https:\/\/contextoanalisisperiodistico.com\/wp-content\/uploads\/2024\/10\/img-20241019-wa0056148825464756802977.jpg 1600w\" sizes=\"(max-width: 1024px) 100vw, 1024px\" \/><\/figure>\n\n\n\n<figure class=\"wp-block-image\"><img loading=\"lazy\" decoding=\"async\" width=\"300\" height=\"171\" src=\"https:\/\/contextoanalisisperiodistico.com\/wp-content\/uploads\/2024\/10\/img-20241019-wa00536347777981559408369-300x171.jpg\" alt=\"\" class=\"wp-image-32873\" srcset=\"https:\/\/contextoanalisisperiodistico.com\/wp-content\/uploads\/2024\/10\/img-20241019-wa00536347777981559408369-300x171.jpg 300w, https:\/\/contextoanalisisperiodistico.com\/wp-content\/uploads\/2024\/10\/img-20241019-wa00536347777981559408369-768x438.jpg 768w, https:\/\/contextoanalisisperiodistico.com\/wp-content\/uploads\/2024\/10\/img-20241019-wa00536347777981559408369.jpg 800w\" sizes=\"(max-width: 300px) 100vw, 300px\" \/><\/figure>\n\n\n\n<figure class=\"wp-block-image\"><img loading=\"lazy\" decoding=\"async\" width=\"300\" height=\"200\" src=\"https:\/\/contextoanalisisperiodistico.com\/wp-content\/uploads\/2024\/10\/img-20241019-wa005235903901828910868-300x200.jpg\" alt=\"\" class=\"wp-image-32874\" srcset=\"https:\/\/contextoanalisisperiodistico.com\/wp-content\/uploads\/2024\/10\/img-20241019-wa005235903901828910868-300x200.jpg 300w, https:\/\/contextoanalisisperiodistico.com\/wp-content\/uploads\/2024\/10\/img-20241019-wa005235903901828910868-768x512.jpg 768w, https:\/\/contextoanalisisperiodistico.com\/wp-content\/uploads\/2024\/10\/img-20241019-wa005235903901828910868.jpg 800w\" sizes=\"(max-width: 300px) 100vw, 300px\" \/><\/figure>\n\n\n\n<figure class=\"wp-block-image\"><img loading=\"lazy\" decoding=\"async\" width=\"1024\" height=\"683\" src=\"https:\/\/contextoanalisisperiodistico.com\/wp-content\/uploads\/2024\/10\/img-20241019-wa00587226200337939815227-1024x683.jpg\" alt=\"\" class=\"wp-image-32875\" srcset=\"https:\/\/contextoanalisisperiodistico.com\/wp-content\/uploads\/2024\/10\/img-20241019-wa00587226200337939815227-1024x683.jpg 1024w, https:\/\/contextoanalisisperiodistico.com\/wp-content\/uploads\/2024\/10\/img-20241019-wa00587226200337939815227-300x200.jpg 300w, https:\/\/contextoanalisisperiodistico.com\/wp-content\/uploads\/2024\/10\/img-20241019-wa00587226200337939815227-768x512.jpg 768w, https:\/\/contextoanalisisperiodistico.com\/wp-content\/uploads\/2024\/10\/img-20241019-wa00587226200337939815227-1536x1024.jpg 1536w, https:\/\/contextoanalisisperiodistico.com\/wp-content\/uploads\/2024\/10\/img-20241019-wa00587226200337939815227.jpg 1600w\" sizes=\"(max-width: 1024px) 100vw, 1024px\" \/><\/figure>\n\n\n\n<p>Oaxaca de Ju\u00e1rez, Oax. 19 de octubre de 2024.- El Parque Primavera Oaxaque\u00f1a es un espacio que busca preservar y conservar la biodiversidad de la regi\u00f3n, actualmente alberga 207 especies de \u00e1rboles, muchas de las cuales requieren atenci\u00f3n especial debido a su estado de deterioro.<\/p>\n\n\n\n<p>Durante la supervisi\u00f3n de los avances de construcci\u00f3n de la primera etapa que el Gobernador Salom\u00f3n Jara Cruz realiz\u00f3 este s\u00e1bado, fue informado que la Comisi\u00f3n Estatal Forestal (Coesfo) implementa un plan de recuperaci\u00f3n y manejo para restaurar la salud de las especies y garantizar la conservaci\u00f3n del entorno natural.<\/p>\n\n\n\n<p>Los trabajos incluyen tratamientos espec\u00edficos y medidas para asegurar su desarrollo y crecimiento adecuado. Algunas de las especies de \u00e1rboles son Araucaria, Cazahuate, Cedro blanco, Eucalipto, Jacaranda, Huaje, Mango, Aceituno, entre otros.<\/p>\n\n\n\n<p>Aunado a esto, el titular de la Gubernatura anunci\u00f3 que en pr\u00f3ximos d\u00edas se realizar\u00e1 un Tequio Bienestar, con el objetivo de plantar \u00e1rboles como Palo de Agua, Ahuehuete, Sauce, Mamey, Copal; y arbustos de Maguey, Alpinea, Lazo de Amor, Hoja Santa, entre otros, contribuyendo as\u00ed al cuidado del medio ambiente.<\/p>\n\n\n\n<p>Para la inauguraci\u00f3n de la primera etapa, el Museo del Ma\u00edz y la Milpa que se instalar\u00e1 en este lugar y ser\u00e1 el primero en toda la entidad, expondr\u00e1 los ma\u00edces nativos de Oaxaca a trav\u00e9s de un mural, que tendr\u00e1 de fondo tapetes de Teotitl\u00e1n del Valle.<\/p>\n\n\n\n<p>En su interior se encontrar\u00e1 una exposici\u00f3n fotogr\u00e1fica de la oaxaque\u00f1a Eva L\u00e9piz, una muestra de productos elaborados con la milpa y se llevar\u00e1 a cabo un taller sobre esta tem\u00e1tica a cargo del Museo Infantil de Oaxaca (MIO).<\/p>\n\n\n\n<p>Cabe destacar que estos talleres se realizar\u00e1n durante todo el a\u00f1o y estar\u00e1n dirigidos a toda la poblaci\u00f3n.<\/p>\n\n\n\n<p>-0-<\/p>\n\n\n\n<p><\/p>\n\n\n\n<p><\/p>\n","protected":false},"excerpt":{"rendered":"<p>\u2022 El Gobernador Salom\u00f3n Jara realiz\u00f3 un recorrido de supervisi\u00f3n de este lugar, cuya primera&#8230;<\/p>\n","protected":false},"author":4,"featured_media":32867,"comment_status":"closed","ping_status":"open","sticky":false,"template":"","format":"standard","meta":{"footnotes":""},"categories":[9],"tags":[],"jetpack_sharing_enabled":true,"featured_image_urls":{"full":["https:\/\/contextoanalisisperiodistico.com\/wp-content\/uploads\/2024\/10\/IMG-20241019-WA0060.jpg",800,533,false],"thumbnail":["https:\/\/contextoanalisisperiodistico.com\/wp-content\/uploads\/2024\/10\/IMG-20241019-WA0060-150x150.jpg",150,150,true],"medium":["https:\/\/contextoanalisisperiodistico.com\/wp-content\/uploads\/2024\/10\/IMG-20241019-WA0060-300x200.jpg",300,200,true],"medium_large":["https:\/\/contextoanalisisperiodistico.com\/wp-content\/uploads\/2024\/10\/IMG-20241019-WA0060-768x512.jpg",640,427,true],"large":["https:\/\/contextoanalisisperiodistico.com\/wp-content\/uploads\/2024\/10\/IMG-20241019-WA0060.jpg",640,426,false],"1536x1536":["https:\/\/contextoanalisisperiodistico.com\/wp-content\/uploads\/2024\/10\/IMG-20241019-WA0060.jpg",800,533,false],"2048x2048":["https:\/\/contextoanalisisperiodistico.com\/wp-content\/uploads\/2024\/10\/IMG-20241019-WA0060.jpg",800,533,false],"covernews-slider-full":["https:\/\/contextoanalisisperiodistico.com\/wp-content\/uploads\/2024\/10\/IMG-20241019-WA0060.jpg",800,533,false],"covernews-slider-center":["https:\/\/contextoanalisisperiodistico.com\/wp-content\/uploads\/2024\/10\/IMG-20241019-WA0060-800x500.jpg",800,500,true],"covernews-featured":["https:\/\/contextoanalisisperiodistico.com\/wp-content\/uploads\/2024\/10\/IMG-20241019-WA0060.jpg",800,533,false],"covernews-medium":["https:\/\/contextoanalisisperiodistico.com\/wp-content\/uploads\/2024\/10\/IMG-20241019-WA0060-540x340.jpg",540,340,true],"covernews-medium-square":["https:\/\/contextoanalisisperiodistico.com\/wp-content\/uploads\/2024\/10\/IMG-20241019-WA0060-400x250.jpg",400,250,true]},"author_info":{"display_name":"Mario Gir\u00f3n","author_link":"https:\/\/contextoanalisisperiodistico.com\/index.php\/author\/director\/"},"category_info":"<a href=\"https:\/\/contextoanalisisperiodistico.com\/index.php\/category\/politica\/\" rel=\"category tag\">Pol\u00edtica<\/a>","tag_info":"Pol\u00edtica","comment_count":"0","jetpack_featured_media_url":"https:\/\/contextoanalisisperiodistico.com\/wp-content\/uploads\/2024\/10\/IMG-20241019-WA0060.jpg","_links":{"self":[{"href":"https:\/\/contextoanalisisperiodistico.com\/index.php\/wp-json\/wp\/v2\/posts\/32876"}],"collection":[{"href":"https:\/\/contextoanalisisperiodistico.com\/index.php\/wp-json\/wp\/v2\/posts"}],"about":[{"href":"https:\/\/contextoanalisisperiodistico.com\/index.php\/wp-json\/wp\/v2\/types\/post"}],"author":[{"embeddable":true,"href":"https:\/\/contextoanalisisperiodistico.com\/index.php\/wp-json\/wp\/v2\/users\/4"}],"replies":[{"embeddable":true,"href":"https:\/\/contextoanalisisperiodistico.com\/index.php\/wp-json\/wp\/v2\/comments?post=32876"}],"version-history":[{"count":1,"href":"https:\/\/contextoanalisisperiodistico.com\/index.php\/wp-json\/wp\/v2\/posts\/32876\/revisions"}],"predecessor-version":[{"id":32877,"href":"https:\/\/contextoanalisisperiodistico.com\/index.php\/wp-json\/wp\/v2\/posts\/32876\/revisions\/32877"}],"wp:featuredmedia":[{"embeddable":true,"href":"https:\/\/contextoanalisisperiodistico.com\/index.php\/wp-json\/wp\/v2\/media\/32867"}],"wp:attachment":[{"href":"https:\/\/contextoanalisisperiodistico.com\/index.php\/wp-json\/wp\/v2\/media?parent=32876"}],"wp:term":[{"taxonomy":"category","embeddable":true,"href":"https:\/\/contextoanalisisperiodistico.com\/index.php\/wp-json\/wp\/v2\/categories?post=32876"},{"taxonomy":"post_tag","embeddable":true,"href":"https:\/\/contextoanalisisperiodistico.com\/index.php\/wp-json\/wp\/v2\/tags?post=32876"}],"curies":[{"name":"wp","href":"https:\/\/api.w.org\/{rel}","templated":true}]}}