{"id":32866,"date":"2024-10-19T11:34:20","date_gmt":"2024-10-19T17:34:20","guid":{"rendered":"https:\/\/contextoanalisisperiodistico.com\/index.php\/2024\/10\/19\/invertiran-mas-de-21-mdp-en-san-vicente-lachixio-en-programas-sociales-y-obra-publica\/"},"modified":"2024-10-19T11:34:20","modified_gmt":"2024-10-19T17:34:20","slug":"invertiran-mas-de-21-mdp-en-san-vicente-lachixio-en-programas-sociales-y-obra-publica","status":"publish","type":"post","link":"https:\/\/contextoanalisisperiodistico.com\/index.php\/2024\/10\/19\/invertiran-mas-de-21-mdp-en-san-vicente-lachixio-en-programas-sociales-y-obra-publica\/","title":{"rendered":"Invertir\u00e1n m\u00e1s de 21 mdp en San Vicente Lachix\u00edo en programas sociales y obra p\u00fablica"},"content":{"rendered":"<div id=\"fb-root\"><\/div>\n\n<p>\u2022 El Gobernador Salom\u00f3n Jara Cruz contin\u00faa visitando municipios de la Sierra Sur para atender sus necesidades<\/p>\n\n\n\n<p>San Vicente Lachix\u00edo, Oax. 19 de octubre de 2024.- Con Atenci\u00f3n a Municipios Territorios Bienestar, el Gobernador Salom\u00f3n Jara Cruz arrib\u00f3 a este municipio de la Sierra Sur, en donde escuch\u00f3 y atendi\u00f3 las necesidades de la poblaci\u00f3n.<\/p>\n\n\n\n<p>En este encuentro con la poblaci\u00f3n dio a conocer que se invertir\u00e1n 21 millones 329 mil pesos que se destinar\u00e1n a programas sociales y obras p\u00fablicas que mejorar\u00e1n la vida de quienes habitan esta municipalidad de alta marginaci\u00f3n que ocupa el lugar 27 de pobreza en el estado y el 45 a nivel nacional.<\/p>\n\n\n\n<p>Para la atenci\u00f3n de la alimentaci\u00f3n de la poblaci\u00f3n el Sistema para el Desarrollo Integral de la Familia (DIF) Oaxaca a trav\u00e9s del programa Itacate de mi Coraz\u00f3n beneficia a 278 familias con una inversi\u00f3n de 676 mil 189 pesos.<\/p>\n\n\n\n<p>La Secretar\u00eda de Bienestar, Tequio e Inclusi\u00f3n (Sebienti) con la Tarjeta Margarita Maza, atiende a 15 jefas de familia con un monto total de 180 mil pesos.<\/p>\n\n\n\n<p>Servicios de Salud de Oaxaca (SSO) inform\u00f3 que el Centro de Salud del ejido El Rinc\u00f3n, recibi\u00f3 750 mil pesos en medicinas y 400 mil pesos con la tarjeta La Cl\u00ednica es Nuestra. Asimismo, la cl\u00ednica de la cabecera municipal recibi\u00f3 el apoyo de la tarjeta La Cl\u00ednica es Nuestra.<\/p>\n\n\n\n<p>La Secretar\u00eda de Fomento Agroalimentario y Desarrollo Rural (Sefader) con el programa de Autosuficiencia Alimentaria y entrega de gallinas ponedoras destina una inversi\u00f3n de 837 mil 525 pesos.<\/p>\n\n\n\n<p>Vivienda Bienestar (Vibien) destinar\u00e1 un mill\u00f3n 120 mil pesos para 70 acciones de piso firme y Caminos Bienestar (Cabien) pavimentar\u00e1 la vialidad que comunica de la cabecera municipal a El Rinc\u00f3n con una inversi\u00f3n de 5 millones de pesos. Tambi\u00e9n, rehabilitar\u00e1 la carretera que conecta a El Vado con Las Huertas, por un monto de 7 millones de pesos.<\/p>\n\n\n\n<p>El Instituto Estatal de Educaci\u00f3n P\u00fablica de Oaxaca (IEEPO) otorgar\u00e1 496 mil pesos en material y mobiliario para cinco escuelas de este municipio y en una segunda entrega, en atenci\u00f3n a las solicitudes hechas, destinar\u00e1 920 mil pesos m\u00e1s.<\/p>\n\n\n\n<p>El Instituto Oaxaque\u00f1o Constructor de Infraestructura Educativa (Iocied) construir\u00e1 dos canchas de usos m\u00faltiples, instalar\u00e1 bebederos y construir\u00e1 un laboratorio cient\u00edfico en diversas instituciones, todo esto con una inversi\u00f3n de 4 millones 350 mil pesos en esta municipalidad.<br \/>-0-<\/p>\n\n\n\n<figure class=\"wp-block-image size-large\"><img fetchpriority=\"high\" decoding=\"async\" width=\"900\" height=\"600\" src=\"https:\/\/contextoanalisisperiodistico.com\/wp-content\/uploads\/2024\/10\/img-20241019-wa0041886627279555130840.jpg\" alt=\"\" class=\"wp-image-32863\" srcset=\"https:\/\/contextoanalisisperiodistico.com\/wp-content\/uploads\/2024\/10\/img-20241019-wa0041886627279555130840.jpg 900w, https:\/\/contextoanalisisperiodistico.com\/wp-content\/uploads\/2024\/10\/img-20241019-wa0041886627279555130840-300x200.jpg 300w, https:\/\/contextoanalisisperiodistico.com\/wp-content\/uploads\/2024\/10\/img-20241019-wa0041886627279555130840-768x512.jpg 768w\" sizes=\"(max-width: 900px) 100vw, 900px\" \/><\/figure>\n\n\n\n<figure class=\"wp-block-image\"><img decoding=\"async\" width=\"300\" height=\"200\" src=\"https:\/\/contextoanalisisperiodistico.com\/wp-content\/uploads\/2024\/10\/img-20241019-wa0040261172170736653721-300x200.jpg\" alt=\"\" class=\"wp-image-32864\" srcset=\"https:\/\/contextoanalisisperiodistico.com\/wp-content\/uploads\/2024\/10\/img-20241019-wa0040261172170736653721-300x200.jpg 300w, https:\/\/contextoanalisisperiodistico.com\/wp-content\/uploads\/2024\/10\/img-20241019-wa0040261172170736653721-768x512.jpg 768w, https:\/\/contextoanalisisperiodistico.com\/wp-content\/uploads\/2024\/10\/img-20241019-wa0040261172170736653721.jpg 900w\" sizes=\"(max-width: 300px) 100vw, 300px\" \/><\/figure>\n\n\n\n<figure class=\"wp-block-image\"><img decoding=\"async\" width=\"300\" height=\"200\" src=\"https:\/\/contextoanalisisperiodistico.com\/wp-content\/uploads\/2024\/10\/img-20241019-wa0042276620208791734264-300x200.jpg\" alt=\"\" class=\"wp-image-32865\" srcset=\"https:\/\/contextoanalisisperiodistico.com\/wp-content\/uploads\/2024\/10\/img-20241019-wa0042276620208791734264-300x200.jpg 300w, https:\/\/contextoanalisisperiodistico.com\/wp-content\/uploads\/2024\/10\/img-20241019-wa0042276620208791734264-768x511.jpg 768w, https:\/\/contextoanalisisperiodistico.com\/wp-content\/uploads\/2024\/10\/img-20241019-wa0042276620208791734264.jpg 900w\" sizes=\"(max-width: 300px) 100vw, 300px\" \/><\/figure>\n","protected":false},"excerpt":{"rendered":"<p>\u2022 El Gobernador Salom\u00f3n Jara Cruz contin\u00faa visitando municipios de la Sierra Sur para atender&#8230;<\/p>\n","protected":false},"author":4,"featured_media":32862,"comment_status":"","ping_status":"open","sticky":false,"template":"","format":"standard","meta":{"footnotes":""},"categories":[9],"tags":[],"jetpack_sharing_enabled":true,"featured_image_urls":{"full":["https:\/\/contextoanalisisperiodistico.com\/wp-content\/uploads\/2024\/10\/IMG-20241019-WA0039.jpg",900,600,false],"thumbnail":["https:\/\/contextoanalisisperiodistico.com\/wp-content\/uploads\/2024\/10\/IMG-20241019-WA0039-150x150.jpg",150,150,true],"medium":["https:\/\/contextoanalisisperiodistico.com\/wp-content\/uploads\/2024\/10\/IMG-20241019-WA0039-300x200.jpg",300,200,true],"medium_large":["https:\/\/contextoanalisisperiodistico.com\/wp-content\/uploads\/2024\/10\/IMG-20241019-WA0039-768x512.jpg",640,427,true],"large":["https:\/\/contextoanalisisperiodistico.com\/wp-content\/uploads\/2024\/10\/IMG-20241019-WA0039.jpg",640,427,false],"1536x1536":["https:\/\/contextoanalisisperiodistico.com\/wp-content\/uploads\/2024\/10\/IMG-20241019-WA0039.jpg",900,600,false],"2048x2048":["https:\/\/contextoanalisisperiodistico.com\/wp-content\/uploads\/2024\/10\/IMG-20241019-WA0039.jpg",900,600,false],"covernews-slider-full":["https:\/\/contextoanalisisperiodistico.com\/wp-content\/uploads\/2024\/10\/IMG-20241019-WA0039.jpg",900,600,false],"covernews-slider-center":["https:\/\/contextoanalisisperiodistico.com\/wp-content\/uploads\/2024\/10\/IMG-20241019-WA0039-800x500.jpg",800,500,true],"covernews-featured":["https:\/\/contextoanalisisperiodistico.com\/wp-content\/uploads\/2024\/10\/IMG-20241019-WA0039.jpg",900,600,false],"covernews-medium":["https:\/\/contextoanalisisperiodistico.com\/wp-content\/uploads\/2024\/10\/IMG-20241019-WA0039-540x340.jpg",540,340,true],"covernews-medium-square":["https:\/\/contextoanalisisperiodistico.com\/wp-content\/uploads\/2024\/10\/IMG-20241019-WA0039-400x250.jpg",400,250,true]},"author_info":{"display_name":"Mario Gir\u00f3n","author_link":"https:\/\/contextoanalisisperiodistico.com\/index.php\/author\/director\/"},"category_info":"<a href=\"https:\/\/contextoanalisisperiodistico.com\/index.php\/category\/politica\/\" rel=\"category tag\">Pol\u00edtica<\/a>","tag_info":"Pol\u00edtica","comment_count":"0","jetpack_featured_media_url":"https:\/\/contextoanalisisperiodistico.com\/wp-content\/uploads\/2024\/10\/IMG-20241019-WA0039.jpg","_links":{"self":[{"href":"https:\/\/contextoanalisisperiodistico.com\/index.php\/wp-json\/wp\/v2\/posts\/32866"}],"collection":[{"href":"https:\/\/contextoanalisisperiodistico.com\/index.php\/wp-json\/wp\/v2\/posts"}],"about":[{"href":"https:\/\/contextoanalisisperiodistico.com\/index.php\/wp-json\/wp\/v2\/types\/post"}],"author":[{"embeddable":true,"href":"https:\/\/contextoanalisisperiodistico.com\/index.php\/wp-json\/wp\/v2\/users\/4"}],"replies":[{"embeddable":true,"href":"https:\/\/contextoanalisisperiodistico.com\/index.php\/wp-json\/wp\/v2\/comments?post=32866"}],"version-history":[{"count":0,"href":"https:\/\/contextoanalisisperiodistico.com\/index.php\/wp-json\/wp\/v2\/posts\/32866\/revisions"}],"wp:featuredmedia":[{"embeddable":true,"href":"https:\/\/contextoanalisisperiodistico.com\/index.php\/wp-json\/wp\/v2\/media\/32862"}],"wp:attachment":[{"href":"https:\/\/contextoanalisisperiodistico.com\/index.php\/wp-json\/wp\/v2\/media?parent=32866"}],"wp:term":[{"taxonomy":"category","embeddable":true,"href":"https:\/\/contextoanalisisperiodistico.com\/index.php\/wp-json\/wp\/v2\/categories?post=32866"},{"taxonomy":"post_tag","embeddable":true,"href":"https:\/\/contextoanalisisperiodistico.com\/index.php\/wp-json\/wp\/v2\/tags?post=32866"}],"curies":[{"name":"wp","href":"https:\/\/api.w.org\/{rel}","templated":true}]}}