{"id":32809,"date":"2024-10-18T08:25:39","date_gmt":"2024-10-18T14:25:39","guid":{"rendered":"https:\/\/contextoanalisisperiodistico.com\/index.php\/2024\/10\/18\/impulsa-policia-municipal-cultura-de-prevencion-del-delito-y-proximidad-social\/"},"modified":"2024-10-18T08:52:32","modified_gmt":"2024-10-18T14:52:32","slug":"impulsa-policia-municipal-cultura-de-prevencion-del-delito-y-proximidad-social","status":"publish","type":"post","link":"https:\/\/contextoanalisisperiodistico.com\/index.php\/2024\/10\/18\/impulsa-policia-municipal-cultura-de-prevencion-del-delito-y-proximidad-social\/","title":{"rendered":"Impulsa Polic\u00eda municipal cultura de prevenci\u00f3n del delito y proximidad social"},"content":{"rendered":"<div id=\"fb-root\"><\/div>\n\n<p><br><br><br>&#8211; En la semana del 07 al 13 de octubre se realizaron 43 operativos en hoteles y 30 en sucursales bancarias y cajeros autom\u00e1ticos para garantizar la seguridad de los sectores tur\u00edstico y financiero.<br><br>Oaxaca de Ju\u00e1rez, Oax.,17 de octubre de 2024.- Como parte de las acciones para prevenir los delitos, y con el fin de impulsar una cultura del autocuidado,\u00a0 implementadas por la administraci\u00f3n del actual edil, Francisco Mart\u00ednez Neri,\u00a0 a trav\u00e9s de la Secretar\u00eda de Seguridad Ciudadana, Movilidad y Protecci\u00f3n Civil se realizaron diversas acciones para fortalecer la seguridad en la capital, intensificando la proximidad social y la prevenci\u00f3n del delito.<br><br>Durante la semana del 07 al 13 de octubre, se realizaron operativos enfocados en inhibir posibles actos delictivos, entre los que se encuentra la capacitaci\u00f3n a alumnos de tres escuelas en temas de Promotores Viales, Educaci\u00f3n Vial y la Separaci\u00f3n de Residuos S\u00f3lidos Urbanos (RSU), as\u00ed como tambi\u00e9n en las instituciones educativas de las 13 agencias municipales se realizaron 22 operativos de presencia en diversas escuelas.<br><br>Dichas iniciativas se realizaron a trav\u00e9s de teatro gui\u00f1ol con los temas \u201cViajemos a lo Seguro\u201d, \u201cC\u00f3mo Conducirnos en la V\u00eda P\u00fablica\u201d y \u201cCiclopista\u201d, adem\u00e1s de la presentaci\u00f3n del nuevo s\u00edmbolo universal de accesibilidad como parte de la inclusi\u00f3n de personas con discapacidad.<br><br>De igual forma en la escuela primaria Hermanos Flores Mag\u00f3n, ubicada en la colonia Miguel Alem\u00e1n, se present\u00f3 el Teatro Gui\u00f1ol con \u201cLolita\u201d para alumnos del primer al tercer grado, abordando la prevenci\u00f3n del abuso sexual infantil.<br><br>Para los alumnos de cuarto a sexto grado, se llev\u00f3 a cabo el sociodrama \u201cYa para qu\u00e9\u201d, enfocado en la prevenci\u00f3n del bullying escolar. Los estudiantes tambi\u00e9n participaron en actividades l\u00fadicas como la \u201cloter\u00eda de la prevenci\u00f3n\u00bb; el \u201cmemorama de valores\u00bb;el \u201cboliche de las medidas preventivas\u00bb y juegos como Serpientes y Escaleras de la Proximidad Social y los Brincolines.<br><br>En cuanto a acciones de proximidad social en la ciudad, se efectuaron 43 operativos en 76 hoteles de la colonia Centro para garantizar la seguridad del sector hotelero, brindando un entorno seguro a los turistas.<br><br>Asimismo, se implementaron 30 operativos en 15 sucursales bancarias y 15 cajeros autom\u00e1ticos, con el objetivo de salvaguardar la integridad de los empleados y clientes que acuden a realizar operaciones bancarias.<br><br>Cabe destacar que se realizaron 28 recorridos en \u00e1reas como el Cerro del Fort\u00edn, Riberas del R\u00edo Atoyac, San Mart\u00edn Mexicapam, San Felipe del Agua y Santa Rosa Panzacola, asegurando la presencia policial para proteger a las personas que realizan actividades f\u00edsicas en estas zonas.<br><br>Con el fin de proteger a comerciantes, turistas y ciudadanos que acuden a los mercados p\u00fablicos de la ciudad, se ejecutaron 27 operativos en los mercados Benito Ju\u00e1rez, 20 de Noviembre, S\u00e1nchez Pascuas, De Artesan\u00edas y Cuarto Centenarios, garantizando as\u00ed la seguridad.<br><br>El primer concejal Mart\u00ednez Neri expres\u00f3 a medios de comunicaci\u00f3n que el gobierno municipal est\u00e1 listo para recibir a miles de turistas que arribar\u00e1n a Oaxaca de Ju\u00e1rez por las festividades de muertos, pues se han delineado diversos operativos para garantizar la seguridad de la ciudadan\u00eda.<br><br>Estas acciones demuestran el compromiso de la actual administraci\u00f3n con la seguridad ciudadana y la construcci\u00f3n de entornos pac\u00edficos para las y los habitantes de la capital.<\/p>\n\n\n\n<figure class=\"wp-block-image size-large\"><img fetchpriority=\"high\" decoding=\"async\" width=\"1024\" height=\"652\" src=\"https:\/\/contextoanalisisperiodistico.com\/wp-content\/uploads\/2024\/10\/fblt1710242107751340735911660-1024x652.jpeg\" alt=\"\" class=\"wp-image-32806\" srcset=\"https:\/\/contextoanalisisperiodistico.com\/wp-content\/uploads\/2024\/10\/fblt1710242107751340735911660-1024x652.jpeg 1024w, https:\/\/contextoanalisisperiodistico.com\/wp-content\/uploads\/2024\/10\/fblt1710242107751340735911660-300x191.jpeg 300w, https:\/\/contextoanalisisperiodistico.com\/wp-content\/uploads\/2024\/10\/fblt1710242107751340735911660-768x489.jpeg 768w, https:\/\/contextoanalisisperiodistico.com\/wp-content\/uploads\/2024\/10\/fblt1710242107751340735911660.jpeg 1174w\" sizes=\"(max-width: 1024px) 100vw, 1024px\" \/><\/figure>\n\n\n\n<figure class=\"wp-block-image\"><img decoding=\"async\" width=\"1024\" height=\"768\" src=\"https:\/\/contextoanalisisperiodistico.com\/wp-content\/uploads\/2024\/10\/fblt171024282292712680241044652283-1024x768.jpg\" alt=\"\" class=\"wp-image-32808\" srcset=\"https:\/\/contextoanalisisperiodistico.com\/wp-content\/uploads\/2024\/10\/fblt171024282292712680241044652283-1024x768.jpg 1024w, https:\/\/contextoanalisisperiodistico.com\/wp-content\/uploads\/2024\/10\/fblt171024282292712680241044652283-300x225.jpg 300w, https:\/\/contextoanalisisperiodistico.com\/wp-content\/uploads\/2024\/10\/fblt171024282292712680241044652283-768x576.jpg 768w, https:\/\/contextoanalisisperiodistico.com\/wp-content\/uploads\/2024\/10\/fblt171024282292712680241044652283-1536x1152.jpg 1536w, https:\/\/contextoanalisisperiodistico.com\/wp-content\/uploads\/2024\/10\/fblt171024282292712680241044652283.jpg 1600w\" sizes=\"(max-width: 1024px) 100vw, 1024px\" \/><\/figure>\n\n\n\n<figure class=\"wp-block-image\"><img decoding=\"async\" width=\"1024\" height=\"768\" src=\"https:\/\/contextoanalisisperiodistico.com\/wp-content\/uploads\/2024\/10\/fblt1710242842915072099184569797-1024x768.jpg\" alt=\"\" class=\"wp-image-32807\" srcset=\"https:\/\/contextoanalisisperiodistico.com\/wp-content\/uploads\/2024\/10\/fblt1710242842915072099184569797-1024x768.jpg 1024w, https:\/\/contextoanalisisperiodistico.com\/wp-content\/uploads\/2024\/10\/fblt1710242842915072099184569797-300x225.jpg 300w, https:\/\/contextoanalisisperiodistico.com\/wp-content\/uploads\/2024\/10\/fblt1710242842915072099184569797-768x576.jpg 768w, https:\/\/contextoanalisisperiodistico.com\/wp-content\/uploads\/2024\/10\/fblt1710242842915072099184569797-1536x1152.jpg 1536w, https:\/\/contextoanalisisperiodistico.com\/wp-content\/uploads\/2024\/10\/fblt1710242842915072099184569797.jpg 1600w\" sizes=\"(max-width: 1024px) 100vw, 1024px\" \/><\/figure>\n","protected":false},"excerpt":{"rendered":"<p>&#8211; En la semana del 07 al 13 de octubre se realizaron 43 operativos en&#8230;<\/p>\n","protected":false},"author":4,"featured_media":32805,"comment_status":"closed","ping_status":"open","sticky":false,"template":"","format":"standard","meta":{"footnotes":""},"categories":[9],"tags":[192,171,22,26,45],"jetpack_sharing_enabled":true,"featured_image_urls":{"full":["https:\/\/contextoanalisisperiodistico.com\/wp-content\/uploads\/2024\/10\/FBLT17102428329.jpeg",1045,938,false],"thumbnail":["https:\/\/contextoanalisisperiodistico.com\/wp-content\/uploads\/2024\/10\/FBLT17102428329-150x150.jpeg",150,150,true],"medium":["https:\/\/contextoanalisisperiodistico.com\/wp-content\/uploads\/2024\/10\/FBLT17102428329-300x269.jpeg",300,269,true],"medium_large":["https:\/\/contextoanalisisperiodistico.com\/wp-content\/uploads\/2024\/10\/FBLT17102428329-768x689.jpeg",640,574,true],"large":["https:\/\/contextoanalisisperiodistico.com\/wp-content\/uploads\/2024\/10\/FBLT17102428329-1024x919.jpeg",640,574,true],"1536x1536":["https:\/\/contextoanalisisperiodistico.com\/wp-content\/uploads\/2024\/10\/FBLT17102428329.jpeg",1045,938,false],"2048x2048":["https:\/\/contextoanalisisperiodistico.com\/wp-content\/uploads\/2024\/10\/FBLT17102428329.jpeg",1045,938,false],"covernews-slider-full":["https:\/\/contextoanalisisperiodistico.com\/wp-content\/uploads\/2024\/10\/FBLT17102428329-1045x715.jpeg",1045,715,true],"covernews-slider-center":["https:\/\/contextoanalisisperiodistico.com\/wp-content\/uploads\/2024\/10\/FBLT17102428329-800x500.jpeg",800,500,true],"covernews-featured":["https:\/\/contextoanalisisperiodistico.com\/wp-content\/uploads\/2024\/10\/FBLT17102428329-1024x919.jpeg",1024,919,true],"covernews-medium":["https:\/\/contextoanalisisperiodistico.com\/wp-content\/uploads\/2024\/10\/FBLT17102428329-540x340.jpeg",540,340,true],"covernews-medium-square":["https:\/\/contextoanalisisperiodistico.com\/wp-content\/uploads\/2024\/10\/FBLT17102428329-400x250.jpeg",400,250,true]},"author_info":{"display_name":"Mario Gir\u00f3n","author_link":"https:\/\/contextoanalisisperiodistico.com\/index.php\/author\/director\/"},"category_info":"<a href=\"https:\/\/contextoanalisisperiodistico.com\/index.php\/category\/politica\/\" rel=\"category tag\">Pol\u00edtica<\/a>","tag_info":"Pol\u00edtica","comment_count":"0","jetpack_featured_media_url":"https:\/\/contextoanalisisperiodistico.com\/wp-content\/uploads\/2024\/10\/FBLT17102428329.jpeg","_links":{"self":[{"href":"https:\/\/contextoanalisisperiodistico.com\/index.php\/wp-json\/wp\/v2\/posts\/32809"}],"collection":[{"href":"https:\/\/contextoanalisisperiodistico.com\/index.php\/wp-json\/wp\/v2\/posts"}],"about":[{"href":"https:\/\/contextoanalisisperiodistico.com\/index.php\/wp-json\/wp\/v2\/types\/post"}],"author":[{"embeddable":true,"href":"https:\/\/contextoanalisisperiodistico.com\/index.php\/wp-json\/wp\/v2\/users\/4"}],"replies":[{"embeddable":true,"href":"https:\/\/contextoanalisisperiodistico.com\/index.php\/wp-json\/wp\/v2\/comments?post=32809"}],"version-history":[{"count":1,"href":"https:\/\/contextoanalisisperiodistico.com\/index.php\/wp-json\/wp\/v2\/posts\/32809\/revisions"}],"predecessor-version":[{"id":32811,"href":"https:\/\/contextoanalisisperiodistico.com\/index.php\/wp-json\/wp\/v2\/posts\/32809\/revisions\/32811"}],"wp:featuredmedia":[{"embeddable":true,"href":"https:\/\/contextoanalisisperiodistico.com\/index.php\/wp-json\/wp\/v2\/media\/32805"}],"wp:attachment":[{"href":"https:\/\/contextoanalisisperiodistico.com\/index.php\/wp-json\/wp\/v2\/media?parent=32809"}],"wp:term":[{"taxonomy":"category","embeddable":true,"href":"https:\/\/contextoanalisisperiodistico.com\/index.php\/wp-json\/wp\/v2\/categories?post=32809"},{"taxonomy":"post_tag","embeddable":true,"href":"https:\/\/contextoanalisisperiodistico.com\/index.php\/wp-json\/wp\/v2\/tags?post=32809"}],"curies":[{"name":"wp","href":"https:\/\/api.w.org\/{rel}","templated":true}]}}