{"id":32516,"date":"2024-10-11T21:16:59","date_gmt":"2024-10-12T03:16:59","guid":{"rendered":"https:\/\/contextoanalisisperiodistico.com\/index.php\/2024\/10\/11\/atiende-gobierno-de-oaxaca-necesidades-de-habitantes-de-paso-de-la-garrocha\/"},"modified":"2024-10-11T21:16:59","modified_gmt":"2024-10-12T03:16:59","slug":"atiende-gobierno-de-oaxaca-necesidades-de-habitantes-de-paso-de-la-garrocha","status":"publish","type":"post","link":"https:\/\/contextoanalisisperiodistico.com\/index.php\/2024\/10\/11\/atiende-gobierno-de-oaxaca-necesidades-de-habitantes-de-paso-de-la-garrocha\/","title":{"rendered":"Atiende Gobierno de Oaxaca necesidades de habitantes de Paso de la Garrocha"},"content":{"rendered":"<div id=\"fb-root\"><\/div>\n\n<p>\u2022 El Mandatario estatal inform\u00f3 que ya inici\u00f3 el censo a cargo de la Secretar\u00eda de Bienestar del Gobierno de M\u00e9xico para apoyar a las familias afectadas por el hurac\u00e1n John<\/p>\n\n\n\n<figure class=\"wp-block-image size-large\"><img fetchpriority=\"high\" decoding=\"async\" width=\"800\" height=\"533\" src=\"https:\/\/contextoanalisisperiodistico.com\/wp-content\/uploads\/2024\/10\/img-20241011-wa01622431950100773405015.jpg\" alt=\"\" class=\"wp-image-32512\" srcset=\"https:\/\/contextoanalisisperiodistico.com\/wp-content\/uploads\/2024\/10\/img-20241011-wa01622431950100773405015.jpg 800w, https:\/\/contextoanalisisperiodistico.com\/wp-content\/uploads\/2024\/10\/img-20241011-wa01622431950100773405015-300x200.jpg 300w, https:\/\/contextoanalisisperiodistico.com\/wp-content\/uploads\/2024\/10\/img-20241011-wa01622431950100773405015-768x512.jpg 768w\" sizes=\"(max-width: 800px) 100vw, 800px\" \/><\/figure>\n\n\n\n<figure class=\"wp-block-image\"><img decoding=\"async\" width=\"300\" height=\"200\" src=\"https:\/\/contextoanalisisperiodistico.com\/wp-content\/uploads\/2024\/10\/img-20241011-wa01608543467292953016701-300x200.jpg\" alt=\"\" class=\"wp-image-32514\" srcset=\"https:\/\/contextoanalisisperiodistico.com\/wp-content\/uploads\/2024\/10\/img-20241011-wa01608543467292953016701-300x200.jpg 300w, https:\/\/contextoanalisisperiodistico.com\/wp-content\/uploads\/2024\/10\/img-20241011-wa01608543467292953016701-768x512.jpg 768w, https:\/\/contextoanalisisperiodistico.com\/wp-content\/uploads\/2024\/10\/img-20241011-wa01608543467292953016701.jpg 900w\" sizes=\"(max-width: 300px) 100vw, 300px\" \/><\/figure>\n\n\n\n<figure class=\"wp-block-image\"><img decoding=\"async\" width=\"300\" height=\"200\" src=\"https:\/\/contextoanalisisperiodistico.com\/wp-content\/uploads\/2024\/10\/img-20241011-wa01618992552772992854235-300x200.jpg\" alt=\"\" class=\"wp-image-32513\" srcset=\"https:\/\/contextoanalisisperiodistico.com\/wp-content\/uploads\/2024\/10\/img-20241011-wa01618992552772992854235-300x200.jpg 300w, https:\/\/contextoanalisisperiodistico.com\/wp-content\/uploads\/2024\/10\/img-20241011-wa01618992552772992854235-768x512.jpg 768w, https:\/\/contextoanalisisperiodistico.com\/wp-content\/uploads\/2024\/10\/img-20241011-wa01618992552772992854235.jpg 800w\" sizes=\"(max-width: 300px) 100vw, 300px\" \/><\/figure>\n\n\n\n<figure class=\"wp-block-image\"><img loading=\"lazy\" decoding=\"async\" width=\"300\" height=\"200\" src=\"https:\/\/contextoanalisisperiodistico.com\/wp-content\/uploads\/2024\/10\/img-20241011-wa01633703716124437203073-300x200.jpg\" alt=\"\" class=\"wp-image-32515\" srcset=\"https:\/\/contextoanalisisperiodistico.com\/wp-content\/uploads\/2024\/10\/img-20241011-wa01633703716124437203073-300x200.jpg 300w, https:\/\/contextoanalisisperiodistico.com\/wp-content\/uploads\/2024\/10\/img-20241011-wa01633703716124437203073-768x512.jpg 768w, https:\/\/contextoanalisisperiodistico.com\/wp-content\/uploads\/2024\/10\/img-20241011-wa01633703716124437203073.jpg 900w\" sizes=\"(max-width: 300px) 100vw, 300px\" \/><\/figure>\n\n\n\n<p>Santiago Pinotepa Nacional, Oax. 11 de octubre de 2024.- El Gobernador Salom\u00f3n Jara Cruz refrend\u00f3 el apoyo de su gobierno para resarcir las necesidades de las y los habitantes de esta regi\u00f3n de la Costa que resultaron afectados por los remanentes del hurac\u00e1n John en d\u00edas pasados.<\/p>\n\n\n\n<p>\u201cEstamos visitando todas las comunidades, ayudando a nuestras hermanas y hermanos que fueron afectados\u201d, afirm\u00f3.<\/p>\n\n\n\n<p>Desde la comunidad de Paso de la Garrocha, el Mandatario estatal expres\u00f3 que, a fin de dar inicio a la etapa de reconstrucci\u00f3n, este jueves por instrucci\u00f3n de la Presidenta de M\u00e9xico Claudia Sheinbaum Pardo, las brigadas de Servidores de la Naci\u00f3n de la Secretar\u00eda de Bienestar del Gobierno Federal iniciaron el levantamiento del censo, casa por casa, para evaluar los da\u00f1os en vivienda y sus familias.<\/p>\n\n\n\n<p>Agreg\u00f3 que tambi\u00e9n se registran las afectaciones en los cultivos para apoyarlos mediante la Secretar\u00eda de Fomento Agroalimentario y Desarrollo Rural (Sefader), toda vez que esta comunidad registr\u00f3 la p\u00e9rdida total en producci\u00f3n de cacahuate, ma\u00edz, ajonjol\u00ed y jamaica.<\/p>\n\n\n\n<p>En este encuentro, el Mandatario estatal gir\u00f3 instrucciones a Caminos Bienestar para enviar maquinar\u00eda y realizar el rastreo de caminos. Tambi\u00e9n anunci\u00f3 apoyos para las instituciones de educaci\u00f3n b\u00e1sica en beneficio de la ni\u00f1ez.<\/p>\n\n\n\n<p>Ante la intensidad del hurac\u00e1n John, cuyas afectaciones pudieron ser mayores y tratarse de p\u00e9rdidas de vidas humanas, a trav\u00e9s de la Coordinaci\u00f3n Estatal de Protecci\u00f3n Civil y Gesti\u00f3n de Riesgos (CEPCyGR) se reconoci\u00f3 el trabajo de prevenci\u00f3n de las autoridades locales.<\/p>\n\n\n\n<p>-0-<\/p>\n","protected":false},"excerpt":{"rendered":"<p>\u2022 El Mandatario estatal inform\u00f3 que ya inici\u00f3 el censo a cargo de la Secretar\u00eda&#8230;<\/p>\n","protected":false},"author":4,"featured_media":32511,"comment_status":"","ping_status":"open","sticky":false,"template":"","format":"standard","meta":{"footnotes":""},"categories":[9],"tags":[],"jetpack_sharing_enabled":true,"featured_image_urls":{"full":["https:\/\/contextoanalisisperiodistico.com\/wp-content\/uploads\/2024\/10\/IMG-20241011-WA0164.jpg",900,600,false],"thumbnail":["https:\/\/contextoanalisisperiodistico.com\/wp-content\/uploads\/2024\/10\/IMG-20241011-WA0164-150x150.jpg",150,150,true],"medium":["https:\/\/contextoanalisisperiodistico.com\/wp-content\/uploads\/2024\/10\/IMG-20241011-WA0164-300x200.jpg",300,200,true],"medium_large":["https:\/\/contextoanalisisperiodistico.com\/wp-content\/uploads\/2024\/10\/IMG-20241011-WA0164-768x512.jpg",640,427,true],"large":["https:\/\/contextoanalisisperiodistico.com\/wp-content\/uploads\/2024\/10\/IMG-20241011-WA0164.jpg",640,427,false],"1536x1536":["https:\/\/contextoanalisisperiodistico.com\/wp-content\/uploads\/2024\/10\/IMG-20241011-WA0164.jpg",900,600,false],"2048x2048":["https:\/\/contextoanalisisperiodistico.com\/wp-content\/uploads\/2024\/10\/IMG-20241011-WA0164.jpg",900,600,false],"covernews-slider-full":["https:\/\/contextoanalisisperiodistico.com\/wp-content\/uploads\/2024\/10\/IMG-20241011-WA0164.jpg",900,600,false],"covernews-slider-center":["https:\/\/contextoanalisisperiodistico.com\/wp-content\/uploads\/2024\/10\/IMG-20241011-WA0164-800x500.jpg",800,500,true],"covernews-featured":["https:\/\/contextoanalisisperiodistico.com\/wp-content\/uploads\/2024\/10\/IMG-20241011-WA0164.jpg",900,600,false],"covernews-medium":["https:\/\/contextoanalisisperiodistico.com\/wp-content\/uploads\/2024\/10\/IMG-20241011-WA0164-540x340.jpg",540,340,true],"covernews-medium-square":["https:\/\/contextoanalisisperiodistico.com\/wp-content\/uploads\/2024\/10\/IMG-20241011-WA0164-400x250.jpg",400,250,true]},"author_info":{"display_name":"Mario Gir\u00f3n","author_link":"https:\/\/contextoanalisisperiodistico.com\/index.php\/author\/director\/"},"category_info":"<a href=\"https:\/\/contextoanalisisperiodistico.com\/index.php\/category\/politica\/\" rel=\"category tag\">Pol\u00edtica<\/a>","tag_info":"Pol\u00edtica","comment_count":"0","jetpack_featured_media_url":"https:\/\/contextoanalisisperiodistico.com\/wp-content\/uploads\/2024\/10\/IMG-20241011-WA0164.jpg","_links":{"self":[{"href":"https:\/\/contextoanalisisperiodistico.com\/index.php\/wp-json\/wp\/v2\/posts\/32516"}],"collection":[{"href":"https:\/\/contextoanalisisperiodistico.com\/index.php\/wp-json\/wp\/v2\/posts"}],"about":[{"href":"https:\/\/contextoanalisisperiodistico.com\/index.php\/wp-json\/wp\/v2\/types\/post"}],"author":[{"embeddable":true,"href":"https:\/\/contextoanalisisperiodistico.com\/index.php\/wp-json\/wp\/v2\/users\/4"}],"replies":[{"embeddable":true,"href":"https:\/\/contextoanalisisperiodistico.com\/index.php\/wp-json\/wp\/v2\/comments?post=32516"}],"version-history":[{"count":0,"href":"https:\/\/contextoanalisisperiodistico.com\/index.php\/wp-json\/wp\/v2\/posts\/32516\/revisions"}],"wp:featuredmedia":[{"embeddable":true,"href":"https:\/\/contextoanalisisperiodistico.com\/index.php\/wp-json\/wp\/v2\/media\/32511"}],"wp:attachment":[{"href":"https:\/\/contextoanalisisperiodistico.com\/index.php\/wp-json\/wp\/v2\/media?parent=32516"}],"wp:term":[{"taxonomy":"category","embeddable":true,"href":"https:\/\/contextoanalisisperiodistico.com\/index.php\/wp-json\/wp\/v2\/categories?post=32516"},{"taxonomy":"post_tag","embeddable":true,"href":"https:\/\/contextoanalisisperiodistico.com\/index.php\/wp-json\/wp\/v2\/tags?post=32516"}],"curies":[{"name":"wp","href":"https:\/\/api.w.org\/{rel}","templated":true}]}}