{"id":32504,"date":"2024-10-11T20:56:38","date_gmt":"2024-10-12T02:56:38","guid":{"rendered":"https:\/\/contextoanalisisperiodistico.com\/index.php\/2024\/10\/11\/como-una-muestra-para-el-mundo-inauguran-casa-oaxaca-en-la-capital-cervantina\/"},"modified":"2024-10-11T20:56:38","modified_gmt":"2024-10-12T02:56:38","slug":"como-una-muestra-para-el-mundo-inauguran-casa-oaxaca-en-la-capital-cervantina","status":"publish","type":"post","link":"https:\/\/contextoanalisisperiodistico.com\/index.php\/2024\/10\/11\/como-una-muestra-para-el-mundo-inauguran-casa-oaxaca-en-la-capital-cervantina\/","title":{"rendered":"Como una muestra para el mundo, inauguran Casa Oaxaca en la capital cervantina"},"content":{"rendered":"<div id=\"fb-root\"><\/div>\n\n<p>\u2022 Durante 17 d\u00edas se expone la riqueza cultural, gastron\u00f3mica, artesanal, social y productiva de las ocho regiones de la entidad<\/p>\n\n\n\n<figure class=\"wp-block-image size-large\"><img fetchpriority=\"high\" decoding=\"async\" width=\"900\" height=\"600\" src=\"https:\/\/contextoanalisisperiodistico.com\/wp-content\/uploads\/2024\/10\/img-20241011-wa01494285523360869873575.jpg\" alt=\"\" class=\"wp-image-32494\" srcset=\"https:\/\/contextoanalisisperiodistico.com\/wp-content\/uploads\/2024\/10\/img-20241011-wa01494285523360869873575.jpg 900w, https:\/\/contextoanalisisperiodistico.com\/wp-content\/uploads\/2024\/10\/img-20241011-wa01494285523360869873575-300x200.jpg 300w, https:\/\/contextoanalisisperiodistico.com\/wp-content\/uploads\/2024\/10\/img-20241011-wa01494285523360869873575-768x512.jpg 768w\" sizes=\"(max-width: 900px) 100vw, 900px\" \/><\/figure>\n\n\n\n<figure class=\"wp-block-image\"><img decoding=\"async\" width=\"1024\" height=\"683\" src=\"https:\/\/contextoanalisisperiodistico.com\/wp-content\/uploads\/2024\/10\/img-20241011-wa01482065344941699900329-1024x683.jpg\" alt=\"\" class=\"wp-image-32495\" srcset=\"https:\/\/contextoanalisisperiodistico.com\/wp-content\/uploads\/2024\/10\/img-20241011-wa01482065344941699900329-1024x683.jpg 1024w, https:\/\/contextoanalisisperiodistico.com\/wp-content\/uploads\/2024\/10\/img-20241011-wa01482065344941699900329-300x200.jpg 300w, https:\/\/contextoanalisisperiodistico.com\/wp-content\/uploads\/2024\/10\/img-20241011-wa01482065344941699900329-768x512.jpg 768w, https:\/\/contextoanalisisperiodistico.com\/wp-content\/uploads\/2024\/10\/img-20241011-wa01482065344941699900329-1536x1024.jpg 1536w, https:\/\/contextoanalisisperiodistico.com\/wp-content\/uploads\/2024\/10\/img-20241011-wa01482065344941699900329.jpg 1600w\" sizes=\"(max-width: 1024px) 100vw, 1024px\" \/><\/figure>\n\n\n\n<figure class=\"wp-block-image\"><img decoding=\"async\" width=\"300\" height=\"200\" src=\"https:\/\/contextoanalisisperiodistico.com\/wp-content\/uploads\/2024\/10\/img-20241011-wa01518128619894295558446-300x200.jpg\" alt=\"\" class=\"wp-image-32492\" srcset=\"https:\/\/contextoanalisisperiodistico.com\/wp-content\/uploads\/2024\/10\/img-20241011-wa01518128619894295558446-300x200.jpg 300w, https:\/\/contextoanalisisperiodistico.com\/wp-content\/uploads\/2024\/10\/img-20241011-wa01518128619894295558446-768x512.jpg 768w, https:\/\/contextoanalisisperiodistico.com\/wp-content\/uploads\/2024\/10\/img-20241011-wa01518128619894295558446.jpg 800w\" sizes=\"(max-width: 300px) 100vw, 300px\" \/><\/figure>\n\n\n\n<figure class=\"wp-block-image\"><img loading=\"lazy\" decoding=\"async\" width=\"300\" height=\"200\" src=\"https:\/\/contextoanalisisperiodistico.com\/wp-content\/uploads\/2024\/10\/img-20241011-wa01503061515947408316467-300x200.jpg\" alt=\"\" class=\"wp-image-32496\" srcset=\"https:\/\/contextoanalisisperiodistico.com\/wp-content\/uploads\/2024\/10\/img-20241011-wa01503061515947408316467-300x200.jpg 300w, https:\/\/contextoanalisisperiodistico.com\/wp-content\/uploads\/2024\/10\/img-20241011-wa01503061515947408316467-768x512.jpg 768w, https:\/\/contextoanalisisperiodistico.com\/wp-content\/uploads\/2024\/10\/img-20241011-wa01503061515947408316467.jpg 960w\" sizes=\"(max-width: 300px) 100vw, 300px\" \/><\/figure>\n\n\n\n<figure class=\"wp-block-image\"><img loading=\"lazy\" decoding=\"async\" width=\"300\" height=\"200\" src=\"https:\/\/contextoanalisisperiodistico.com\/wp-content\/uploads\/2024\/10\/img-20241011-wa01537272583388724879114-300x200.jpg\" alt=\"\" class=\"wp-image-32493\" srcset=\"https:\/\/contextoanalisisperiodistico.com\/wp-content\/uploads\/2024\/10\/img-20241011-wa01537272583388724879114-300x200.jpg 300w, https:\/\/contextoanalisisperiodistico.com\/wp-content\/uploads\/2024\/10\/img-20241011-wa01537272583388724879114-768x512.jpg 768w, https:\/\/contextoanalisisperiodistico.com\/wp-content\/uploads\/2024\/10\/img-20241011-wa01537272583388724879114.jpg 900w\" sizes=\"(max-width: 300px) 100vw, 300px\" \/><\/figure>\n\n\n\n<figure class=\"wp-block-image\"><img loading=\"lazy\" decoding=\"async\" width=\"300\" height=\"200\" src=\"https:\/\/contextoanalisisperiodistico.com\/wp-content\/uploads\/2024\/10\/img-20241011-wa01571525916291597299245-300x200.jpg\" alt=\"\" class=\"wp-image-32497\" srcset=\"https:\/\/contextoanalisisperiodistico.com\/wp-content\/uploads\/2024\/10\/img-20241011-wa01571525916291597299245-300x200.jpg 300w, https:\/\/contextoanalisisperiodistico.com\/wp-content\/uploads\/2024\/10\/img-20241011-wa01571525916291597299245-768x511.jpg 768w, https:\/\/contextoanalisisperiodistico.com\/wp-content\/uploads\/2024\/10\/img-20241011-wa01571525916291597299245.jpg 900w\" sizes=\"(max-width: 300px) 100vw, 300px\" \/><\/figure>\n\n\n\n<figure class=\"wp-block-image\"><img loading=\"lazy\" decoding=\"async\" width=\"300\" height=\"184\" src=\"https:\/\/contextoanalisisperiodistico.com\/wp-content\/uploads\/2024\/10\/img-20241011-wa01564958198311904118229-300x184.jpg\" alt=\"\" class=\"wp-image-32498\" srcset=\"https:\/\/contextoanalisisperiodistico.com\/wp-content\/uploads\/2024\/10\/img-20241011-wa01564958198311904118229-300x184.jpg 300w, https:\/\/contextoanalisisperiodistico.com\/wp-content\/uploads\/2024\/10\/img-20241011-wa01564958198311904118229-768x472.jpg 768w, https:\/\/contextoanalisisperiodistico.com\/wp-content\/uploads\/2024\/10\/img-20241011-wa01564958198311904118229.jpg 900w\" sizes=\"(max-width: 300px) 100vw, 300px\" \/><\/figure>\n\n\n\n<figure class=\"wp-block-image\"><img loading=\"lazy\" decoding=\"async\" width=\"300\" height=\"200\" src=\"https:\/\/contextoanalisisperiodistico.com\/wp-content\/uploads\/2024\/10\/img-20241011-wa015411317183778091445-300x200.jpg\" alt=\"\" class=\"wp-image-32499\" srcset=\"https:\/\/contextoanalisisperiodistico.com\/wp-content\/uploads\/2024\/10\/img-20241011-wa015411317183778091445-300x200.jpg 300w, https:\/\/contextoanalisisperiodistico.com\/wp-content\/uploads\/2024\/10\/img-20241011-wa015411317183778091445-768x511.jpg 768w, https:\/\/contextoanalisisperiodistico.com\/wp-content\/uploads\/2024\/10\/img-20241011-wa015411317183778091445.jpg 900w\" sizes=\"(max-width: 300px) 100vw, 300px\" \/><\/figure>\n\n\n\n<figure class=\"wp-block-image\"><img loading=\"lazy\" decoding=\"async\" width=\"300\" height=\"184\" src=\"https:\/\/contextoanalisisperiodistico.com\/wp-content\/uploads\/2024\/10\/img-20241011-wa01555049508701424602928-300x184.jpg\" alt=\"\" class=\"wp-image-32500\" srcset=\"https:\/\/contextoanalisisperiodistico.com\/wp-content\/uploads\/2024\/10\/img-20241011-wa01555049508701424602928-300x184.jpg 300w, https:\/\/contextoanalisisperiodistico.com\/wp-content\/uploads\/2024\/10\/img-20241011-wa01555049508701424602928-768x470.jpg 768w, https:\/\/contextoanalisisperiodistico.com\/wp-content\/uploads\/2024\/10\/img-20241011-wa01555049508701424602928.jpg 900w\" sizes=\"(max-width: 300px) 100vw, 300px\" \/><\/figure>\n\n\n\n<figure class=\"wp-block-image\"><img loading=\"lazy\" decoding=\"async\" width=\"300\" height=\"200\" src=\"https:\/\/contextoanalisisperiodistico.com\/wp-content\/uploads\/2024\/10\/img-20241011-wa01591513296676370383036-300x200.jpg\" alt=\"\" class=\"wp-image-32501\" srcset=\"https:\/\/contextoanalisisperiodistico.com\/wp-content\/uploads\/2024\/10\/img-20241011-wa01591513296676370383036-300x200.jpg 300w, https:\/\/contextoanalisisperiodistico.com\/wp-content\/uploads\/2024\/10\/img-20241011-wa01591513296676370383036-768x512.jpg 768w, https:\/\/contextoanalisisperiodistico.com\/wp-content\/uploads\/2024\/10\/img-20241011-wa01591513296676370383036.jpg 800w\" sizes=\"(max-width: 300px) 100vw, 300px\" \/><\/figure>\n\n\n\n<figure class=\"wp-block-image\"><img loading=\"lazy\" decoding=\"async\" width=\"300\" height=\"179\" src=\"https:\/\/contextoanalisisperiodistico.com\/wp-content\/uploads\/2024\/10\/img-20241011-wa01586800383313095210556-300x179.jpg\" alt=\"\" class=\"wp-image-32502\" srcset=\"https:\/\/contextoanalisisperiodistico.com\/wp-content\/uploads\/2024\/10\/img-20241011-wa01586800383313095210556-300x179.jpg 300w, https:\/\/contextoanalisisperiodistico.com\/wp-content\/uploads\/2024\/10\/img-20241011-wa01586800383313095210556-768x457.jpg 768w, https:\/\/contextoanalisisperiodistico.com\/wp-content\/uploads\/2024\/10\/img-20241011-wa01586800383313095210556.jpg 900w\" sizes=\"(max-width: 300px) 100vw, 300px\" \/><\/figure>\n\n\n\n<figure class=\"wp-block-image\"><img loading=\"lazy\" decoding=\"async\" width=\"1024\" height=\"614\" src=\"https:\/\/contextoanalisisperiodistico.com\/wp-content\/uploads\/2024\/10\/img-20241011-wa01473268532297506428700-1024x614.jpg\" alt=\"\" class=\"wp-image-32503\" srcset=\"https:\/\/contextoanalisisperiodistico.com\/wp-content\/uploads\/2024\/10\/img-20241011-wa01473268532297506428700-1024x614.jpg 1024w, https:\/\/contextoanalisisperiodistico.com\/wp-content\/uploads\/2024\/10\/img-20241011-wa01473268532297506428700-300x180.jpg 300w, https:\/\/contextoanalisisperiodistico.com\/wp-content\/uploads\/2024\/10\/img-20241011-wa01473268532297506428700-768x461.jpg 768w, https:\/\/contextoanalisisperiodistico.com\/wp-content\/uploads\/2024\/10\/img-20241011-wa01473268532297506428700.jpg 1280w\" sizes=\"(max-width: 1024px) 100vw, 1024px\" \/><\/figure>\n\n\n\n<p>Guanajuato, Gto. 11 de octubre de 2024.- Como muestra de la hermandad entre ambas entidades que expresan al mundo, fue inaugurada la Casa Oaxaca en el coraz\u00f3n de Guanajuato, lugar que muestra la riqueza cultural, gastron\u00f3mica, artesanal, social y productiva de las ocho regiones de la entidad.<\/p>\n\n\n\n<p>En el marco de la edici\u00f3n 52 del Festival Internacional Cervantino (FIC), al que la entidad es invitada de honor, se realiz\u00f3 esta apertura que cont\u00f3 con la asistencia de representantes de los gobiernos de M\u00e9xico, Oaxaca y Guanajuato, as\u00ed como de Brasil, y la representante de la Diosa Cent\u00e9otl 2024 Juana Hern\u00e1ndez L\u00f3pez.<\/p>\n\n\n\n<p>Durante 17 d\u00edas, Casa Oaxaca estar\u00e1 en la capital cervantina, encuentro m\u00e1s importante de Am\u00e9rica Latina, para mostrar productos que reflejan la diversidad y riqueza de las regiones como del sector agroindustrial, destilados, cerveza y caf\u00e9, s\u00edmbolos de la dedicaci\u00f3n productiva de la gente; as\u00ed como artesan\u00edas que muestran la creatividad y destreza de personas artesanas que conecta con la esencia y esp\u00edritu de la entidad.<\/p>\n\n\n\n<p>Participan 60 productoras, productores, artesanas y artesanos de las ocho regiones de la entidad y quienes comparten la cosmovisi\u00f3n de la tierra oaxaque\u00f1a; adem\u00e1s se busca fomentar el desarrollo econ\u00f3mico y la inversi\u00f3n hacia la entidad y con ello despertar un inter\u00e9s que transcienda al FIC.<\/p>\n\n\n\n<p>Ante la gobernadora de Guanajuato, Libia Dennise Garc\u00eda Mu\u00f1oz Ledo, el secretario de las Culturas y Artes de Oaxaca, V\u00edctor Cata, quien asisti\u00f3 con la representaci\u00f3n del Mandatario oaxaque\u00f1o Salom\u00f3n Jara Cruz, destac\u00f3 que en este espacio se mostrar\u00e1 la riqueza tradicional de los pueblos originarios y compartir\u00e1 con el mundo.<\/p>\n\n\n\n<p>\u201cEs una oportunidad para que cada visitante conozca la entidad y se creen v\u00ednculos de hermandad que perduren para siempre\u201d, dijo ante Claudia Curiel de Icaza, secretaria de Cultura del Gobierno de M\u00e9xico.<\/p>\n\n\n\n<p>A su vez, la gobernadora Garc\u00eda Mu\u00f1oz expres\u00f3 su benepl\u00e1cito por la presencia de Oaxaca en Guanajuato que permitir\u00e1 disfrutar de la belleza que la entidad posee, una cultura milenaria en la que M\u00e9xico est\u00e1 orgullosa de sus ra\u00edces.<\/p>\n\n\n\n<p>Se cont\u00f3 con la participaci\u00f3n de la secretaria de Turismo (Sectur Oaxaca), Saymi Pineda Velasco y el titular de la Secretar\u00eda de Desarrollo Econ\u00f3mico (Sedeco), Ra\u00fal Ruiz Robles, quienes expusieron los atractivos que brinda la entidad para que sea visitado, as\u00ed como el potencial econ\u00f3mico que posee.<\/p>\n\n\n\n<p>-0-<\/p>\n","protected":false},"excerpt":{"rendered":"<p>\u2022 Durante 17 d\u00edas se expone la riqueza cultural, gastron\u00f3mica, artesanal, social y productiva de&#8230;<\/p>\n","protected":false},"author":4,"featured_media":32491,"comment_status":"","ping_status":"open","sticky":false,"template":"","format":"standard","meta":{"footnotes":""},"categories":[9],"tags":[],"jetpack_sharing_enabled":true,"featured_image_urls":{"full":["https:\/\/contextoanalisisperiodistico.com\/wp-content\/uploads\/2024\/10\/IMG-20241011-WA0152.jpg",800,533,false],"thumbnail":["https:\/\/contextoanalisisperiodistico.com\/wp-content\/uploads\/2024\/10\/IMG-20241011-WA0152-150x150.jpg",150,150,true],"medium":["https:\/\/contextoanalisisperiodistico.com\/wp-content\/uploads\/2024\/10\/IMG-20241011-WA0152-300x200.jpg",300,200,true],"medium_large":["https:\/\/contextoanalisisperiodistico.com\/wp-content\/uploads\/2024\/10\/IMG-20241011-WA0152-768x512.jpg",640,427,true],"large":["https:\/\/contextoanalisisperiodistico.com\/wp-content\/uploads\/2024\/10\/IMG-20241011-WA0152.jpg",640,426,false],"1536x1536":["https:\/\/contextoanalisisperiodistico.com\/wp-content\/uploads\/2024\/10\/IMG-20241011-WA0152.jpg",800,533,false],"2048x2048":["https:\/\/contextoanalisisperiodistico.com\/wp-content\/uploads\/2024\/10\/IMG-20241011-WA0152.jpg",800,533,false],"covernews-slider-full":["https:\/\/contextoanalisisperiodistico.com\/wp-content\/uploads\/2024\/10\/IMG-20241011-WA0152.jpg",800,533,false],"covernews-slider-center":["https:\/\/contextoanalisisperiodistico.com\/wp-content\/uploads\/2024\/10\/IMG-20241011-WA0152-800x500.jpg",800,500,true],"covernews-featured":["https:\/\/contextoanalisisperiodistico.com\/wp-content\/uploads\/2024\/10\/IMG-20241011-WA0152.jpg",800,533,false],"covernews-medium":["https:\/\/contextoanalisisperiodistico.com\/wp-content\/uploads\/2024\/10\/IMG-20241011-WA0152-540x340.jpg",540,340,true],"covernews-medium-square":["https:\/\/contextoanalisisperiodistico.com\/wp-content\/uploads\/2024\/10\/IMG-20241011-WA0152-400x250.jpg",400,250,true]},"author_info":{"display_name":"Mario Gir\u00f3n","author_link":"https:\/\/contextoanalisisperiodistico.com\/index.php\/author\/director\/"},"category_info":"<a href=\"https:\/\/contextoanalisisperiodistico.com\/index.php\/category\/politica\/\" rel=\"category tag\">Pol\u00edtica<\/a>","tag_info":"Pol\u00edtica","comment_count":"0","jetpack_featured_media_url":"https:\/\/contextoanalisisperiodistico.com\/wp-content\/uploads\/2024\/10\/IMG-20241011-WA0152.jpg","_links":{"self":[{"href":"https:\/\/contextoanalisisperiodistico.com\/index.php\/wp-json\/wp\/v2\/posts\/32504"}],"collection":[{"href":"https:\/\/contextoanalisisperiodistico.com\/index.php\/wp-json\/wp\/v2\/posts"}],"about":[{"href":"https:\/\/contextoanalisisperiodistico.com\/index.php\/wp-json\/wp\/v2\/types\/post"}],"author":[{"embeddable":true,"href":"https:\/\/contextoanalisisperiodistico.com\/index.php\/wp-json\/wp\/v2\/users\/4"}],"replies":[{"embeddable":true,"href":"https:\/\/contextoanalisisperiodistico.com\/index.php\/wp-json\/wp\/v2\/comments?post=32504"}],"version-history":[{"count":0,"href":"https:\/\/contextoanalisisperiodistico.com\/index.php\/wp-json\/wp\/v2\/posts\/32504\/revisions"}],"wp:featuredmedia":[{"embeddable":true,"href":"https:\/\/contextoanalisisperiodistico.com\/index.php\/wp-json\/wp\/v2\/media\/32491"}],"wp:attachment":[{"href":"https:\/\/contextoanalisisperiodistico.com\/index.php\/wp-json\/wp\/v2\/media?parent=32504"}],"wp:term":[{"taxonomy":"category","embeddable":true,"href":"https:\/\/contextoanalisisperiodistico.com\/index.php\/wp-json\/wp\/v2\/categories?post=32504"},{"taxonomy":"post_tag","embeddable":true,"href":"https:\/\/contextoanalisisperiodistico.com\/index.php\/wp-json\/wp\/v2\/tags?post=32504"}],"curies":[{"name":"wp","href":"https:\/\/api.w.org\/{rel}","templated":true}]}}